
{"id":9967,"date":"2008-08-24T20:21:27","date_gmt":"2008-08-24T19:21:27","guid":{"rendered":"http:\/\/adamczewscy.pl\/?p=2112"},"modified":"2008-08-24T20:21:27","modified_gmt":"2008-08-24T19:21:27","slug":"zupa-wloska-2","status":"publish","type":"post","link":"https:\/\/blog.polityka.pl\/adamczewski\/2008\/08\/24\/zupa-wloska-2\/","title":{"rendered":"Zupa w\u0142oska"},"content":{"rendered":"<p><em>4 du\u017ce mi\u0119siste pomidory, cebula, 4 szklanki roso\u0142u z kostki, gar\u015b\u0107 cienkiego makaronu, p\u00f3\u0142 szklanki startego ostrego \u017c\u00f3\u0142tego sera, 2 \u0142y\u017cki mas\u0142a, \u0142y\u017cka siekanego szczypiorku, s\u00f3l.\u00a0<\/em><\/p>\n<p>1. Pomidory  pokroi\u0107, wraz z mas\u0142em i posiekan\u0105 cebul\u0105 w\u0142o\u017cy\u0107 do garnka i dusi\u0107 a\u017c zupe\u0142nie si\u0119 rozgotuj\u0105 na puree. Zmiksowa\u0107, przetrze\u0107 przez durszlak, aby usun\u0105\u0107 sk\u00f3rki i pestki. Doda\u0107 ros\u00f3\u0142, zagotowa\u0107, doprawi\u0107 w razie potrzeby sol\u0105.<br \/>\n2. Makaron ugotowa\u0107 w posolonej wodzie, odcedzi\u0107.<br \/>\n3. Podawa\u0107 z fili\u017cankach,  w kt\u00f3rych umie\u015bci\u0107 na dnie po trochu startego sera i makaronu.<\/p>\n","protected":false},"excerpt":{"rendered":"<p>4 du\u017ce mi\u0119siste pomidory, cebula, 4 szklanki roso\u0142u z kostki, gar\u015b\u0107 cienkiego makaronu, p\u00f3\u0142 szklanki startego ostrego \u017c\u00f3\u0142tego sera, 2 \u0142y\u017cki mas\u0142a, \u0142y\u017cka siekanego szczypiorku, s\u00f3l.\u00a0 1. Pomidory pokroi\u0107, wraz z mas\u0142em i posiekan\u0105 cebul\u0105 w\u0142o\u017cy\u0107 do garnka i dusi\u0107 a\u017c zupe\u0142nie si\u0119 rozgotuj\u0105 na puree. Zmiksowa\u0107, przetrze\u0107 przez durszlak, aby usun\u0105\u0107 sk\u00f3rki i pestki. [&hellip;]<\/p>\n","protected":false},"author":2,"featured_media":0,"comment_status":"open","ping_status":"open","sticky":false,"template":"","format":"standard","meta":{"footnotes":""},"categories":[1],"tags":[],"_links":{"self":[{"href":"https:\/\/blog.polityka.pl\/adamczewski\/wp-json\/wp\/v2\/posts\/9967"}],"collection":[{"href":"https:\/\/blog.polityka.pl\/adamczewski\/wp-json\/wp\/v2\/posts"}],"about":[{"href":"https:\/\/blog.polityka.pl\/adamczewski\/wp-json\/wp\/v2\/types\/post"}],"author":[{"embeddable":true,"href":"https:\/\/blog.polityka.pl\/adamczewski\/wp-json\/wp\/v2\/users\/2"}],"replies":[{"embeddable":true,"href":"https:\/\/blog.polityka.pl\/adamczewski\/wp-json\/wp\/v2\/comments?post=9967"}],"version-history":[{"count":0,"href":"https:\/\/blog.polityka.pl\/adamczewski\/wp-json\/wp\/v2\/posts\/9967\/revisions"}],"wp:attachment":[{"href":"https:\/\/blog.polityka.pl\/adamczewski\/wp-json\/wp\/v2\/media?parent=9967"}],"wp:term":[{"taxonomy":"category","embeddable":true,"href":"https:\/\/blog.polityka.pl\/adamczewski\/wp-json\/wp\/v2\/categories?post=9967"},{"taxonomy":"post_tag","embeddable":true,"href":"https:\/\/blog.polityka.pl\/adamczewski\/wp-json\/wp\/v2\/tags?post=9967"}],"curies":[{"name":"wp","href":"https:\/\/api.w.org\/{rel}","templated":true}]}}