
{"id":9968,"date":"2008-08-24T20:22:02","date_gmt":"2008-08-24T19:22:02","guid":{"rendered":"http:\/\/adamczewscy.pl\/?p=2113"},"modified":"2008-08-24T20:22:02","modified_gmt":"2008-08-24T19:22:02","slug":"zupa-selerowa-z-groszkiem","status":"publish","type":"post","link":"https:\/\/blog.polityka.pl\/adamczewski\/2008\/08\/24\/zupa-selerowa-z-groszkiem\/","title":{"rendered":"Zupa selerowa z groszkiem"},"content":{"rendered":"<p><em>2 du\u017ce selery, cebula, 2 \u0142y\u017cki mas\u0142a, \u0142y\u017cka m\u0105ki,  szklanka zielonego groszku (mo\u017ce by\u0107 konserwowy z puszki). Na wywar: 2 marchwie,  por, kawa\u0142ek selera, pietruszka lub 2 kostki roso\u0142u warzywnego, s\u00f3l, pieprz.<\/em><\/p>\n<p>1. Ugotowa\u0107 wywar z warzyw lub rozpu\u015bci\u0107 w 4 szklankach wody kostki roso\u0142u warzywnego.<br \/>\n2. Selery obra\u0107, umy\u0107 i pokroi\u0107 w niewielkie kawa\u0142ki.<br \/>\n3. Cebul\u0119 obra\u0107, posieka\u0107<br \/>\n4. Na \u0142y\u017cce mas\u0142a dusi\u0107 selery i cebul\u0119 podlewaj\u0105c po trochu wywarem. Kiedy selery zmi\u0119kn\u0105 zmiksowa\u0107 zup\u0119. Doda\u0107 pozosta\u0142y wywar lub ros\u00f3\u0142.<br \/>\n5. Z \u0142y\u017cki mas\u0142a i \u0142y\u017cki m\u0105ki przygotowa\u0107 zasma\u017ck\u0119, a kiedy spieni si\u0119 i zbieleje po\u0142\u0105czy\u0107 z zup\u0105, doda\u0107 zielony groszek. Zagotowa\u0107 doprawiaj\u0105c,  o ile trzeba , sol\u0105 i pieprzem.<\/p>\n","protected":false},"excerpt":{"rendered":"<p>2 du\u017ce selery, cebula, 2 \u0142y\u017cki mas\u0142a, \u0142y\u017cka m\u0105ki, szklanka zielonego groszku (mo\u017ce by\u0107 konserwowy z puszki). Na wywar: 2 marchwie, por, kawa\u0142ek selera, pietruszka lub 2 kostki roso\u0142u warzywnego, s\u00f3l, pieprz. 1. Ugotowa\u0107 wywar z warzyw lub rozpu\u015bci\u0107 w 4 szklankach wody kostki roso\u0142u warzywnego. 2. Selery obra\u0107, umy\u0107 i pokroi\u0107 w niewielkie kawa\u0142ki. [&hellip;]<\/p>\n","protected":false},"author":2,"featured_media":0,"comment_status":"open","ping_status":"open","sticky":false,"template":"","format":"standard","meta":{"footnotes":""},"categories":[1],"tags":[],"_links":{"self":[{"href":"https:\/\/blog.polityka.pl\/adamczewski\/wp-json\/wp\/v2\/posts\/9968"}],"collection":[{"href":"https:\/\/blog.polityka.pl\/adamczewski\/wp-json\/wp\/v2\/posts"}],"about":[{"href":"https:\/\/blog.polityka.pl\/adamczewski\/wp-json\/wp\/v2\/types\/post"}],"author":[{"embeddable":true,"href":"https:\/\/blog.polityka.pl\/adamczewski\/wp-json\/wp\/v2\/users\/2"}],"replies":[{"embeddable":true,"href":"https:\/\/blog.polityka.pl\/adamczewski\/wp-json\/wp\/v2\/comments?post=9968"}],"version-history":[{"count":0,"href":"https:\/\/blog.polityka.pl\/adamczewski\/wp-json\/wp\/v2\/posts\/9968\/revisions"}],"wp:attachment":[{"href":"https:\/\/blog.polityka.pl\/adamczewski\/wp-json\/wp\/v2\/media?parent=9968"}],"wp:term":[{"taxonomy":"category","embeddable":true,"href":"https:\/\/blog.polityka.pl\/adamczewski\/wp-json\/wp\/v2\/categories?post=9968"},{"taxonomy":"post_tag","embeddable":true,"href":"https:\/\/blog.polityka.pl\/adamczewski\/wp-json\/wp\/v2\/tags?post=9968"}],"curies":[{"name":"wp","href":"https:\/\/api.w.org\/{rel}","templated":true}]}}