
{"id":9969,"date":"2008-08-24T20:22:36","date_gmt":"2008-08-24T19:22:36","guid":{"rendered":"http:\/\/adamczewscy.pl\/?p=2114"},"modified":"2008-08-24T20:22:36","modified_gmt":"2008-08-24T19:22:36","slug":"zupa-sliwkowa","status":"publish","type":"post","link":"https:\/\/blog.polityka.pl\/adamczewski\/2008\/08\/24\/zupa-sliwkowa\/","title":{"rendered":"Zupa \u015bliwkowa"},"content":{"rendered":"<p><em>P\u00f3\u0142 kilo \u015bwie\u017cych \u015bliwek, 3 \u0142y\u017cki cukru, szklanka \u015bmietany 12- proc., \u0142y\u017cka m\u0105ki.<br \/>\nNa grzanki :8 kromek chleba tostowego, \u0142y\u017ceczka mas\u0142a.\u00a0<\/em><\/p>\n<p>1. \u015aliwki umy\u0107, poprzekrawa\u0107  wszystkie na po\u0142owy i usun\u0105\u0107 pestki.<br \/>\n2. \u015aliwki zala\u0107 3 szklankami wody i ugotowa\u0107 do mi\u0119kko\u015bci, ostudzi\u0107 lekko i zmiksowa\u0107.<br \/>\n3. Os\u0142odzi\u0107 zup\u0119, wymiesza\u0107 \u015bmietan\u0119 z m\u0105k\u0105 i po\u0142\u0105czy\u0107 z zup\u0105, po czym zagotowa\u0107.<br \/>\n4. Pokroi\u0107 chleb tostowy na niewielkie kosteczki, podsma\u017cy\u0107 na suchej patelni i kiedy si\u0119 zrumieni\u0105 poda\u0107 do zupy \u015bliwkowej w osobnej salaterce.<\/p>\n<p>Zup\u0119 mo\u017cna podawa\u0107 na ciep\u0142o a w ciep\u0142e letnie dni na zimno.<\/p>\n","protected":false},"excerpt":{"rendered":"<p>P\u00f3\u0142 kilo \u015bwie\u017cych \u015bliwek, 3 \u0142y\u017cki cukru, szklanka \u015bmietany 12- proc., \u0142y\u017cka m\u0105ki. Na grzanki :8 kromek chleba tostowego, \u0142y\u017ceczka mas\u0142a.\u00a0 1. \u015aliwki umy\u0107, poprzekrawa\u0107 wszystkie na po\u0142owy i usun\u0105\u0107 pestki. 2. \u015aliwki zala\u0107 3 szklankami wody i ugotowa\u0107 do mi\u0119kko\u015bci, ostudzi\u0107 lekko i zmiksowa\u0107. 3. Os\u0142odzi\u0107 zup\u0119, wymiesza\u0107 \u015bmietan\u0119 z m\u0105k\u0105 i po\u0142\u0105czy\u0107 z [&hellip;]<\/p>\n","protected":false},"author":2,"featured_media":0,"comment_status":"open","ping_status":"open","sticky":false,"template":"","format":"standard","meta":{"footnotes":""},"categories":[1],"tags":[],"_links":{"self":[{"href":"https:\/\/blog.polityka.pl\/adamczewski\/wp-json\/wp\/v2\/posts\/9969"}],"collection":[{"href":"https:\/\/blog.polityka.pl\/adamczewski\/wp-json\/wp\/v2\/posts"}],"about":[{"href":"https:\/\/blog.polityka.pl\/adamczewski\/wp-json\/wp\/v2\/types\/post"}],"author":[{"embeddable":true,"href":"https:\/\/blog.polityka.pl\/adamczewski\/wp-json\/wp\/v2\/users\/2"}],"replies":[{"embeddable":true,"href":"https:\/\/blog.polityka.pl\/adamczewski\/wp-json\/wp\/v2\/comments?post=9969"}],"version-history":[{"count":0,"href":"https:\/\/blog.polityka.pl\/adamczewski\/wp-json\/wp\/v2\/posts\/9969\/revisions"}],"wp:attachment":[{"href":"https:\/\/blog.polityka.pl\/adamczewski\/wp-json\/wp\/v2\/media?parent=9969"}],"wp:term":[{"taxonomy":"category","embeddable":true,"href":"https:\/\/blog.polityka.pl\/adamczewski\/wp-json\/wp\/v2\/categories?post=9969"},{"taxonomy":"post_tag","embeddable":true,"href":"https:\/\/blog.polityka.pl\/adamczewski\/wp-json\/wp\/v2\/tags?post=9969"}],"curies":[{"name":"wp","href":"https:\/\/api.w.org\/{rel}","templated":true}]}}