
{"id":9970,"date":"2008-08-24T20:23:07","date_gmt":"2008-08-24T19:23:07","guid":{"rendered":"http:\/\/adamczewscy.pl\/?p=2115"},"modified":"2008-08-24T20:23:07","modified_gmt":"2008-08-24T19:23:07","slug":"schabowe-pod-kolderka","status":"publish","type":"post","link":"https:\/\/blog.polityka.pl\/adamczewski\/2008\/08\/24\/schabowe-pod-kolderka\/","title":{"rendered":"Schabowe pod ko\u0142derk\u0105"},"content":{"rendered":"<p><em>4 kotlety ze schabu \u015brodkowego, najlepiej bez ko\u015bci, 2 brzoskwinie lub du\u017ce morele (mog\u0105 by\u0107 z kompotu) 4 plasterki mozzarelli (grubo\u015bci oko\u0142o p\u00f3\u0142 cm), 2 \u0142y\u017cki oliwy, s\u00f3l, pieprz.\u00a0<\/em><\/p>\n<p>1. Mi\u0119so zbi\u0107 formuj\u0105c cienkie, owalne p\u0142aty, najlepiej  mniej wi\u0119cej wielko\u015bci  plasterk\u00f3w sera. Mi\u0119so opr\u00f3szy\u0107 sol\u0105 i pieprzem obsma\u017cy\u0107 na oliwie.<br \/>\n2. Pozosta\u0142\u0105 od sma\u017cenia oliw\u0119 przela\u0107  na \u017caroodporny p\u00f3\u0142misek, u\u0142o\u017cy\u0107 na nim mi\u0119so, na ka\u017cdym kawa\u0142ku po\u0142\u00f3wk\u0119  moreli  lub brzoskwini i ca\u0142o\u015b\u0107 okry\u0107 plasterkiem sera.<br \/>\n3. Zapieka\u0107 w temperaturze 200 st C, a\u017c ser si\u0119 stopi.<\/p>\n","protected":false},"excerpt":{"rendered":"<p>4 kotlety ze schabu \u015brodkowego, najlepiej bez ko\u015bci, 2 brzoskwinie lub du\u017ce morele (mog\u0105 by\u0107 z kompotu) 4 plasterki mozzarelli (grubo\u015bci oko\u0142o p\u00f3\u0142 cm), 2 \u0142y\u017cki oliwy, s\u00f3l, pieprz.\u00a0 1. Mi\u0119so zbi\u0107 formuj\u0105c cienkie, owalne p\u0142aty, najlepiej mniej wi\u0119cej wielko\u015bci plasterk\u00f3w sera. Mi\u0119so opr\u00f3szy\u0107 sol\u0105 i pieprzem obsma\u017cy\u0107 na oliwie. 2. Pozosta\u0142\u0105 od sma\u017cenia oliw\u0119 [&hellip;]<\/p>\n","protected":false},"author":2,"featured_media":0,"comment_status":"open","ping_status":"open","sticky":false,"template":"","format":"standard","meta":{"footnotes":""},"categories":[1],"tags":[],"_links":{"self":[{"href":"https:\/\/blog.polityka.pl\/adamczewski\/wp-json\/wp\/v2\/posts\/9970"}],"collection":[{"href":"https:\/\/blog.polityka.pl\/adamczewski\/wp-json\/wp\/v2\/posts"}],"about":[{"href":"https:\/\/blog.polityka.pl\/adamczewski\/wp-json\/wp\/v2\/types\/post"}],"author":[{"embeddable":true,"href":"https:\/\/blog.polityka.pl\/adamczewski\/wp-json\/wp\/v2\/users\/2"}],"replies":[{"embeddable":true,"href":"https:\/\/blog.polityka.pl\/adamczewski\/wp-json\/wp\/v2\/comments?post=9970"}],"version-history":[{"count":0,"href":"https:\/\/blog.polityka.pl\/adamczewski\/wp-json\/wp\/v2\/posts\/9970\/revisions"}],"wp:attachment":[{"href":"https:\/\/blog.polityka.pl\/adamczewski\/wp-json\/wp\/v2\/media?parent=9970"}],"wp:term":[{"taxonomy":"category","embeddable":true,"href":"https:\/\/blog.polityka.pl\/adamczewski\/wp-json\/wp\/v2\/categories?post=9970"},{"taxonomy":"post_tag","embeddable":true,"href":"https:\/\/blog.polityka.pl\/adamczewski\/wp-json\/wp\/v2\/tags?post=9970"}],"curies":[{"name":"wp","href":"https:\/\/api.w.org\/{rel}","templated":true}]}}