
{"id":9971,"date":"2008-08-24T20:24:05","date_gmt":"2008-08-24T19:24:05","guid":{"rendered":"http:\/\/adamczewscy.pl\/?p=2116"},"modified":"2008-08-24T20:24:05","modified_gmt":"2008-08-24T19:24:05","slug":"kurczak-ekspresowy-w-sosie-koperkowym","status":"publish","type":"post","link":"https:\/\/blog.polityka.pl\/adamczewski\/2008\/08\/24\/kurczak-ekspresowy-w-sosie-koperkowym\/","title":{"rendered":"Kurczak ekspresowy w sosie koperkowym"},"content":{"rendered":"<p><em>2 podw\u00f3jne filety z piersi kurczaka, 2 cebule, 30 dag pieczarek, p\u00f3\u0142 szklanki zielonego konserwowego groszku, 2 \u0142y\u017cki \u015bmietany 18 proc., 2 \u0142y\u017cki serka koperkowo-og\u00f3rkowego, 2 \u0142y\u017cki siekanego kopru, 4 \u0142y\u017cki oliwy z oliwek lub oleju z pestek winogron, s\u00f3l, pieprz,  z\u0105bek czosnku.\u00a0<\/em><\/p>\n<p>1. Filety pokroi\u0107 na plasterki<br \/>\n2. Cebul\u0119 posieka\u0107.<br \/>\n3. Rozgrza\u0107 3 \u0142y\u017cki oliwy lub oleju,  doda\u0107 cebul\u0119,  pokrojone mi\u0119so,  sma\u017cy\u0107 2 &#8211; 3 minuty, nakry\u0107 pokrywk\u0105 i dusi\u0107 10 minut, od czasu do czasu mieszaj\u0105c.<br \/>\n4. Na \u0142y\u017cce oleju lub oliwy podsma\u017cy\u0107 pokrojone w plasterki pieczarki.<br \/>\n5. Po\u0142\u0105czy\u0107 pieczarki z mi\u0119sem i cebul\u0105 doda\u0107 pieprz i s\u00f3l.<br \/>\n6. Wymiesza\u0107 \u015bmietan\u0119 z serkiem, doda\u0107 przeci\u015bni\u0119ty przez prask\u0119 czosnek, posiekany koperek i zielony groszek,  doda\u0107 do mi\u0119sa. Dusi\u0107 razem na bardzo wolnym ogniu 15 minut.<\/p>\n<p>Podawa\u0107 z ugotowanym dzikim ry\u017cem, makaronem lub k\u0142adzionymi kluskami.<\/p>\n","protected":false},"excerpt":{"rendered":"<p>2 podw\u00f3jne filety z piersi kurczaka, 2 cebule, 30 dag pieczarek, p\u00f3\u0142 szklanki zielonego konserwowego groszku, 2 \u0142y\u017cki \u015bmietany 18 proc., 2 \u0142y\u017cki serka koperkowo-og\u00f3rkowego, 2 \u0142y\u017cki siekanego kopru, 4 \u0142y\u017cki oliwy z oliwek lub oleju z pestek winogron, s\u00f3l, pieprz, z\u0105bek czosnku.\u00a0 1. Filety pokroi\u0107 na plasterki 2. Cebul\u0119 posieka\u0107. 3. Rozgrza\u0107 3 \u0142y\u017cki [&hellip;]<\/p>\n","protected":false},"author":2,"featured_media":0,"comment_status":"open","ping_status":"open","sticky":false,"template":"","format":"standard","meta":{"footnotes":""},"categories":[1],"tags":[],"_links":{"self":[{"href":"https:\/\/blog.polityka.pl\/adamczewski\/wp-json\/wp\/v2\/posts\/9971"}],"collection":[{"href":"https:\/\/blog.polityka.pl\/adamczewski\/wp-json\/wp\/v2\/posts"}],"about":[{"href":"https:\/\/blog.polityka.pl\/adamczewski\/wp-json\/wp\/v2\/types\/post"}],"author":[{"embeddable":true,"href":"https:\/\/blog.polityka.pl\/adamczewski\/wp-json\/wp\/v2\/users\/2"}],"replies":[{"embeddable":true,"href":"https:\/\/blog.polityka.pl\/adamczewski\/wp-json\/wp\/v2\/comments?post=9971"}],"version-history":[{"count":0,"href":"https:\/\/blog.polityka.pl\/adamczewski\/wp-json\/wp\/v2\/posts\/9971\/revisions"}],"wp:attachment":[{"href":"https:\/\/blog.polityka.pl\/adamczewski\/wp-json\/wp\/v2\/media?parent=9971"}],"wp:term":[{"taxonomy":"category","embeddable":true,"href":"https:\/\/blog.polityka.pl\/adamczewski\/wp-json\/wp\/v2\/categories?post=9971"},{"taxonomy":"post_tag","embeddable":true,"href":"https:\/\/blog.polityka.pl\/adamczewski\/wp-json\/wp\/v2\/tags?post=9971"}],"curies":[{"name":"wp","href":"https:\/\/api.w.org\/{rel}","templated":true}]}}