
{"id":9972,"date":"2008-08-24T20:24:57","date_gmt":"2008-08-24T19:24:57","guid":{"rendered":"http:\/\/adamczewscy.pl\/?p=2117"},"modified":"2008-08-24T20:24:57","modified_gmt":"2008-08-24T19:24:57","slug":"cieleca-watrobka-z-czosnkiem","status":"publish","type":"post","link":"https:\/\/blog.polityka.pl\/adamczewski\/2008\/08\/24\/cieleca-watrobka-z-czosnkiem\/","title":{"rendered":"Ciel\u0119ca w\u0105tr\u00f3bka z czosnkiem"},"content":{"rendered":"<p><em>50 dag ciel\u0119cej w\u0105tr\u00f3bki, 3 \u0142y\u017cki m\u0105ki, 3 \u0142y\u017cki oleju lub oliwy, 2 du\u017ce cebule, 4 z\u0105bki czosnku, 2 \u0142y\u017cki przecieru pomidorowego, wed\u0142ug smaku przyprawy warzywnej, takiej jak vegeta.\u00a0<\/em><\/p>\n<p>1. W\u0105tr\u00f3bk\u0119 pokroi\u0107 na cienkie plasterki, obtoczy\u0107 w m\u0105ce.<br \/>\n2. Na patelni rozgrza\u0107 olej, obsma\u017cy\u0107 w\u0105tr\u00f3bk\u0119 kr\u00f3tko z obu stron, doda\u0107 pokrojon\u0105 na bardzo drobne pi\u00f3rka cebul\u0119 i chwil\u0119 razem sma\u017cy\u0107, doda\u0107 przeci\u015bni\u0119ty przez prask\u0119 czosnek.<br \/>\n3. Doda\u0107 przecier pomidorowy i doprawi\u0107 do smaku przypraw\u0105 warzywn\u0105, je\u015bli kto\u015b lubi \u0142agodne smaki &#8211; mo\u017cna doda\u0107 odrobin\u0119 cukru, je\u015bli ostre &#8211; odrobin\u0119 ostrej sproszkowanej papryki. Dusi\u0107 chwil\u0119  wszystko razem.<\/p>\n","protected":false},"excerpt":{"rendered":"<p>50 dag ciel\u0119cej w\u0105tr\u00f3bki, 3 \u0142y\u017cki m\u0105ki, 3 \u0142y\u017cki oleju lub oliwy, 2 du\u017ce cebule, 4 z\u0105bki czosnku, 2 \u0142y\u017cki przecieru pomidorowego, wed\u0142ug smaku przyprawy warzywnej, takiej jak vegeta.\u00a0 1. W\u0105tr\u00f3bk\u0119 pokroi\u0107 na cienkie plasterki, obtoczy\u0107 w m\u0105ce. 2. Na patelni rozgrza\u0107 olej, obsma\u017cy\u0107 w\u0105tr\u00f3bk\u0119 kr\u00f3tko z obu stron, doda\u0107 pokrojon\u0105 na bardzo drobne pi\u00f3rka [&hellip;]<\/p>\n","protected":false},"author":2,"featured_media":0,"comment_status":"open","ping_status":"open","sticky":false,"template":"","format":"standard","meta":{"footnotes":""},"categories":[1],"tags":[],"_links":{"self":[{"href":"https:\/\/blog.polityka.pl\/adamczewski\/wp-json\/wp\/v2\/posts\/9972"}],"collection":[{"href":"https:\/\/blog.polityka.pl\/adamczewski\/wp-json\/wp\/v2\/posts"}],"about":[{"href":"https:\/\/blog.polityka.pl\/adamczewski\/wp-json\/wp\/v2\/types\/post"}],"author":[{"embeddable":true,"href":"https:\/\/blog.polityka.pl\/adamczewski\/wp-json\/wp\/v2\/users\/2"}],"replies":[{"embeddable":true,"href":"https:\/\/blog.polityka.pl\/adamczewski\/wp-json\/wp\/v2\/comments?post=9972"}],"version-history":[{"count":0,"href":"https:\/\/blog.polityka.pl\/adamczewski\/wp-json\/wp\/v2\/posts\/9972\/revisions"}],"wp:attachment":[{"href":"https:\/\/blog.polityka.pl\/adamczewski\/wp-json\/wp\/v2\/media?parent=9972"}],"wp:term":[{"taxonomy":"category","embeddable":true,"href":"https:\/\/blog.polityka.pl\/adamczewski\/wp-json\/wp\/v2\/categories?post=9972"},{"taxonomy":"post_tag","embeddable":true,"href":"https:\/\/blog.polityka.pl\/adamczewski\/wp-json\/wp\/v2\/tags?post=9972"}],"curies":[{"name":"wp","href":"https:\/\/api.w.org\/{rel}","templated":true}]}}