
{"id":9976,"date":"2008-08-31T16:21:35","date_gmt":"2008-08-31T15:21:35","guid":{"rendered":"http:\/\/adamczewscy.pl\/?p=2123"},"modified":"2008-08-31T16:21:35","modified_gmt":"2008-08-31T15:21:35","slug":"salatka-z-selera","status":"publish","type":"post","link":"https:\/\/blog.polityka.pl\/adamczewski\/2008\/08\/31\/salatka-z-selera\/","title":{"rendered":"Sa\u0142atka z selera"},"content":{"rendered":"<p><em>Du\u017cy seler (lub 2 mniejsze), 3 \u0142y\u017cki przecieru pomidorowego, 6 \u0142y\u017cek oleju z pestek winogron lub oliwy z oliwek, s\u00f3l, pieprz do smaku. Dla amator\u00f3w &#8211; odrobina cukru.<\/p>\n<p><\/em><\/p>\n<p>1. Seler obra\u0107, umy\u0107 i pokroi\u0107 na paski nieco mniejsze od frytek. Zala\u0107 wrz\u0105c\u0105 wod\u0105.  Lekko osoli\u0107 i po 5 &#8211; 7 minutach odla\u0107 gor\u0105c\u0105 wod\u0119, przela\u0107 paski selera zimn\u0105 wod\u0105.<br \/>\n2. Wymiesza\u0107 olej z przecierem pomidorowym, doprawi\u0107 sos sol\u0105 i pieprzem, ew. cukrem.<br \/>\n3. Wymiesza\u0107 paski selera z sosem i odstawi\u0107 na 15 minut, aby sa\u0142atka ?dojrza\u0142a?.<\/p>\n","protected":false},"excerpt":{"rendered":"<p>Du\u017cy seler (lub 2 mniejsze), 3 \u0142y\u017cki przecieru pomidorowego, 6 \u0142y\u017cek oleju z pestek winogron lub oliwy z oliwek, s\u00f3l, pieprz do smaku. Dla amator\u00f3w &#8211; odrobina cukru. 1. Seler obra\u0107, umy\u0107 i pokroi\u0107 na paski nieco mniejsze od frytek. Zala\u0107 wrz\u0105c\u0105 wod\u0105. Lekko osoli\u0107 i po 5 &#8211; 7 minutach odla\u0107 gor\u0105c\u0105 wod\u0119, przela\u0107 [&hellip;]<\/p>\n","protected":false},"author":2,"featured_media":0,"comment_status":"open","ping_status":"open","sticky":false,"template":"","format":"standard","meta":{"footnotes":""},"categories":[1],"tags":[],"_links":{"self":[{"href":"https:\/\/blog.polityka.pl\/adamczewski\/wp-json\/wp\/v2\/posts\/9976"}],"collection":[{"href":"https:\/\/blog.polityka.pl\/adamczewski\/wp-json\/wp\/v2\/posts"}],"about":[{"href":"https:\/\/blog.polityka.pl\/adamczewski\/wp-json\/wp\/v2\/types\/post"}],"author":[{"embeddable":true,"href":"https:\/\/blog.polityka.pl\/adamczewski\/wp-json\/wp\/v2\/users\/2"}],"replies":[{"embeddable":true,"href":"https:\/\/blog.polityka.pl\/adamczewski\/wp-json\/wp\/v2\/comments?post=9976"}],"version-history":[{"count":0,"href":"https:\/\/blog.polityka.pl\/adamczewski\/wp-json\/wp\/v2\/posts\/9976\/revisions"}],"wp:attachment":[{"href":"https:\/\/blog.polityka.pl\/adamczewski\/wp-json\/wp\/v2\/media?parent=9976"}],"wp:term":[{"taxonomy":"category","embeddable":true,"href":"https:\/\/blog.polityka.pl\/adamczewski\/wp-json\/wp\/v2\/categories?post=9976"},{"taxonomy":"post_tag","embeddable":true,"href":"https:\/\/blog.polityka.pl\/adamczewski\/wp-json\/wp\/v2\/tags?post=9976"}],"curies":[{"name":"wp","href":"https:\/\/api.w.org\/{rel}","templated":true}]}}