
{"id":9977,"date":"2008-08-31T16:22:31","date_gmt":"2008-08-31T15:22:31","guid":{"rendered":"http:\/\/adamczewscy.pl\/?p=2124"},"modified":"2008-08-31T16:22:31","modified_gmt":"2008-08-31T15:22:31","slug":"pory-gotowane","status":"publish","type":"post","link":"https:\/\/blog.polityka.pl\/adamczewski\/2008\/08\/31\/pory-gotowane\/","title":{"rendered":"Pory gotowane"},"content":{"rendered":"<p><em>4 du\u017ce lub 8 ma\u0142ych por\u00f3w, s\u00f3l, cukier,  \u0142y\u017cka tartej bu\u0142ki,  2 \u0142y\u017cki mas\u0142a.\u00a0<\/em><\/p>\n<p>1. Pory umy\u0107, odci\u0105\u0107 zielone cz\u0119\u015bci, przekroi\u0107, aby usun\u0105\u0107 piasek spomi\u0119dzy listk\u00f3w.<br \/>\n2. Oczyszczone pory zala\u0107 wrz\u0105c\u0105 wod\u0105, doda\u0107 2 \u0142y\u017ceczki cukru i \u0142y\u017ceczk\u0119 soli. Gotowa\u0107 25 minut.<br \/>\n3. Pory ods\u0105czy\u0107 z wody, u\u0142o\u017cy\u0107 na p\u00f3\u0142misku.<br \/>\n4. Na suchej patelni zrumieni\u0107 tart\u0105 bu\u0142k\u0119, doda\u0107 mas\u0142o i kiedy si\u0119 stopi &#8211; pola\u0107 pory.<\/p>\n","protected":false},"excerpt":{"rendered":"<p>4 du\u017ce lub 8 ma\u0142ych por\u00f3w, s\u00f3l, cukier, \u0142y\u017cka tartej bu\u0142ki, 2 \u0142y\u017cki mas\u0142a.\u00a0 1. Pory umy\u0107, odci\u0105\u0107 zielone cz\u0119\u015bci, przekroi\u0107, aby usun\u0105\u0107 piasek spomi\u0119dzy listk\u00f3w. 2. Oczyszczone pory zala\u0107 wrz\u0105c\u0105 wod\u0105, doda\u0107 2 \u0142y\u017ceczki cukru i \u0142y\u017ceczk\u0119 soli. Gotowa\u0107 25 minut. 3. Pory ods\u0105czy\u0107 z wody, u\u0142o\u017cy\u0107 na p\u00f3\u0142misku. 4. Na suchej patelni zrumieni\u0107 [&hellip;]<\/p>\n","protected":false},"author":2,"featured_media":0,"comment_status":"open","ping_status":"open","sticky":false,"template":"","format":"standard","meta":{"footnotes":""},"categories":[1],"tags":[],"_links":{"self":[{"href":"https:\/\/blog.polityka.pl\/adamczewski\/wp-json\/wp\/v2\/posts\/9977"}],"collection":[{"href":"https:\/\/blog.polityka.pl\/adamczewski\/wp-json\/wp\/v2\/posts"}],"about":[{"href":"https:\/\/blog.polityka.pl\/adamczewski\/wp-json\/wp\/v2\/types\/post"}],"author":[{"embeddable":true,"href":"https:\/\/blog.polityka.pl\/adamczewski\/wp-json\/wp\/v2\/users\/2"}],"replies":[{"embeddable":true,"href":"https:\/\/blog.polityka.pl\/adamczewski\/wp-json\/wp\/v2\/comments?post=9977"}],"version-history":[{"count":0,"href":"https:\/\/blog.polityka.pl\/adamczewski\/wp-json\/wp\/v2\/posts\/9977\/revisions"}],"wp:attachment":[{"href":"https:\/\/blog.polityka.pl\/adamczewski\/wp-json\/wp\/v2\/media?parent=9977"}],"wp:term":[{"taxonomy":"category","embeddable":true,"href":"https:\/\/blog.polityka.pl\/adamczewski\/wp-json\/wp\/v2\/categories?post=9977"},{"taxonomy":"post_tag","embeddable":true,"href":"https:\/\/blog.polityka.pl\/adamczewski\/wp-json\/wp\/v2\/tags?post=9977"}],"curies":[{"name":"wp","href":"https:\/\/api.w.org\/{rel}","templated":true}]}}