
{"id":9978,"date":"2008-08-31T16:23:22","date_gmt":"2008-08-31T15:23:22","guid":{"rendered":"http:\/\/adamczewscy.pl\/?p=2125"},"modified":"2008-08-31T16:23:22","modified_gmt":"2008-08-31T15:23:22","slug":"fasolka-szparagowa-na-kwasno","status":"publish","type":"post","link":"https:\/\/blog.polityka.pl\/adamczewski\/2008\/08\/31\/fasolka-szparagowa-na-kwasno\/","title":{"rendered":"Fasolka szparagowa na kwa\u015bno"},"content":{"rendered":"<p><em>50 dag fasolki szparagowej (najlepiej zielonej), 3 \u0142y\u017cki kwa\u015bnej \u015bmietany, \u0142y\u017ceczka m\u0105ki, oko\u0142o \u0142y\u017cki soku cytrynowego, s\u00f3l.\u00a0<\/em><\/p>\n<p>1. Fasolk\u0119 oczy\u015bci\u0107, pokroi\u0107 na kilkucentymetrowe kawa\u0142ki, zala\u0107 2 szklankami wody i lekko osoli\u0107. Gotowa\u0107 do mi\u0119kko\u015bci.<br \/>\n2. \u015amietan\u0119 wymiesza\u0107 z m\u0105k\u0105, doda\u0107 p\u00f3l szklanki wywaru z fasoli (reszt\u0119 odla\u0107 i pozostawi\u0107, aby mo\u017cna by\u0142o u\u017cy\u0107, gdyby potrawa by\u0142a za g\u0119sta).<br \/>\n3. Po\u0142\u0105czy\u0107 fasol\u0119 ze \u015bmietan\u0105, doprawi\u0107 sokiem z cytryny i gotowa\u0107 potraw\u0119 oko\u0142o 3 minut.<\/p>\n","protected":false},"excerpt":{"rendered":"<p>50 dag fasolki szparagowej (najlepiej zielonej), 3 \u0142y\u017cki kwa\u015bnej \u015bmietany, \u0142y\u017ceczka m\u0105ki, oko\u0142o \u0142y\u017cki soku cytrynowego, s\u00f3l.\u00a0 1. Fasolk\u0119 oczy\u015bci\u0107, pokroi\u0107 na kilkucentymetrowe kawa\u0142ki, zala\u0107 2 szklankami wody i lekko osoli\u0107. Gotowa\u0107 do mi\u0119kko\u015bci. 2. \u015amietan\u0119 wymiesza\u0107 z m\u0105k\u0105, doda\u0107 p\u00f3l szklanki wywaru z fasoli (reszt\u0119 odla\u0107 i pozostawi\u0107, aby mo\u017cna by\u0142o u\u017cy\u0107, gdyby potrawa [&hellip;]<\/p>\n","protected":false},"author":2,"featured_media":0,"comment_status":"open","ping_status":"open","sticky":false,"template":"","format":"standard","meta":{"footnotes":""},"categories":[1],"tags":[],"_links":{"self":[{"href":"https:\/\/blog.polityka.pl\/adamczewski\/wp-json\/wp\/v2\/posts\/9978"}],"collection":[{"href":"https:\/\/blog.polityka.pl\/adamczewski\/wp-json\/wp\/v2\/posts"}],"about":[{"href":"https:\/\/blog.polityka.pl\/adamczewski\/wp-json\/wp\/v2\/types\/post"}],"author":[{"embeddable":true,"href":"https:\/\/blog.polityka.pl\/adamczewski\/wp-json\/wp\/v2\/users\/2"}],"replies":[{"embeddable":true,"href":"https:\/\/blog.polityka.pl\/adamczewski\/wp-json\/wp\/v2\/comments?post=9978"}],"version-history":[{"count":0,"href":"https:\/\/blog.polityka.pl\/adamczewski\/wp-json\/wp\/v2\/posts\/9978\/revisions"}],"wp:attachment":[{"href":"https:\/\/blog.polityka.pl\/adamczewski\/wp-json\/wp\/v2\/media?parent=9978"}],"wp:term":[{"taxonomy":"category","embeddable":true,"href":"https:\/\/blog.polityka.pl\/adamczewski\/wp-json\/wp\/v2\/categories?post=9978"},{"taxonomy":"post_tag","embeddable":true,"href":"https:\/\/blog.polityka.pl\/adamczewski\/wp-json\/wp\/v2\/tags?post=9978"}],"curies":[{"name":"wp","href":"https:\/\/api.w.org\/{rel}","templated":true}]}}