
{"id":9984,"date":"2008-09-14T19:12:46","date_gmt":"2008-09-14T18:12:46","guid":{"rendered":"http:\/\/adamczewscy.pl\/?p=2133"},"modified":"2008-09-14T19:12:46","modified_gmt":"2008-09-14T18:12:46","slug":"zupa-pomidorowa-czysta","status":"publish","type":"post","link":"https:\/\/blog.polityka.pl\/adamczewski\/2008\/09\/14\/zupa-pomidorowa-czysta\/","title":{"rendered":"Zupa pomidorowa czysta"},"content":{"rendered":"<p><em>(4 porcje)<br \/>\n4 szklanki roso\u0142u, 2 du\u017ce lub 4 mniejsze pomidory, p\u00f3\u0142 \u0142y\u017cki mas\u0142a, 2 \u0142y\u017cki przecieru pomidorowego, cukier, s\u00f3l do smaku, kilka ga\u0142\u0105zek zielonej pietruszki,  \u0142y\u017cka siekanego kopru.\u00a0<\/em><\/p>\n<p>Mas\u0142o rozpu\u015bci\u0107 w rondelku. Pomidory pokroi\u0107 na cz\u0105stki. Doda\u0107 do gor\u0105cego mas\u0142a razem z przecierem pomidorowym, dusi\u0107 a\u017c powstanie jednorodna masa, w\u00f3wczas zmiksowa\u0107, przetrze\u0107 przez durszlak, doda\u0107 ros\u00f3\u0142 i wraz z zielon\u0105 pietruszk\u0105 zagotowa\u0107 doprawiaj\u0105c sol\u0105 i cukrem wed\u0142ug smaku. Ka\u017cd\u0105 porcj\u0119 posypa\u0107 siekanym koprem. Podawa\u0107 z dowolnymi dodatkami: ry\u017cem, makaronem, grzankami, groszkiem ptysiowym lub bez dodatk\u00f3w, jako czyst\u0105 zup\u0119 do popijania.<\/p>\n","protected":false},"excerpt":{"rendered":"<p>(4 porcje) 4 szklanki roso\u0142u, 2 du\u017ce lub 4 mniejsze pomidory, p\u00f3\u0142 \u0142y\u017cki mas\u0142a, 2 \u0142y\u017cki przecieru pomidorowego, cukier, s\u00f3l do smaku, kilka ga\u0142\u0105zek zielonej pietruszki, \u0142y\u017cka siekanego kopru.\u00a0 Mas\u0142o rozpu\u015bci\u0107 w rondelku. Pomidory pokroi\u0107 na cz\u0105stki. Doda\u0107 do gor\u0105cego mas\u0142a razem z przecierem pomidorowym, dusi\u0107 a\u017c powstanie jednorodna masa, w\u00f3wczas zmiksowa\u0107, przetrze\u0107 przez durszlak, [&hellip;]<\/p>\n","protected":false},"author":2,"featured_media":0,"comment_status":"open","ping_status":"open","sticky":false,"template":"","format":"standard","meta":{"footnotes":""},"categories":[1],"tags":[],"_links":{"self":[{"href":"https:\/\/blog.polityka.pl\/adamczewski\/wp-json\/wp\/v2\/posts\/9984"}],"collection":[{"href":"https:\/\/blog.polityka.pl\/adamczewski\/wp-json\/wp\/v2\/posts"}],"about":[{"href":"https:\/\/blog.polityka.pl\/adamczewski\/wp-json\/wp\/v2\/types\/post"}],"author":[{"embeddable":true,"href":"https:\/\/blog.polityka.pl\/adamczewski\/wp-json\/wp\/v2\/users\/2"}],"replies":[{"embeddable":true,"href":"https:\/\/blog.polityka.pl\/adamczewski\/wp-json\/wp\/v2\/comments?post=9984"}],"version-history":[{"count":0,"href":"https:\/\/blog.polityka.pl\/adamczewski\/wp-json\/wp\/v2\/posts\/9984\/revisions"}],"wp:attachment":[{"href":"https:\/\/blog.polityka.pl\/adamczewski\/wp-json\/wp\/v2\/media?parent=9984"}],"wp:term":[{"taxonomy":"category","embeddable":true,"href":"https:\/\/blog.polityka.pl\/adamczewski\/wp-json\/wp\/v2\/categories?post=9984"},{"taxonomy":"post_tag","embeddable":true,"href":"https:\/\/blog.polityka.pl\/adamczewski\/wp-json\/wp\/v2\/tags?post=9984"}],"curies":[{"name":"wp","href":"https:\/\/api.w.org\/{rel}","templated":true}]}}