
{"id":9985,"date":"2008-09-14T19:15:00","date_gmt":"2008-09-14T18:15:00","guid":{"rendered":"http:\/\/adamczewscy.pl\/?p=2134"},"modified":"2008-09-14T19:15:00","modified_gmt":"2008-09-14T18:15:00","slug":"zupa-krolewska","status":"publish","type":"post","link":"https:\/\/blog.polityka.pl\/adamczewski\/2008\/09\/14\/zupa-krolewska\/","title":{"rendered":"Zupa kr\u00f3lewska"},"content":{"rendered":"<p><em>(4 porcje)<br \/>\n3 szklanki roso\u0142u, szklanka rozdrobnionego mi\u0119sa z kurczaka, 2 \u0142y\u017cki nie gotowanego ry\u017cu, s\u00f3l, pieprz i \u0142y\u017cka p\u0142atk\u00f3w migda\u0142owych, \u0142y\u017cka siekanej zielonej pietruszki, p\u00f3\u0142 szklanki s\u0142odkiej \u015bmietanki 12-proc.\u00a0<\/em><\/p>\n<p>Do roso\u0142u doda\u0107 ry\u017c, mi\u0119so z kurczaka i gotowa\u0107 17 minut od momentu wrzenia. Zmiksowa\u0107. Doda\u0107 s\u00f3l i pieprz do smaku, \u015bmietan\u0119, p\u0142atki migda\u0142owe i zielon\u0105 pietruszk\u0119.<br \/>\nZupa powinna mie\u0107  konsystencj\u0119 kremu.<\/p>\n","protected":false},"excerpt":{"rendered":"<p>(4 porcje) 3 szklanki roso\u0142u, szklanka rozdrobnionego mi\u0119sa z kurczaka, 2 \u0142y\u017cki nie gotowanego ry\u017cu, s\u00f3l, pieprz i \u0142y\u017cka p\u0142atk\u00f3w migda\u0142owych, \u0142y\u017cka siekanej zielonej pietruszki, p\u00f3\u0142 szklanki s\u0142odkiej \u015bmietanki 12-proc.\u00a0 Do roso\u0142u doda\u0107 ry\u017c, mi\u0119so z kurczaka i gotowa\u0107 17 minut od momentu wrzenia. Zmiksowa\u0107. Doda\u0107 s\u00f3l i pieprz do smaku, \u015bmietan\u0119, p\u0142atki migda\u0142owe i [&hellip;]<\/p>\n","protected":false},"author":2,"featured_media":0,"comment_status":"open","ping_status":"open","sticky":false,"template":"","format":"standard","meta":{"footnotes":""},"categories":[1],"tags":[],"_links":{"self":[{"href":"https:\/\/blog.polityka.pl\/adamczewski\/wp-json\/wp\/v2\/posts\/9985"}],"collection":[{"href":"https:\/\/blog.polityka.pl\/adamczewski\/wp-json\/wp\/v2\/posts"}],"about":[{"href":"https:\/\/blog.polityka.pl\/adamczewski\/wp-json\/wp\/v2\/types\/post"}],"author":[{"embeddable":true,"href":"https:\/\/blog.polityka.pl\/adamczewski\/wp-json\/wp\/v2\/users\/2"}],"replies":[{"embeddable":true,"href":"https:\/\/blog.polityka.pl\/adamczewski\/wp-json\/wp\/v2\/comments?post=9985"}],"version-history":[{"count":0,"href":"https:\/\/blog.polityka.pl\/adamczewski\/wp-json\/wp\/v2\/posts\/9985\/revisions"}],"wp:attachment":[{"href":"https:\/\/blog.polityka.pl\/adamczewski\/wp-json\/wp\/v2\/media?parent=9985"}],"wp:term":[{"taxonomy":"category","embeddable":true,"href":"https:\/\/blog.polityka.pl\/adamczewski\/wp-json\/wp\/v2\/categories?post=9985"},{"taxonomy":"post_tag","embeddable":true,"href":"https:\/\/blog.polityka.pl\/adamczewski\/wp-json\/wp\/v2\/tags?post=9985"}],"curies":[{"name":"wp","href":"https:\/\/api.w.org\/{rel}","templated":true}]}}