
{"id":9986,"date":"2008-09-14T19:16:15","date_gmt":"2008-09-14T18:16:15","guid":{"rendered":"http:\/\/adamczewscy.pl\/?p=2135"},"modified":"2008-09-14T19:16:15","modified_gmt":"2008-09-14T18:16:15","slug":"zupa-cytrynowa-3","status":"publish","type":"post","link":"https:\/\/blog.polityka.pl\/adamczewski\/2008\/09\/14\/zupa-cytrynowa-3\/","title":{"rendered":"Zupa cytrynowa"},"content":{"rendered":"<p><em>(4-5 porcji)<br \/>\n4 szklanki roso\u0142u, cytryna, szklanka niskoprocentowej \u015bmietany, \u015bwie\u017co zmielony pieprz, po 2 \u0142y\u017cki ugotowanego ry\u017cu na porcj\u0119, \u0142y\u017cka siekanego koperku.\u00a0<\/em><\/p>\n<p>Ry\u017c zala\u0107 roso\u0142em, doda\u0107 kilkucentymetrowy kawa\u0142ek skrojonej sk\u00f3rki cytrynowej, pieprz. Zagotowa\u0107,  doda\u0107 do smaku sok z po\u0142owy lub ca\u0142ej cytryny, wed\u0142ug smaku. Wymiesza\u0107 \u015bmietan\u0119 z kilkoma \u0142y\u017ckami gor\u0105cej zupy, po czym po\u0142\u0105czy\u0107 z pozosta\u0142\u0105. Zagrza\u0107 zup\u0119 nie gotuj\u0105c, posypa\u0107 w fili\u017cankach lub talerzach siekanym koperkiem. Do ka\u017cdej porcji doda\u0107 dla ozdoby kawa\u0142ek cienkiego plasterka cytryny.<\/p>\n","protected":false},"excerpt":{"rendered":"<p>(4-5 porcji) 4 szklanki roso\u0142u, cytryna, szklanka niskoprocentowej \u015bmietany, \u015bwie\u017co zmielony pieprz, po 2 \u0142y\u017cki ugotowanego ry\u017cu na porcj\u0119, \u0142y\u017cka siekanego koperku.\u00a0 Ry\u017c zala\u0107 roso\u0142em, doda\u0107 kilkucentymetrowy kawa\u0142ek skrojonej sk\u00f3rki cytrynowej, pieprz. Zagotowa\u0107, doda\u0107 do smaku sok z po\u0142owy lub ca\u0142ej cytryny, wed\u0142ug smaku. Wymiesza\u0107 \u015bmietan\u0119 z kilkoma \u0142y\u017ckami gor\u0105cej zupy, po czym po\u0142\u0105czy\u0107 z [&hellip;]<\/p>\n","protected":false},"author":2,"featured_media":0,"comment_status":"open","ping_status":"open","sticky":false,"template":"","format":"standard","meta":{"footnotes":""},"categories":[1],"tags":[],"_links":{"self":[{"href":"https:\/\/blog.polityka.pl\/adamczewski\/wp-json\/wp\/v2\/posts\/9986"}],"collection":[{"href":"https:\/\/blog.polityka.pl\/adamczewski\/wp-json\/wp\/v2\/posts"}],"about":[{"href":"https:\/\/blog.polityka.pl\/adamczewski\/wp-json\/wp\/v2\/types\/post"}],"author":[{"embeddable":true,"href":"https:\/\/blog.polityka.pl\/adamczewski\/wp-json\/wp\/v2\/users\/2"}],"replies":[{"embeddable":true,"href":"https:\/\/blog.polityka.pl\/adamczewski\/wp-json\/wp\/v2\/comments?post=9986"}],"version-history":[{"count":0,"href":"https:\/\/blog.polityka.pl\/adamczewski\/wp-json\/wp\/v2\/posts\/9986\/revisions"}],"wp:attachment":[{"href":"https:\/\/blog.polityka.pl\/adamczewski\/wp-json\/wp\/v2\/media?parent=9986"}],"wp:term":[{"taxonomy":"category","embeddable":true,"href":"https:\/\/blog.polityka.pl\/adamczewski\/wp-json\/wp\/v2\/categories?post=9986"},{"taxonomy":"post_tag","embeddable":true,"href":"https:\/\/blog.polityka.pl\/adamczewski\/wp-json\/wp\/v2\/tags?post=9986"}],"curies":[{"name":"wp","href":"https:\/\/api.w.org\/{rel}","templated":true}]}}