
{"id":9987,"date":"2008-09-14T19:18:18","date_gmt":"2008-09-14T18:18:18","guid":{"rendered":"http:\/\/adamczewscy.pl\/?p=2136"},"modified":"2008-09-14T19:18:18","modified_gmt":"2008-09-14T18:18:18","slug":"terina-z-indyka","status":"publish","type":"post","link":"https:\/\/blog.polityka.pl\/adamczewski\/2008\/09\/14\/terina-z-indyka\/","title":{"rendered":"Terina z indyka"},"content":{"rendered":"<p><em>1 kg mielonego mi\u0119sa z indyka, \u015brednia cebula, z\u0105bek czosnku, \u0142y\u017cka siekanej zielonej pietruszki, \u0142y\u017cka posiekanego szczypiorku, s\u00f3l, pieprz, 2 bia\u0142ka, ma\u0142a cukinia, 3 mi\u0119siste niedu\u017ce pomidory.\u00a0<\/em><\/p>\n<p>Wyrobi\u0107 mi\u0119so z drobno posiekan\u0105 cebul\u0105, przeci\u015bni\u0119tym przez prask\u0119 czosnkiem, siekanym szczypiorkiem i zielon\u0105 pietruszk\u0105, sol\u0105, pieprzem oraz ubitymi na pian\u0119 bia\u0142kami.<br \/>\nW wy\u0142o\u017conej foli\u0105 aluminiow\u0105 foremce u\u0142o\u017cy\u0107 po\u0142ow\u0119 masy mi\u0119snej, na niej warstw\u0119 cienkich plasterk\u00f3w cukinii, na niej plasterki pomidor\u00f3w, nakry\u0107 drug\u0105 cz\u0119\u015bci\u0105 mi\u0119sa, lekko docisn\u0105\u0107, wyg\u0142adzi\u0107 wierzch. Nakry\u0107 foremk\u0119 foli\u0105 aluminiow\u0105. Wstawi\u0107 do wi\u0119kszej formy, kt\u00f3r\u0105 nape\u0142ni\u0107 do po\u0142owy wysoko\u015bci wrz\u0105c\u0105 wod\u0105. Gotowa\u0107 w piekarniku o temperaturze 180 st C oko\u0142o 90 minut, dope\u0142niaj\u0105c w razie potrzeby wod\u0119 w wi\u0119kszej formie.<br \/>\nPodawa\u0107 potraw\u0119 wy\u0142o\u017con\u0105 na p\u00f3\u0142misek, z dodatkiem sosu pomidorowego. Terina jest doskona\u0142a na ciep\u0142o i na zimno.<\/p>\n","protected":false},"excerpt":{"rendered":"<p>1 kg mielonego mi\u0119sa z indyka, \u015brednia cebula, z\u0105bek czosnku, \u0142y\u017cka siekanej zielonej pietruszki, \u0142y\u017cka posiekanego szczypiorku, s\u00f3l, pieprz, 2 bia\u0142ka, ma\u0142a cukinia, 3 mi\u0119siste niedu\u017ce pomidory.\u00a0 Wyrobi\u0107 mi\u0119so z drobno posiekan\u0105 cebul\u0105, przeci\u015bni\u0119tym przez prask\u0119 czosnkiem, siekanym szczypiorkiem i zielon\u0105 pietruszk\u0105, sol\u0105, pieprzem oraz ubitymi na pian\u0119 bia\u0142kami. W wy\u0142o\u017conej foli\u0105 aluminiow\u0105 foremce u\u0142o\u017cy\u0107 [&hellip;]<\/p>\n","protected":false},"author":2,"featured_media":0,"comment_status":"open","ping_status":"open","sticky":false,"template":"","format":"standard","meta":{"footnotes":""},"categories":[1],"tags":[],"_links":{"self":[{"href":"https:\/\/blog.polityka.pl\/adamczewski\/wp-json\/wp\/v2\/posts\/9987"}],"collection":[{"href":"https:\/\/blog.polityka.pl\/adamczewski\/wp-json\/wp\/v2\/posts"}],"about":[{"href":"https:\/\/blog.polityka.pl\/adamczewski\/wp-json\/wp\/v2\/types\/post"}],"author":[{"embeddable":true,"href":"https:\/\/blog.polityka.pl\/adamczewski\/wp-json\/wp\/v2\/users\/2"}],"replies":[{"embeddable":true,"href":"https:\/\/blog.polityka.pl\/adamczewski\/wp-json\/wp\/v2\/comments?post=9987"}],"version-history":[{"count":0,"href":"https:\/\/blog.polityka.pl\/adamczewski\/wp-json\/wp\/v2\/posts\/9987\/revisions"}],"wp:attachment":[{"href":"https:\/\/blog.polityka.pl\/adamczewski\/wp-json\/wp\/v2\/media?parent=9987"}],"wp:term":[{"taxonomy":"category","embeddable":true,"href":"https:\/\/blog.polityka.pl\/adamczewski\/wp-json\/wp\/v2\/categories?post=9987"},{"taxonomy":"post_tag","embeddable":true,"href":"https:\/\/blog.polityka.pl\/adamczewski\/wp-json\/wp\/v2\/tags?post=9987"}],"curies":[{"name":"wp","href":"https:\/\/api.w.org\/{rel}","templated":true}]}}