
{"id":9988,"date":"2008-09-14T19:19:35","date_gmt":"2008-09-14T18:19:35","guid":{"rendered":"http:\/\/adamczewscy.pl\/?p=2137"},"modified":"2008-09-14T19:19:35","modified_gmt":"2008-09-14T18:19:35","slug":"rosol-z-kurczaka-2","status":"publish","type":"post","link":"https:\/\/blog.polityka.pl\/adamczewski\/2008\/09\/14\/rosol-z-kurczaka-2\/","title":{"rendered":"Ros\u00f3\u0142 z kurczaka"},"content":{"rendered":"<p><em>(8 porcji)<br \/>\nKurczak wagi oko\u0142o 1, 5 kg, 2 marchwie, pietruszka, p\u00f3\u0142 \u015bredniego selera, niewielki por, ma\u0142a cebula, 2 suszone grzybki, 5 &#8211; 10 ziaren pieprzu, s\u00f3l lub warzywna przyprawa do zup, 2 \u0142y\u017cki siekanej zielonej pietruszki.<\/p>\n<p><\/em><br \/>\nKurczaka pokroi\u0107 na cz\u0119\u015bci, zala\u0107 10 szklankami wrz\u0105cej wody, zagotowa\u0107, doda\u0107 obrane warzywa, suszone grzyby, pieprz i s\u00f3l lub przypraw\u0119. Nie     dopuszczaj\u0105c do gwa\u0142townego wrzenia gotowa\u0107 oko\u0142o 60 minut.<br \/>\nJe\u015bli ros\u00f3\u0142 gotuje si\u0119 w szybkowarze, od razu umie\u015bci\u0107 w nim wszystkie sk\u0142adniki wraz z 8 szklankami wody (w czasie gotowania wyparuje jej bardzo ma\u0142o). Wspania\u0142y, klarowny  ros\u00f3\u0142 w szybkowarze gotowy jest po 15-20 minutach od  momentu wrzenia.<br \/>\nPodawa\u0107 ros\u00f3\u0142 z dodatkiem makaronu,  posypany zielon\u0105 pietruszk\u0105.<\/p>\n","protected":false},"excerpt":{"rendered":"<p>(8 porcji) Kurczak wagi oko\u0142o 1, 5 kg, 2 marchwie, pietruszka, p\u00f3\u0142 \u015bredniego selera, niewielki por, ma\u0142a cebula, 2 suszone grzybki, 5 &#8211; 10 ziaren pieprzu, s\u00f3l lub warzywna przyprawa do zup, 2 \u0142y\u017cki siekanej zielonej pietruszki. Kurczaka pokroi\u0107 na cz\u0119\u015bci, zala\u0107 10 szklankami wrz\u0105cej wody, zagotowa\u0107, doda\u0107 obrane warzywa, suszone grzyby, pieprz i s\u00f3l [&hellip;]<\/p>\n","protected":false},"author":2,"featured_media":0,"comment_status":"open","ping_status":"open","sticky":false,"template":"","format":"standard","meta":{"footnotes":""},"categories":[1],"tags":[],"_links":{"self":[{"href":"https:\/\/blog.polityka.pl\/adamczewski\/wp-json\/wp\/v2\/posts\/9988"}],"collection":[{"href":"https:\/\/blog.polityka.pl\/adamczewski\/wp-json\/wp\/v2\/posts"}],"about":[{"href":"https:\/\/blog.polityka.pl\/adamczewski\/wp-json\/wp\/v2\/types\/post"}],"author":[{"embeddable":true,"href":"https:\/\/blog.polityka.pl\/adamczewski\/wp-json\/wp\/v2\/users\/2"}],"replies":[{"embeddable":true,"href":"https:\/\/blog.polityka.pl\/adamczewski\/wp-json\/wp\/v2\/comments?post=9988"}],"version-history":[{"count":0,"href":"https:\/\/blog.polityka.pl\/adamczewski\/wp-json\/wp\/v2\/posts\/9988\/revisions"}],"wp:attachment":[{"href":"https:\/\/blog.polityka.pl\/adamczewski\/wp-json\/wp\/v2\/media?parent=9988"}],"wp:term":[{"taxonomy":"category","embeddable":true,"href":"https:\/\/blog.polityka.pl\/adamczewski\/wp-json\/wp\/v2\/categories?post=9988"},{"taxonomy":"post_tag","embeddable":true,"href":"https:\/\/blog.polityka.pl\/adamczewski\/wp-json\/wp\/v2\/tags?post=9988"}],"curies":[{"name":"wp","href":"https:\/\/api.w.org\/{rel}","templated":true}]}}