
{"id":9990,"date":"2008-09-14T19:23:55","date_gmt":"2008-09-14T18:23:55","guid":{"rendered":"http:\/\/adamczewscy.pl\/?p=2139"},"modified":"2008-09-14T19:23:55","modified_gmt":"2008-09-14T18:23:55","slug":"potrawka-z-indyka","status":"publish","type":"post","link":"https:\/\/blog.polityka.pl\/adamczewski\/2008\/09\/14\/potrawka-z-indyka\/","title":{"rendered":"Potrawka z indyka"},"content":{"rendered":"<p><em>60 dag mi\u0119sa z indyczych udek lub podudzi, marchew, pietruszka, cebula i kawa\u0142ek selera, s\u00f3l, \u0142y\u017cka mas\u0142a, \u0142y\u017cka m\u0105ki, 2 \u017c\u00f3\u0142tka (nie jest to niezb\u0119dne), sok cytrynowy do smaku, \u0142y\u017cka siekanej zielonej pietruszki.\u00a0<\/em><\/p>\n<p>Mi\u0119so zala\u0107 wod\u0105, doda\u0107 obran\u0105 i pokrojon\u0105 na kawa\u0142ki w\u0142oszczyzn\u0119, s\u00f3l i ugotowa\u0107 do zupe\u0142nej mi\u0119kko\u015bci.<br \/>\nMas\u0142o rozgrza\u0107, doda\u0107 m\u0105k\u0119, kiedy spieni si\u0119 i zbieleje doda\u0107 oko\u0142o szklanki wywaru od gotowania, kiedy sos zg\u0119stnieje doda\u0107 \u017c\u00f3\u0142tka,  odrobin\u0119 soku cytrynowego, nast\u0119pnie pokrojone na kawa\u0142ki mi\u0119so i jeszcze raz zagotowa\u0107.<br \/>\nPodawa\u0107 potrawk\u0119 posypan\u0105 siekan\u0105 zielon\u0105 pietruszk\u0105 z ry\u017cem ugotowanym na sypko.<\/p>\n","protected":false},"excerpt":{"rendered":"<p>60 dag mi\u0119sa z indyczych udek lub podudzi, marchew, pietruszka, cebula i kawa\u0142ek selera, s\u00f3l, \u0142y\u017cka mas\u0142a, \u0142y\u017cka m\u0105ki, 2 \u017c\u00f3\u0142tka (nie jest to niezb\u0119dne), sok cytrynowy do smaku, \u0142y\u017cka siekanej zielonej pietruszki.\u00a0 Mi\u0119so zala\u0107 wod\u0105, doda\u0107 obran\u0105 i pokrojon\u0105 na kawa\u0142ki w\u0142oszczyzn\u0119, s\u00f3l i ugotowa\u0107 do zupe\u0142nej mi\u0119kko\u015bci. Mas\u0142o rozgrza\u0107, doda\u0107 m\u0105k\u0119, kiedy spieni [&hellip;]<\/p>\n","protected":false},"author":2,"featured_media":0,"comment_status":"open","ping_status":"open","sticky":false,"template":"","format":"standard","meta":{"footnotes":""},"categories":[1],"tags":[],"_links":{"self":[{"href":"https:\/\/blog.polityka.pl\/adamczewski\/wp-json\/wp\/v2\/posts\/9990"}],"collection":[{"href":"https:\/\/blog.polityka.pl\/adamczewski\/wp-json\/wp\/v2\/posts"}],"about":[{"href":"https:\/\/blog.polityka.pl\/adamczewski\/wp-json\/wp\/v2\/types\/post"}],"author":[{"embeddable":true,"href":"https:\/\/blog.polityka.pl\/adamczewski\/wp-json\/wp\/v2\/users\/2"}],"replies":[{"embeddable":true,"href":"https:\/\/blog.polityka.pl\/adamczewski\/wp-json\/wp\/v2\/comments?post=9990"}],"version-history":[{"count":0,"href":"https:\/\/blog.polityka.pl\/adamczewski\/wp-json\/wp\/v2\/posts\/9990\/revisions"}],"wp:attachment":[{"href":"https:\/\/blog.polityka.pl\/adamczewski\/wp-json\/wp\/v2\/media?parent=9990"}],"wp:term":[{"taxonomy":"category","embeddable":true,"href":"https:\/\/blog.polityka.pl\/adamczewski\/wp-json\/wp\/v2\/categories?post=9990"},{"taxonomy":"post_tag","embeddable":true,"href":"https:\/\/blog.polityka.pl\/adamczewski\/wp-json\/wp\/v2\/tags?post=9990"}],"curies":[{"name":"wp","href":"https:\/\/api.w.org\/{rel}","templated":true}]}}