
{"id":9998,"date":"2008-09-29T05:30:33","date_gmt":"2008-09-29T04:30:33","guid":{"rendered":"http:\/\/adamczewscy.pl\/?p=2151"},"modified":"2008-09-29T05:30:33","modified_gmt":"2008-09-29T04:30:33","slug":"austriacka-zupa-dyniowa","status":"publish","type":"post","link":"https:\/\/blog.polityka.pl\/adamczewski\/2008\/09\/29\/austriacka-zupa-dyniowa\/","title":{"rendered":"Austriacka zupa dyniowa"},"content":{"rendered":"<p><a href=\"http:\/\/adamczewscy.pl\/wp-content\/uploads\/2008\/09\/Zupa-dyniowa.jpg\"><img loading=\"lazy\" decoding=\"async\" src=\"http:\/\/adamczewscy.pl\/wp-content\/uploads\/2008\/09\/Zupa-dyniowa.jpg\" alt=\"\" title=\"Zupa dyniowa\" width=\"400\" height=\"300\" class=\"alignnone size-full wp-image-3907\" \/><\/a><\/p>\n<p><em>1 ? 1, 5 kg dyni, 2 \u0142y\u017cki oleju z pestek winogron, 4 szklanki wywaru z w\u0142oszczyzny lub roso\u0142u przygotowanego z kostki, szczypta ostrej papryki, szczypta mielonego imbiru, szczypta mielonego cynamonu, s\u00f3l, 4 \u0142y\u017cki \u015bmietany, 2 \u0142y\u017ceczki oleju z pestek dyni. Jako dodatek: grzanki z bu\u0142ki, 4 \u0142y\u017ceczki pestek z dyni.\u00a0<\/em><\/p>\n<p>Dyni\u0119 obra\u0107 z grubej sk\u00f3rki, usun\u0105\u0107 pestki, pozosta\u0142y mi\u0105\u017csz pokroi\u0107 w kostk\u0119, wraz z 2 \u0142y\u017ckami oleju z pestek winogron umie\u015bci\u0107 w garnku, wla\u0107 2 &#8211; 3 \u0142y\u017cki wody i pod przykryciem dusi\u0107 na niewielkim ogniu, a\u017c dynia si\u0119 rozgotuje.<br \/>\nLekko ostudzi\u0107 dynie i zmiksowa\u0107 na g\u0142adki krem, doda\u0107 wywar lub ros\u00f3\u0142, zagotowa\u0107 doprawiaj\u0105c sol\u0105, ostr\u0105 papryk\u0105, imbirem i cynamonem.<br \/>\nDo \u015bmietany doda\u0107 odrobin\u0119 ciep\u0142ej zupy, starannie wymiesza\u0107, wla\u0107  do garnka i silnie zagrza\u0107.<br \/>\nZup\u0119 na talerzu posypa\u0107 podsma\u017conymi na suchej patelni pestkami z dyni oraz poda\u0107 osobno zrumienione tak\u017ce na suchej patelni grzanki z bu\u0142ki.<\/p>\n","protected":false},"excerpt":{"rendered":"<p>1 ? 1, 5 kg dyni, 2 \u0142y\u017cki oleju z pestek winogron, 4 szklanki wywaru z w\u0142oszczyzny lub roso\u0142u przygotowanego z kostki, szczypta ostrej papryki, szczypta mielonego imbiru, szczypta mielonego cynamonu, s\u00f3l, 4 \u0142y\u017cki \u015bmietany, 2 \u0142y\u017ceczki oleju z pestek dyni. Jako dodatek: grzanki z bu\u0142ki, 4 \u0142y\u017ceczki pestek z dyni.\u00a0 Dyni\u0119 obra\u0107 z grubej [&hellip;]<\/p>\n","protected":false},"author":2,"featured_media":0,"comment_status":"open","ping_status":"open","sticky":false,"template":"","format":"standard","meta":{"footnotes":""},"categories":[1],"tags":[],"_links":{"self":[{"href":"https:\/\/blog.polityka.pl\/adamczewski\/wp-json\/wp\/v2\/posts\/9998"}],"collection":[{"href":"https:\/\/blog.polityka.pl\/adamczewski\/wp-json\/wp\/v2\/posts"}],"about":[{"href":"https:\/\/blog.polityka.pl\/adamczewski\/wp-json\/wp\/v2\/types\/post"}],"author":[{"embeddable":true,"href":"https:\/\/blog.polityka.pl\/adamczewski\/wp-json\/wp\/v2\/users\/2"}],"replies":[{"embeddable":true,"href":"https:\/\/blog.polityka.pl\/adamczewski\/wp-json\/wp\/v2\/comments?post=9998"}],"version-history":[{"count":0,"href":"https:\/\/blog.polityka.pl\/adamczewski\/wp-json\/wp\/v2\/posts\/9998\/revisions"}],"wp:attachment":[{"href":"https:\/\/blog.polityka.pl\/adamczewski\/wp-json\/wp\/v2\/media?parent=9998"}],"wp:term":[{"taxonomy":"category","embeddable":true,"href":"https:\/\/blog.polityka.pl\/adamczewski\/wp-json\/wp\/v2\/categories?post=9998"},{"taxonomy":"post_tag","embeddable":true,"href":"https:\/\/blog.polityka.pl\/adamczewski\/wp-json\/wp\/v2\/tags?post=9998"}],"curies":[{"name":"wp","href":"https:\/\/api.w.org\/{rel}","templated":true}]}}