
{"id":1191,"date":"2022-02-02T19:25:04","date_gmt":"2022-02-02T18:25:04","guid":{"rendered":"http:\/\/agatapassent.blog.polityka.pl\/?p=1191"},"modified":"2022-04-08T13:26:06","modified_gmt":"2022-04-08T11:26:06","slug":"brojlery","status":"publish","type":"post","link":"https:\/\/blog.polityka.pl\/agatapassent\/2022\/02\/02\/brojlery\/","title":{"rendered":"Brojlery"},"content":{"rendered":"\n<p>Czasownik &#8222;pracowa\u0107\u201d nie ma szcz\u0119\u015bcia do przys\u0142\u00f3wk\u00f3w. Wyb\u00f3r przys\u0142\u00f3wk\u00f3w okre\u015blaj\u0105cych osob\u0119 pracuj\u0105c\u0105 jest szczup\u0142y niczym wyb\u00f3r klock\u00f3w w sklepie o nazwie sk\u0142adnica harcerska w latach 80. ubieg\u0142ego wieku. Albo klock\u00f3w nie by\u0142o, albo by\u0142y jakie\u015b dziwne metalowe szare pr\u0119ty do skr\u0119cania &#8211; \u017ce niby Ma\u0142y Technik.<\/p>\n\n\n\n<p>Gdy\u00a0czytam artyku\u0142y lub literatur\u0119 faktu, trafiam na zbitk\u0119 &#8222;ci\u0119\u017cko pracuje\u201d. Emerytka ca\u0142e \u017cycie &#8222;ci\u0119\u017cko pracowa\u0142a\u201d, a teraz musi p\u0142aci\u0107 podatki. Tatu\u015b ci\u0119\u017cko pracuje w call center, \u017ceby sp\u0142aci\u0107 kredyt. Pan W\u0142adek ci\u0119\u017cko pracuje, \u017ceby na czas porobi\u0107 wyp\u0142aty swoim pracownikom, bo wiadomo, \u017ce najpierw ludziom wyp\u0142aty porobi, potem haracz na ZUS-y, a na ko\u0144cu dla siebie ju\u017c\u00a0prawie nic nie zostaje.<\/p>\n\n\n\n<p>Matka ci\u0119\u017cko pracuje przy czw\u00f3rce dzieci, ani chwili dla siebie, nie usi\u0105dzie na chwil\u0119, bo a to prasowanie, a to k\u0105piel, a to z\u0105bkowanie, ale do \u017c\u0142obka nie da, bo tam &#8222;brojlery\u201d chowaj\u0105. Tak, tak, trudno si\u0119 dziwi\u0107, \u017ce Polacy nie potrafi\u0105\u00a0by\u0107 wsp\u00f3lnot\u0105, je\u015bli ju\u017c niemowl\u0119ta s\u0105 przez mamusie i tatusi\u00f3w straszone &#8222;brojlerami\u201d &#8211; zabawa w \u017c\u0142obku, np. grzechotanie w rytm muzyki, albo zaj\u0119cia sensoryczne to wed\u0142ug wielu matek Polek i tatusi\u00f3w Polak\u00f3w &#8222;ch\u00f3w brojler\u00f3w\u201d. Pod\u0105\u017caj\u0105c za t\u0105 logik\u0105: gdy prezydent Warszawy Rafa\u0142 Trzaskowski otwiera nowe \u017c\u0142obki, bo to by\u0142 i jest jego priorytet, to jak widzimy, niszczy rodziny.<\/p>\n\n\n\n<p>Pozosta\u0142e przys\u0142\u00f3wki do opisu pracy jakby zatrza\u015bni\u0119te w sejfie, do kt\u00f3rego autorzy zgubili klucze, tudzie\u017c kody. Wiadomo. W epoce kod\u00f3w pin, puk, identyfikator\u00f3w, gdzie &#8222;has\u0142o mas\u0142o\u201d ju\u017c nic nie otwiera, w g\u0142owie robi si\u0119 jajecznica, a umiej\u0119tno\u015bci j\u0119zykowe trac\u0105 rumie\u0144ce. Jaka mo\u017ce jeszcze by\u0107 praca? Po latach ciekawej pracy. Po dziesi\u0119ciu godzinach konstruktywnej pracy. Po ca\u0142ej nocy nieha\u0144bi\u0105cej pracy w szpitalu. O 17 wysz\u0142a z zak\u0142adu, gdzie oddawa\u0142a si\u0119 satysfakcjonuj\u0105cej pracy przy nowoczesnej frezarce, i z \u017calem sz\u0142a do domu, gdzie czeka\u0142 na ni\u0105 drugi etat przy zdziecinnia\u0142ym m\u0119\u017cu i niedo\u0142\u0119\u017cnym te\u015bciu.<\/p>\n\n\n\n<p>Po przeczytaniu reporta\u017cowej ksi\u0105\u017cki Marka Szymaniuka &#8222;Zapa\u015b\u0107. Reporta\u017ce z mniejszych miast\u201d &#8211; pewnie ju\u017c j\u0105 czytali\u015bcie, a je\u015bli nie, to bardzo polecam &#8211; stwierdzam, \u017ce w Niepodleg\u0142ej, kt\u00f3rej premier chwali si\u0119 bezrobociem poni\u017cej 6 proc., co\u015b jest jednak z t\u0105 prac\u0105 nie tak. W ma\u0142ych i \u015brednich miastach, takich jak Prudnik, Bielawa czy Hajn\u00f3wka, opisywanych przez Szymaniuka na podstawie pog\u0142\u0119bionych rozm\u00f3w z ich mieszka\u0144cami &#8211; pracy nie ma. A to zamkni\u0119to zak\u0142ady, a to rz\u0105dz\u0105 znajomo\u015bci. M\u0142odzi wyje\u017cd\u017caj\u0105 lub robi\u0105 na &#8222;nielegalu\u201d, starsi usychaj\u0105 z t\u0119sknoty &#8222;same jak palec\u201d.<\/p>\n\n\n\n<p>Tymczasem du\u017ce miasta rosn\u0105, praca w nich jest. Moja przyjaci\u00f3\u0142ka, kt\u00f3ra jest kadrow\u0105 (po nowemu &#8211; dyrektorka do spraw human relations), m\u00f3wi, \u017ce brakuje jej ludzi do pracy. Szkol\u0105, ile wlezie, szukaj\u0105 za granic\u0105. Sama zastanawiam si\u0119, co jest nie tak, \u017ce ja r\u00f3wnie\u017c prac\u0119 mam i pracuj\u0119 du\u017co &#8211; przecie\u017c boomersi powinni ju\u017c by\u0107 odrzucani na boczny tor. Skupia\u0107 si\u0119\u00a0na swoim poziomie cukru, dzia\u0142ce (ups, nie mamy, bo ziemia dla nas za droga), tudzie\u017c wyjazdach na pla\u017ce Egiptu, kt\u00f3re obiecywa\u0142 nam Jaros\u0142aw Kaczy\u0144ski. A tymczasem od rocznik\u00f3w urodzonych w latach 60. lub 70. otrzymuj\u0119\u00a0s\u0142u\u017cbowe mejle pisane np. o 23 lub 5 rano. Ostatnio m\u00f3j znajomy neurochirurg, lat 50, skar\u017cy\u0142 si\u0119, \u017ce musi bra\u0107 dy\u017cury i du\u017co operuje, bo nie ma m\u0142odych do pracy.<\/p>\n\n\n\n<p>Dlatego gdy przewodnicz\u0105cy Tusk oraz minister Czarnek otrzymali niedawno mandaty za przekroczenie pr\u0119dko\u015bci, pomy\u015bla\u0142am, \u017ce szkoda, \u017ce te osoby tak si\u0119 spiesz\u0105. Osoby, kt\u00f3re nie potrafi\u0105 stosowa\u0107 si\u0119 do przepis\u00f3w, a co r\u00f3wnie wa\u017cne, nie potrafi\u0105 narzuci\u0107 sobie odpowiedniego tempa, nie s\u0105 dobrymi liderami. Osoba, kt\u00f3ra si\u0119 spieszy, najpewniej spa\u0142a za d\u0142ugo. \u0179le zorganizowana, nieleczona cukrzyca? By nie spieszy\u0107 si\u0119, warto wsta\u0107 wcze\u015bnie, np. o 5 rano lub 6 &#8211; ka\u017cdy jogin i lekarz potwierdz\u0105, \u017ce to zdrowo. By nie spieszy\u0107 si\u0119\u00a0i nie nara\u017ca\u0107 \u017cycia innych uczestnik\u00f3w ruchu, np. bezbronnych pieszych, nale\u017cy lepiej si\u0119\u00a0zorganizowa\u0107. Czasami oznacza to robi\u0107 mniej.<\/p>\n\n\n\n<p>Znajoma lekarka pracuj\u0105ca w Szwecji opowiada\u0142a mi, \u017ce tam na ka\u017cdego pacjenta ma dok\u0142adnie a\u017c 30 minut! Ponadto gdy ko\u0144czy si\u0119 jej zmiana, a napiera kolejny pacjent do gabinetu, to wkracza piel\u0119gniarz czy szefowa piel\u0119gniarek i ostro protestuje: &#8222;No co ty robisz, tw\u00f3j czas min\u0105\u0142, zaraz przychodzi twoja zmienniczka, pakuj si\u0119\u00a0i wyjd\u017a z pracy\u201d.<\/p>\n\n\n\n<p>Dlaczego Donald Tusk oraz Przemys\u0142aw Czarnek pracuj\u0105 tak ci\u0119\u017cko? Czy to wina systemu, kt\u00f3ry sami tworz\u0105? A mo\u017ce s\u0105 prze\u015bwiadczeni o swojej wielko\u015bci i misji ratunkowej. Oto p\u0119dzi Czarnek, by szybciej niszczy\u0107 edukacj\u0119 polsk\u0105 &#8211; chroni polskie dziewcz\u0119ta przed wiedz\u0105 i wolno\u015bci\u0105\u00a0osobist\u0105. By wykaza\u0107 si\u0119\u00a0przed zarz\u0105dem Ordo Iuris i zarobi\u0107 na kolejny grant na chrystianizacj\u0119 globusa? A Tusk p\u0119dzi, bo w mokrych snach widzi siebie m\u0142odego i szybkiego niczym Kylian Mbappe? \u015awiatowca z ekstraklasy drybluj\u0105cego mi\u0119dzy rzekomo s\u0142abo zorientowanymi frajerami z okr\u0119g\u00f3wki&#8230; Minister Czarnek zwala win\u0119 na kierowc\u0119. Co to za szef, kt\u00f3ry nie potrafi asertywnie zwr\u00f3ci\u0107 uwagi podw\u0142adnemu, a potem jeszcze donosi!<\/p>\n\n\n\n<p>A mo\u017ce tak mkn\u0105, bo nie potrafi\u0105 zleca\u0107 zada\u0144 lub podzieli\u0107 si\u0119\u00a0obowi\u0105zkami w pracy z kim\u015b, hm, z Bielawy, Gi\u017cycka czy Doniecka? Lider zabiegany, zaorany, wiecznie w po\u015bpiechu &#8211; nie jest cool. Katastrofa gwarantowana. Znaczy: nie potrafi zmieni\u0107 wyka\u0144czaj\u0105cego nas systemu, tylko w tym systemie jest trybikiem.<\/p>\n","protected":false},"excerpt":{"rendered":"<p>Czasownik &#8222;pracowa\u0107\u201d nie ma szcz\u0119\u015bcia do przys\u0142\u00f3wk\u00f3w. Wyb\u00f3r przys\u0142\u00f3wk\u00f3w okre\u015blaj\u0105cych osob\u0119 pracuj\u0105c\u0105 jest szczup\u0142y niczym wyb\u00f3r klock\u00f3w w sklepie o nazwie sk\u0142adnica harcerska w latach 80. ubieg\u0142ego wieku. Albo klock\u00f3w nie by\u0142o, albo by\u0142y jakie\u015b dziwne metalowe szare pr\u0119ty do skr\u0119cania &#8211; \u017ce niby Ma\u0142y Technik. Gdy\u00a0czytam artyku\u0142y lub literatur\u0119 faktu, trafiam na zbitk\u0119 &#8222;ci\u0119\u017cko [&hellip;]<\/p>\n","protected":false},"author":3,"featured_media":1198,"comment_status":"closed","ping_status":"closed","sticky":false,"template":"","format":"standard","meta":{"footnotes":""},"categories":[1],"tags":[],"_links":{"self":[{"href":"https:\/\/blog.polityka.pl\/agatapassent\/wp-json\/wp\/v2\/posts\/1191"}],"collection":[{"href":"https:\/\/blog.polityka.pl\/agatapassent\/wp-json\/wp\/v2\/posts"}],"about":[{"href":"https:\/\/blog.polityka.pl\/agatapassent\/wp-json\/wp\/v2\/types\/post"}],"author":[{"embeddable":true,"href":"https:\/\/blog.polityka.pl\/agatapassent\/wp-json\/wp\/v2\/users\/3"}],"replies":[{"embeddable":true,"href":"https:\/\/blog.polityka.pl\/agatapassent\/wp-json\/wp\/v2\/comments?post=1191"}],"version-history":[{"count":6,"href":"https:\/\/blog.polityka.pl\/agatapassent\/wp-json\/wp\/v2\/posts\/1191\/revisions"}],"predecessor-version":[{"id":1197,"href":"https:\/\/blog.polityka.pl\/agatapassent\/wp-json\/wp\/v2\/posts\/1191\/revisions\/1197"}],"wp:featuredmedia":[{"embeddable":true,"href":"https:\/\/blog.polityka.pl\/agatapassent\/wp-json\/wp\/v2\/media\/1198"}],"wp:attachment":[{"href":"https:\/\/blog.polityka.pl\/agatapassent\/wp-json\/wp\/v2\/media?parent=1191"}],"wp:term":[{"taxonomy":"category","embeddable":true,"href":"https:\/\/blog.polityka.pl\/agatapassent\/wp-json\/wp\/v2\/categories?post=1191"},{"taxonomy":"post_tag","embeddable":true,"href":"https:\/\/blog.polityka.pl\/agatapassent\/wp-json\/wp\/v2\/tags?post=1191"}],"curies":[{"name":"wp","href":"https:\/\/api.w.org\/{rel}","templated":true}]}}