
{"id":1,"date":"2013-03-21T10:02:55","date_gmt":"2013-03-21T10:02:55","guid":{"rendered":"http:\/\/antymatrix.blog.polityka.pl\/?p=1"},"modified":"2013-04-11T09:49:07","modified_gmt":"2013-04-11T07:49:07","slug":"witaj-swiecie","status":"publish","type":"post","link":"https:\/\/blog.polityka.pl\/antymatrix\/2013\/03\/21\/witaj-swiecie\/","title":{"rendered":"Antymatrix. Ten sam ale nie taki sam"},"content":{"rendered":"<p>Drodzy Czytelnicy! Po wielomiesi\u0119cznej przerwie Antymatrix wraca do \u017cycia. Antymatrix II \u00a0b\u0119dzie nawi\u0105zywa\u0142 do swego poprzednika, nie jest to wszak\u017ce bezpo\u015brednia kontynuacja. Jak si\u0119\u00a0ukszta\u0142tuje\u00a0charakter nowego blogu, jeszcze do ko\u0144ca nie wiem. Jak wskazuje podtytu\u0142, b\u0119dzie mia\u0142 on charakter dziennika, w kt\u00f3rym komentowa\u0107 b\u0119d\u0119 nie tylko interesuj\u0105ce mnie wydarzenia i tematy, lecz tak\u017ce zdam relacj\u0119 z realizacji nowych projekt\u00f3w, podr\u00f3\u017cy, pomys\u0142\u00f3w. Mam nadziej\u0119, \u017ce nowa formu\u0142a nie rozczaruje, zapraszam do lektury!<\/p>\n","protected":false},"excerpt":{"rendered":"<p>Drodzy Czytelnicy! Po wielomiesi\u0119cznej przerwie Antymatrix wraca do \u017cycia. Antymatrix II \u00a0b\u0119dzie nawi\u0105zywa\u0142 do swego poprzednika, nie jest to wszak\u017ce bezpo\u015brednia kontynuacja. Jak si\u0119\u00a0ukszta\u0142tuje\u00a0charakter nowego blogu, jeszcze do ko\u0144ca nie wiem. Jak wskazuje podtytu\u0142, b\u0119dzie mia\u0142 on charakter dziennika, w kt\u00f3rym komentowa\u0107 b\u0119d\u0119 nie tylko interesuj\u0105ce mnie wydarzenia i tematy, lecz tak\u017ce zdam relacj\u0119 z [&hellip;]<\/p>\n","protected":false},"author":1,"featured_media":0,"comment_status":"open","ping_status":"open","sticky":false,"template":"","format":"standard","meta":{"footnotes":""},"categories":[1],"tags":[],"_links":{"self":[{"href":"https:\/\/blog.polityka.pl\/antymatrix\/wp-json\/wp\/v2\/posts\/1"}],"collection":[{"href":"https:\/\/blog.polityka.pl\/antymatrix\/wp-json\/wp\/v2\/posts"}],"about":[{"href":"https:\/\/blog.polityka.pl\/antymatrix\/wp-json\/wp\/v2\/types\/post"}],"author":[{"embeddable":true,"href":"https:\/\/blog.polityka.pl\/antymatrix\/wp-json\/wp\/v2\/users\/1"}],"replies":[{"embeddable":true,"href":"https:\/\/blog.polityka.pl\/antymatrix\/wp-json\/wp\/v2\/comments?post=1"}],"version-history":[{"count":2,"href":"https:\/\/blog.polityka.pl\/antymatrix\/wp-json\/wp\/v2\/posts\/1\/revisions"}],"predecessor-version":[{"id":45,"href":"https:\/\/blog.polityka.pl\/antymatrix\/wp-json\/wp\/v2\/posts\/1\/revisions\/45"}],"wp:attachment":[{"href":"https:\/\/blog.polityka.pl\/antymatrix\/wp-json\/wp\/v2\/media?parent=1"}],"wp:term":[{"taxonomy":"category","embeddable":true,"href":"https:\/\/blog.polityka.pl\/antymatrix\/wp-json\/wp\/v2\/categories?post=1"},{"taxonomy":"post_tag","embeddable":true,"href":"https:\/\/blog.polityka.pl\/antymatrix\/wp-json\/wp\/v2\/tags?post=1"}],"curies":[{"name":"wp","href":"https:\/\/api.w.org\/{rel}","templated":true}]}}