
{"id":1787,"date":"2015-12-09T21:02:55","date_gmt":"2015-12-09T20:02:55","guid":{"rendered":"http:\/\/antymatrix.blog.polityka.pl\/?p=1787"},"modified":"2015-12-09T21:14:49","modified_gmt":"2015-12-09T20:14:49","slug":"wyrok-zapadl-nalezy-go-wyegzekwowac","status":"publish","type":"post","link":"https:\/\/blog.polityka.pl\/antymatrix\/2015\/12\/09\/wyrok-zapadl-nalezy-go-wyegzekwowac\/","title":{"rendered":"Wyrok zapad\u0142, nale\u017cy go wyegzekwowa\u0107"},"content":{"rendered":"<p><a href=\"\/wp-content\/uploads\/2015\/12\/12321133_534245633398886_2244576639232985510_n.jpg\"><img loading=\"lazy\" decoding=\"async\" class=\"aligncenter size-full wp-image-1789\" src=\"\/wp-content\/uploads\/2015\/12\/12321133_534245633398886_2244576639232985510_n.jpg\" alt=\"12321133_534245633398886_2244576639232985510_n\" width=\"800\" height=\"450\" srcset=\"\/antymatrix\/wp-content\/uploads\/2015\/12\/12321133_534245633398886_2244576639232985510_n.jpg 800w, \/antymatrix\/wp-content\/uploads\/2015\/12\/12321133_534245633398886_2244576639232985510_n-300x169.jpg 300w\" sizes=\"(max-width: 800px) 100vw, 800px\" \/><\/a>Trybuna\u0142 Konstytucyjny wyda\u0142 wyrok, sprawa jest jasna. Nawet Lech Kaczy\u0144ski jako prezydent RP podkre\u015bla\u0142, \u017ce z t\u0105 chwil\u0105 ko\u0144czy si\u0119 dyskusja &#8211; czy lubi si\u0119 Trybuna\u0142, czy nie.<br \/>\n<!--more--><br \/>\nWerdykt potwierdza, \u017ce nie tylko rz\u0105dz\u0105ca wi\u0119kszo\u015b\u0107, ale i prezydent Andrzej Duda z\u0142amali konstytucj\u0119. Oczywista oczywisto\u015b\u0107.<\/p>\n<p>Oczywi\u015bcie politycy PiS nie chc\u0105 uzna\u0107, \u017ce czarne jest czarne, a bia\u0142e jest bia\u0142e i na brutala dalej robi\u0105 swoje. Czy si\u0119 opami\u0119taj\u0105 po dzisiejszym wyroku? W\u0105tpliwe.\u00a0Adam Michnik w <strong><a href=\"http:\/\/wyborcza.pl\/1,75968,19314916,dekoracja-zamiast-demokracji.html\" target=\"_blank\">komentarzu w \u201eWyborczej&#8221;<\/a><\/strong> (opublikowanym jeszcze przed orzeczeniem Trybuna\u0142u) nazwa\u0142 spraw\u0119 wprost: w\u0142adz\u0119 sprawuje polityczna mafia, trwa pe\u0142zaj\u0105cy zamach stanu.<\/p>\n<p>Ujmuj\u0105c rzecz inaczej, nie mamy do czynienia z kryzysem konstytucyjnym, tylko z planem, kt\u00f3rego stawk\u0105 jest usuni\u0119cie przeszk\u00f3d w \u201ereformowaniu&#8221; Polski przez rz\u0105d PiS. Najwa\u017cniejsz\u0105 jest Trybuna\u0142 Konstytucyjny. Wyra\u017anie o tym m\u00f3wili politycy sejmowej wi\u0119kszo\u015bci.\u00a0Je\u015bli tak, to s\u0142abe s\u0105 szanse na wyj\u015bcie z sytuacji w inny spos\u00f3b ni\u017c zademonstrowanie, \u017ce wola prezesa nie jest wol\u0105 wolnego spo\u0142ecze\u0144stwa.<\/p>\n<p>Poka\u017cmy w sobot\u0119\u00a0podczas <strong><a href=\"https:\/\/www.facebook.com\/events\/1671345429749968\/\" target=\"_blank\">manifestacji pod Trybuna\u0142em Konstytucyjnym<\/a><\/strong>, \u017ce My, Nar\u00f3d, jeste\u015bmy przywi\u0105zani do prawa i nie akceptujemy bezprawia dziej\u0105cego si\u0119 w imi\u0119 sprawiedliwo\u015bci ludowej.<\/p>\n","protected":false},"excerpt":{"rendered":"<p>Trybuna\u0142 Konstytucyjny wyda\u0142 wyrok, sprawa jest jasna. Nawet Lech Kaczy\u0144ski jako prezydent RP podkre\u015bla\u0142, \u017ce z t\u0105 chwil\u0105 ko\u0144czy si\u0119 dyskusja &#8211; czy lubi si\u0119 Trybuna\u0142, czy nie.<\/p>\n","protected":false},"author":1,"featured_media":0,"comment_status":"closed","ping_status":"closed","sticky":false,"template":"","format":"standard","meta":{"footnotes":""},"categories":[1,98,49,120,6,70],"tags":[],"_links":{"self":[{"href":"https:\/\/blog.polityka.pl\/antymatrix\/wp-json\/wp\/v2\/posts\/1787"}],"collection":[{"href":"https:\/\/blog.polityka.pl\/antymatrix\/wp-json\/wp\/v2\/posts"}],"about":[{"href":"https:\/\/blog.polityka.pl\/antymatrix\/wp-json\/wp\/v2\/types\/post"}],"author":[{"embeddable":true,"href":"https:\/\/blog.polityka.pl\/antymatrix\/wp-json\/wp\/v2\/users\/1"}],"replies":[{"embeddable":true,"href":"https:\/\/blog.polityka.pl\/antymatrix\/wp-json\/wp\/v2\/comments?post=1787"}],"version-history":[{"count":4,"href":"https:\/\/blog.polityka.pl\/antymatrix\/wp-json\/wp\/v2\/posts\/1787\/revisions"}],"predecessor-version":[{"id":1792,"href":"https:\/\/blog.polityka.pl\/antymatrix\/wp-json\/wp\/v2\/posts\/1787\/revisions\/1792"}],"wp:attachment":[{"href":"https:\/\/blog.polityka.pl\/antymatrix\/wp-json\/wp\/v2\/media?parent=1787"}],"wp:term":[{"taxonomy":"category","embeddable":true,"href":"https:\/\/blog.polityka.pl\/antymatrix\/wp-json\/wp\/v2\/categories?post=1787"},{"taxonomy":"post_tag","embeddable":true,"href":"https:\/\/blog.polityka.pl\/antymatrix\/wp-json\/wp\/v2\/tags?post=1787"}],"curies":[{"name":"wp","href":"https:\/\/api.w.org\/{rel}","templated":true}]}}