
{"id":1963,"date":"2016-01-27T14:48:42","date_gmt":"2016-01-27T13:48:42","guid":{"rendered":"http:\/\/antymatrix.blog.polityka.pl\/?p=1963"},"modified":"2016-01-27T15:14:55","modified_gmt":"2016-01-27T14:14:55","slug":"prawica-lewica-dialog","status":"publish","type":"post","link":"https:\/\/blog.polityka.pl\/antymatrix\/2016\/01\/27\/prawica-lewica-dialog\/","title":{"rendered":"Prawica, lewica, dialog"},"content":{"rendered":"<div id=\"attachment_1966\" style=\"width: 845px\" class=\"wp-caption aligncenter\"><a href=\"\/wp-content\/uploads\/2016\/01\/Lewica.jpeg\"><img loading=\"lazy\" decoding=\"async\" aria-describedby=\"caption-attachment-1966\" class=\"wp-image-1966 size-full\" src=\"\/wp-content\/uploads\/2016\/01\/Lewica.jpeg\" alt=\"Lewica\" width=\"835\" height=\"459\" srcset=\"\/antymatrix\/wp-content\/uploads\/2016\/01\/Lewica.jpeg 835w, \/antymatrix\/wp-content\/uploads\/2016\/01\/Lewica-300x165.jpeg 300w\" sizes=\"(max-width: 835px) 100vw, 835px\" \/><\/a><p id=\"caption-attachment-1966\" class=\"wp-caption-text\">Fot. Nowa Konfederacja<\/p><\/div>\n<p>Internetowy <a href=\"http:\/\/www.nowakonfederacja.pl\/\" target=\"_blank\"><strong>magazyn \u201eNowa Konfederacja&#8221;<\/strong><\/a> zorganizowa\u0142 debat\u0119 pod perwersyjnym zdawa\u0142oby si\u0119 tytu\u0142em \u201eJakiej lewicy chce prawica?&#8221;.<br \/>\n<!--more--><br \/>\nW istocie dyskutowali\u015bmy (obok mnie Rafa\u0142 Chwedoruk, Micha\u0142 Ku\u017a, Rafa\u0142 Matyja, moderowa\u0142a Anna Kiljan) o mo\u017cliwo\u015bci lewicy w Polsce dzi\u015b. Ciekawe by\u0142o pozna\u0107 my\u015bli na ten temat prawicowych\/konserwatywnych analityk\u00f3w,\u00a0podobnie jak ciekawe by\u0142o, co my\u015bl\u0105 na temat projektu PiS.<\/p>\n<p>Punktem wyj\u015bcia do dyskusji sta\u0142 si\u0119\u00a0numer \u201eNK&#8221; z bojowym tytu\u0142em <a href=\"http:\/\/www.nowakonfederacja.pl\/wp-content\/uploads\/2016\/01\/NK-67.pdf\" target=\"_blank\"><strong>\u201eNadchodzi lewica 3.0. Lepsza czy gorsza od starej?&#8221;<\/strong><\/a> z blokiem ciekawych tekst\u00f3w autorstwa Rafa\u0142a Matyi, Micha\u0142a Kuzia, Piotra Trudnowskiego. Pytanie zasadnicze: na ile kl\u0119ska wyborcza Zjednoczonej Lewicy zamyka \u0107wier\u0107wiecze hegemonii na lewicowej scenie projektu postperelowskiego, kt\u00f3ry skutecznie blokowa\u0142 mo\u017cliwo\u015b\u0107 rozwoju projektu, nazwijmy go umownie, postsolidarno\u015bciowego? Wszystko wskazuje, \u017ce podczas sobotnich wybor\u00f3w przewodnicz\u0105cego aktyw SLD wybra\u0142 osinowy ko\u0142ek i znalaz\u0142 pomys\u0142 na ostateczne zej\u015bcie ze sceny.<\/p>\n<p>Je\u015bli tak, pojawia si\u0119 pytanie drugie &#8211; na ile pustk\u0119 wype\u0142ni Razem, buduj\u0105c na wzgl\u0119dnie dobrym wyniku wyborczym? Najciekawsz\u0105 recept\u0119 dla Razem ma Rafa\u0142 Matyja, sugeruj\u0105c, by partia ta gra\u0142a na antysystemowej, krytykuj\u0105cej III Rzeczpospolit\u0105, bo w ten spos\u00f3b ma szans\u0119 pozyskiwa\u0107 socjaln\u0105 cz\u0119\u015b\u0107 elektoratu PiS, rozczarowan\u0105 radykalizmem partii Jaros\u0142awa Kaczy\u0144skiego. Z kolei Micha\u0142 Ku\u017a przekonywa\u0142, \u017ce osi\u0105 podzia\u0142\u00f3w konstruuj\u0105cych programy polityczne b\u0119dzie napi\u0119cie globalno\u015b\u0107 &#8211; lokalno\u015b\u0107. I szans\u0105 dla lewicy jest porzucenie mrzonek internacjonalizmu i budowa na lokalnym idiomie.<\/p>\n<p>Oczywi\u015bcie to w uproszczeniu &#8211; warto wczyta\u0107 si\u0119 w teksty. Ju\u017c jednak te dwie g\u0142\u00f3wne propozycje pokazuj\u0105 kilka ciekawych w\u0105tk\u00f3w i sk\u0142aniaj\u0105 do dalszych pyta\u0144 (wiele z nich pojawi\u0142o si\u0119 w trakcie dyskusji). Po pierwsze, jaka jest istota projektu PiS? Okazuje si\u0119, \u017ce jest on tak niesp\u00f3jny, \u017ce nawet konserwatywni\/prawicowi obserwatorzy maj\u0105 z nim problem i z ocen\u0105, czy jest on pr\u00f3b\u0105 ratowania instytucji pa\u0144stwa przed ich demonta\u017cem w ramach programu neoliberalnego III RP (Rafa\u0142 Chwedoruk) czy przeciwnie, doprowadzi do demonta\u017cu instytucji i personalizacji polityki (czego obawia si\u0119 np. Rafa\u0142 Matyja).<\/p>\n<p>Po drugie, pytanie o polskie spo\u0142ecze\u0144stwo i jego wyj\u0105tkowo\u015b\u0107 rozumian\u0105 jako odporno\u015b\u0107 na zmian\u0119 (czyli to, co min. Waszczykowski definiuje jako przywi\u0105zanie do tradycyjnych polskich warto\u015bci, w kt\u00f3rych nie ma miejsca na mieszanie kultur, wegetarian i rowerzyst\u00f3w, odnawialne \u017ar\u00f3d\u0142a energii, a tak\u017ce, odwo\u0142uj\u0105c si\u0119 do my\u015bli prof. Szyszki, nie ma tak\u017ce miejsca na mi\u0119kkie lokowanie gender). Dyskutanci z prawicy, zgodnie z konserwatywnym paradygmatem, radz\u0105 lewicy odpuszczenie sobie temat\u00f3w kulturowych, bo na walce o prawa gej\u00f3w i innych ekscentrycznych tematach finansowanych z grant\u00f3w udzielanych przez zachodnie\/niemieckie fundacje elektoratu si\u0119 nie pozyska.<\/p>\n<p>Po trzecie, stosunek do III Rzeczpospolitej. Czy musi polega\u0107 na jej zakwestionowaniu czy na krytycznym uznaniu osi\u0105gni\u0119\u0107 transformacji jako punktu wyj\u015bcia do budowy nowego projektu. Znowu, przedstawiciele prawicy nie mieli w\u0105tpliwo\u015bci, \u017ce III Rzeczpospolit\u0105 nale\u017cy pogrzeba\u0107 i odci\u0105\u0107 si\u0119 od niej. W sumie mia\u0142em nieodparte wra\u017cenie, \u017ce z tych propozycji (uprzedzam, \u017ce relacjonuj\u0119 w skr\u00f3cie, paneli\u015bci nie m\u00f3wili jednym g\u0142osem), \u017ce idealnym wcieleniem dla lewicy b\u0119dzie partia socjalna, narodowa, kulturowo konserwatywna, eurosceptyczna. Hm, tak jakby PiS z wyborczych obietnic.<\/p>\n<p>C\u00f3\u017c, nie wierz\u0119 w tak g\u0142\u0119boki tradycjonalizm Polak\u00f3w, jakby chcia\u0142a prawica. Jestem przekonany, \u017ce w Polsce mo\u017cliwe s\u0105 takie przemiany, jakie nast\u0105pi\u0142y w Irlandii, gdzie bez utraty to\u017csamo\u015bci i przywi\u0105zania do religii Irlandczycy radykalnie otworzyli si\u0119 kulturowo, czego wyrazem by\u0142o referendum w sprawie r\u00f3wnych ma\u0142\u017ce\u0144stw niezale\u017cnie. Wystarczy\u0142o 20 lat. Jestem przekonany, o czym ju\u017c pisa\u0142em, \u017ce nowa lewica musi budowa\u0107 projekt odwo\u0142uj\u0105cy si\u0119 do narracji europejskiej i o\u015bwieceniowej,\u00a0do warto\u015bci demokracji liberalnej, uznaj\u0105cy godno\u015b\u0107 osoby\u00a0we wszystkich wymiarach jego egzystencji, z to\u017csamo\u015bci\u0105 kulturow\u0105 w\u0142\u0105cznie.<\/p>\n<p>Czy jednak buduj\u0105c na takiej platformie, lewica nie zginie jako przystawka projekt\u00f3w liberalnych? To jest zadanie do odrobienia, zadanie nie\u0142atwe, bo lewica w Polsce nie dysponuje w tej chwili ani baz\u0105, ani nadbudow\u0105. W zasadzie musi zaczyna\u0107 od zera. Co jest wyzwaniem, ale i szans\u0105, je\u015bli ta budowa nie b\u0119dzie polega\u0142a na konserwatywnym odgrzewaniu starych kotlet\u00f3w nowoczesnego, narodowego pa\u0144stwa dobrobytu. Tym, przynajmniej retorycznie, zajmuje si\u0119 teraz PiS.<\/p>\n<p>Ciesz\u0119 si\u0119 z tej dyskusji i dzi\u0119kuj\u0119 \u201eNowej Konfederacji&#8221;, bo pokaza\u0142a, \u017ce mo\u017cna kreowa\u0107 miejsca, gdzie mo\u017cliwa jest dyskusja nastawiona na zrozumienie drugiej strony, a nie na to, \u017ceby adwersarza zabi\u0107, cho\u0107by symbolicznie.<\/p>\n","protected":false},"excerpt":{"rendered":"<p>Internetowy magazyn \u201eNowa Konfederacja&#8221; zorganizowa\u0142 debat\u0119 pod perwersyjnym zdawa\u0142oby si\u0119 tytu\u0142em \u201eJakiej lewicy chce prawica?&#8221;.<\/p>\n","protected":false},"author":1,"featured_media":0,"comment_status":"closed","ping_status":"closed","sticky":false,"template":"","format":"standard","meta":{"footnotes":""},"categories":[1,98,197,10,56,223,189,24,257,20,49,258,6,9,124,73,50,165,70],"tags":[],"_links":{"self":[{"href":"https:\/\/blog.polityka.pl\/antymatrix\/wp-json\/wp\/v2\/posts\/1963"}],"collection":[{"href":"https:\/\/blog.polityka.pl\/antymatrix\/wp-json\/wp\/v2\/posts"}],"about":[{"href":"https:\/\/blog.polityka.pl\/antymatrix\/wp-json\/wp\/v2\/types\/post"}],"author":[{"embeddable":true,"href":"https:\/\/blog.polityka.pl\/antymatrix\/wp-json\/wp\/v2\/users\/1"}],"replies":[{"embeddable":true,"href":"https:\/\/blog.polityka.pl\/antymatrix\/wp-json\/wp\/v2\/comments?post=1963"}],"version-history":[{"count":4,"href":"https:\/\/blog.polityka.pl\/antymatrix\/wp-json\/wp\/v2\/posts\/1963\/revisions"}],"predecessor-version":[{"id":1969,"href":"https:\/\/blog.polityka.pl\/antymatrix\/wp-json\/wp\/v2\/posts\/1963\/revisions\/1969"}],"wp:attachment":[{"href":"https:\/\/blog.polityka.pl\/antymatrix\/wp-json\/wp\/v2\/media?parent=1963"}],"wp:term":[{"taxonomy":"category","embeddable":true,"href":"https:\/\/blog.polityka.pl\/antymatrix\/wp-json\/wp\/v2\/categories?post=1963"},{"taxonomy":"post_tag","embeddable":true,"href":"https:\/\/blog.polityka.pl\/antymatrix\/wp-json\/wp\/v2\/tags?post=1963"}],"curies":[{"name":"wp","href":"https:\/\/api.w.org\/{rel}","templated":true}]}}