
{"id":1974,"date":"2016-02-01T11:08:58","date_gmt":"2016-02-01T10:08:58","guid":{"rendered":"http:\/\/antymatrix.blog.polityka.pl\/?p=1974"},"modified":"2016-02-01T11:45:00","modified_gmt":"2016-02-01T10:45:00","slug":"uczelnie-czas-wyborow","status":"publish","type":"post","link":"https:\/\/blog.polityka.pl\/antymatrix\/2016\/02\/01\/uczelnie-czas-wyborow\/","title":{"rendered":"Uczelnie. Czas wybor\u00f3w"},"content":{"rendered":"<p><a href=\"http:\/\/komitethumanistyki.pl\/2016\/01\/15\/petycja\/\"><img loading=\"lazy\" decoding=\"async\" class=\"aligncenter wp-image-1975 size-full\" src=\"\/wp-content\/uploads\/2016\/02\/12540744_502075449953743_7422531323441608975_n.png\" alt=\"12540744_502075449953743_7422531323441608975_n\" width=\"851\" height=\"315\" srcset=\"\/antymatrix\/wp-content\/uploads\/2016\/02\/12540744_502075449953743_7422531323441608975_n.png 851w, \/antymatrix\/wp-content\/uploads\/2016\/02\/12540744_502075449953743_7422531323441608975_n-300x111.png 300w\" sizes=\"(max-width: 851px) 100vw, 851px\" \/><\/a>Polskie uczelnie czeka intensywny i wa\u017cny rok.<br \/>\n<!--more--><br \/>\nPo pierwsze, reformy planowane przez nowego ministra nauki i szkolnictwa wy\u017cszego. Ci\u0105gle jeszcze nie s\u0105 znane szczeg\u00f3\u0142y.<\/p>\n<p>Po drugie, rok 2016 to czas wyboru rektor\u00f3w. \u015arodowiska zwi\u0105zane z Komitetem Kryzysowym Humanistyki Polskiej i Uniwersytetem Zaanga\u017cowanym chc\u0105, \u017ceby w tym roku elekcja odbiega\u0142a od dotychczasowej rutyny i kampania wyborcza, przy zachowaniu dotychczasowych regu\u0142,\u00a0mia\u0142a jak najbardziej otwarty charakter, <a href=\"http:\/\/komitethumanistyki.pl\/2016\/01\/15\/petycja\/\" target=\"_blank\"><strong>dlatego apeluj\u0105 do senat\u00f3w uczelni o<\/strong><\/a>:<\/p>\n<blockquote><p>\u00a0zorganizowanie otwartej kampanii wyborczej na\u00a0stanowisko rektora i\u00a0zapewnienie instytucjonalnych warunk\u00f3w jej przebiegu. Oczekujemy, \u017ce\u00a0kandydaci, kt\u00f3rych\u00a0lista powinna zosta\u0107 og\u0142oszona odpowiednio wcze\u015bnie, b\u0119d\u0105 przyst\u0119powa\u0107 do\u00a0wybor\u00f3w z\u00a0programem, kt\u00f3rego\u00a0tre\u015b\u0107 zostanie podana do\u00a0wiadomo\u015bci publicznej. W\u00a0programie tym kandydaci ustosunkowa\u0107 si\u0119 powinni do\u00a0wyzwa\u0144 i\u00a0problem\u00f3w \u015brodowiska, kt\u00f3re b\u0119d\u0105 reprezentowa\u0107. Pr\u00f3cz kwestii zwi\u0105zanych z\u00a0funkcjonowaniem poszczeg\u00f3lnych instytut\u00f3w i\u00a0wydzia\u0142\u00f3w, w\u00a0programach tych powinny si\u0119 znale\u017a\u0107 informacje na\u00a0temat polityki, jak\u0105 kandydaci zamierzaj\u0105 prowadzi\u0107 wzgl\u0119dem poszczeg\u00f3lnych stan\u00f3w uniwersyteckich: pracownik\u00f3w technicznych i\u00a0administracyjnych, student\u00f3w, doktorant\u00f3w, adiunkt\u00f3w i\u00a0pracownik\u00f3w samodzielnych. Zwracamy si\u0119 r\u00f3wnie\u017c o\u00a0przedstawienie \u2013 wraz z\u00a0uzasadnieniem \u2013 kandydatur na\u00a0stanowiska prorektor\u00f3w i\u00a0kanclerza uczelni. Dla urzeczywistnienia takiej wizji wybor\u00f3w rektorskich postulujemy organizacj\u0119 cyklu debat z\u00a0kandydatami, s\u0142u\u017c\u0105cych zapoznaniu si\u0119 z\u00a0ich programem wyborczym.<\/p><\/blockquote>\n<p>To fragment petycji, jak\u0105 ci\u0105gle mo\u017cna podpisywa\u0107. O dotychczasowej praktyce wyborczej pisze w <a href=\"http:\/\/warszawa.wyborcza.pl\/warszawa\/1,34862,19514522,uw-bedzie-mialo-nowego-rektora-wybor-bez-wyborczej-burzy.html\" target=\"_blank\"><strong>\u201eGazecie Sto\u0142ecznej&#8221; Wojciech Karpieszuk<\/strong><\/a> na przyk\u0142adzie Uniwersytetu Warszawskiego:<\/p>\n<blockquote><p>Rektora UW wybierze 362 elektor\u00f3w. To studenci, doktoranci, pracownicy naukowi i administracyjni &#8211; reprezentuj\u0105 ca\u0142\u0105 spo\u0142eczno\u015b\u0107 akademick\u0105. Zostan\u0105 wybrani na wydzia\u0142ach (a elektorzy studenccy przez Parlament Student\u00f3w UW) do 22 lutego. Pierwszy raz zbior\u0105 si\u0119 9 marca. Ka\u017cdy z nich zapisze wtedy na kartce nazwiska dw\u00f3ch kandydat\u00f3w na rektora. Spo\u015br\u00f3d tych, kt\u00f3rzy zdob\u0119d\u0105 co najmniej 10 proc. g\u0142os\u00f3w i zgodz\u0105 si\u0119 na kandydowanie, rektora uczelni elektorzy wska\u017c\u0105 20 kwietnia.<\/p>\n<p>Problem w tym, \u017ce kiedy elektorzy zbieraj\u0105 si\u0119 pierwszy raz, to najcz\u0119\u015bciej wszystko jest ju\u017c przes\u0105dzone. Tajemnic\u0105 poliszynela jest to, \u017ce wcze\u015bniej trwa\u0142o korytarzowe dogadywanie si\u0119, czyje nazwiska wpisa\u0107 na kartce. Wielkich niespodzianek nie ma. Kandydaci, kt\u00f3rzy oficjalnie s\u0105 znani dopiero po 9 marca, nie przem\u0119czaj\u0105 si\u0119, nie walcz\u0105 o g\u0142osy. Odbywa si\u0119 niemrawa jedna debata &#8211; raczej pro forma. Kiedy podczas wybor\u00f3w rektora w 2012 r. by\u0142em na takim spotkaniu, omal nie zasn\u0105\u0142em z nud\u00f3w. Nie by\u0142o porywaj\u0105cych przem\u00f3w, k\u0105\u015bliwych ripost. Za to cz\u0119sto da\u0142o si\u0119 s\u0142ysze\u0107 oklepane formu\u0142ki: &#8222;Nie b\u0119d\u0119 si\u0119 powtarza\u0142, bo w zupe\u0142no\u015bci zgadzam si\u0119 z przedm\u00f3wc\u0105&#8221;.<\/p><\/blockquote>\n<p>Demokracja &#8211; czy to na poziomie pa\u0144stwa, samorz\u0105du czy uniwersytetu &#8211; ma sens wtedy tylko, kiedy anga\u017cuje uczestnik\u00f3w wsp\u00f3lnoty. Temperatura \u017cycia politycznego w Polsce spowodowa\u0142a, \u017ce ro\u015bnie tak\u017ce stawka wybor\u00f3w dokonywanych w tak wa\u017cnych instytucjach publicznych, jak uniwersytety i uczelnie wy\u017csze.<\/p>\n<p>O tej wadze przypomnia\u0142 Senat Uniwersytetu Warszawskiego w <a href=\"http:\/\/wyborcza.pl\/1,75478,19353841,senat-uniwersytetu-warszawskiego-przeciw-lamaniu-prawa-przez.html\" target=\"_blank\"><strong>uchwale w sprawie poszanowania \u0142adu konstytucyjnego<\/strong><\/a>.<\/p>\n","protected":false},"excerpt":{"rendered":"<p>Polskie uczelnie czeka intensywny i wa\u017cny rok.<\/p>\n","protected":false},"author":1,"featured_media":0,"comment_status":"closed","ping_status":"closed","sticky":false,"template":"","format":"standard","meta":{"footnotes":""},"categories":[98,29,120],"tags":[261,260],"_links":{"self":[{"href":"https:\/\/blog.polityka.pl\/antymatrix\/wp-json\/wp\/v2\/posts\/1974"}],"collection":[{"href":"https:\/\/blog.polityka.pl\/antymatrix\/wp-json\/wp\/v2\/posts"}],"about":[{"href":"https:\/\/blog.polityka.pl\/antymatrix\/wp-json\/wp\/v2\/types\/post"}],"author":[{"embeddable":true,"href":"https:\/\/blog.polityka.pl\/antymatrix\/wp-json\/wp\/v2\/users\/1"}],"replies":[{"embeddable":true,"href":"https:\/\/blog.polityka.pl\/antymatrix\/wp-json\/wp\/v2\/comments?post=1974"}],"version-history":[{"count":4,"href":"https:\/\/blog.polityka.pl\/antymatrix\/wp-json\/wp\/v2\/posts\/1974\/revisions"}],"predecessor-version":[{"id":1980,"href":"https:\/\/blog.polityka.pl\/antymatrix\/wp-json\/wp\/v2\/posts\/1974\/revisions\/1980"}],"wp:attachment":[{"href":"https:\/\/blog.polityka.pl\/antymatrix\/wp-json\/wp\/v2\/media?parent=1974"}],"wp:term":[{"taxonomy":"category","embeddable":true,"href":"https:\/\/blog.polityka.pl\/antymatrix\/wp-json\/wp\/v2\/categories?post=1974"},{"taxonomy":"post_tag","embeddable":true,"href":"https:\/\/blog.polityka.pl\/antymatrix\/wp-json\/wp\/v2\/tags?post=1974"}],"curies":[{"name":"wp","href":"https:\/\/api.w.org\/{rel}","templated":true}]}}