
{"id":2270,"date":"2016-04-26T08:16:36","date_gmt":"2016-04-26T06:16:36","guid":{"rendered":"http:\/\/antymatrix.blog.polityka.pl\/?p=2270"},"modified":"2016-04-26T08:23:56","modified_gmt":"2016-04-26T06:23:56","slug":"30-lat-po-czarnobylu","status":"publish","type":"post","link":"https:\/\/blog.polityka.pl\/antymatrix\/2016\/04\/26\/30-lat-po-czarnobylu\/","title":{"rendered":"30 lat po Czarnobylu"},"content":{"rendered":"<p><img loading=\"lazy\" decoding=\"async\" class=\"aligncenter size-full wp-image-2271\" src=\"\/wp-content\/uploads\/2016\/04\/Czarnobyl_Express.jpg\" alt=\"Czarnobyl_Express\" width=\"620\" height=\"426\" srcset=\"\/antymatrix\/wp-content\/uploads\/2016\/04\/Czarnobyl_Express.jpg 620w, \/antymatrix\/wp-content\/uploads\/2016\/04\/Czarnobyl_Express-300x206.jpg 300w\" sizes=\"(max-width: 620px) 100vw, 620px\" \/>Poranek podobnie s\u0142oneczny jak 30 lat temu, tyle \u017ce ch\u0142odniej. I nie od razu dowiedzieli\u015bmy si\u0119 o wybuchu w czarnobylskiej elektrowni atomowej, pierwsze informacje przynios\u0142a radioaktywna chmura, sowiecki re\u017cim pr\u00f3bowa\u0142 ukry\u0107 to, co si\u0119 sta\u0142o nad Prypeci\u0105.<br \/>\n<!--more--><br \/>\nTo ju\u017c wszystko wiemy. Dzi\u015b, po 30 latach, prezes francuskiej Agencji Bezpiecze\u0144stwa J\u0105drowego (ASN)\u00a0<a href=\"http:\/\/www.lemonde.fr\/energies\/article\/2016\/04\/22\/un-accident-nucleaire-majeur-ne-peut-etre-exclu-nulle-part-dans-le-monde_4907303_1653054.html\" target=\"_blank\"><strong>Pierre-Franck Chevet m\u00f3wi z pokor\u0105<\/strong><\/a>: nie mo\u017cna wykluczy\u0107 powa\u017cnego wypadku j\u0105drowego nigdzie na \u015bwiecie.<\/p>\n<p><iframe loading=\"lazy\" title=\"Tchernobyl, 26.04.1986, 01:23:50 AM\" width=\"1778\" height=\"1000\" src=\"https:\/\/www.youtube.com\/embed\/mNHneJGvILc?feature=oembed\" frameborder=\"0\" allow=\"accelerometer; autoplay; encrypted-media; gyroscope; picture-in-picture\" allowfullscreen><\/iframe><\/p>\n<p>To wa\u017cny g\u0142os, bo pochodzi z kraju o najwi\u0119kszym udziale energetyki j\u0105drowej w energetycznym miksie. Sektor nuklearny prze\u017cywa jednak we Francji powa\u017cny kryzys, narodowa ga\u0142\u0105\u017a przemys\u0142u od lat cierpi na k\u0142opoty finansowe, \u015blimacz\u0105 si\u0119 budowy nowych reaktor\u00f3w EPR we Flamanville i Olkiluoto. Francuzi zdecydowali, \u017ce b\u0119d\u0105 systematycznie zmniejsza\u0107 swe przywi\u0105zanie do atomu.<\/p>\n<p>Czy Chevenet panikuje, gdy m\u00f3wi:<\/p>\n<blockquote><p>Un accident majeur, comme ceux de Tchernobyl ou de Fukushima, ne peut \u00eatre exclu nulle part dans le monde, y compris en Europe. Nous devons en tirer les cons\u00e9quences. Fukushima a eu un impact radiologique dans un rayon de 100\u00a0km. (Powa\u017cnego wypadku, podobnego do Czarnobyla lub Fukushimy nie mo\u017cna wykluczy\u0107 nigdzie na \u015bwiecie, r\u00f3wnie\u017c w Europie. Musimy st\u0105d wyci\u0105gno\u0107 konsekwencje. Zasi\u0119g ska\u017cenia radiologicznego z Fukushimy si\u0119ga\u0142 100 km).<\/p><\/blockquote>\n<p>Nie, m\u00f3wi j\u0119zykiem zasady ostro\u017cno\u015bci, jaki po Czarnobylu i innych katastrofach ekologicznych sta\u0142 si\u0119 j\u0119zykiem analizy ryzyka rozwoju technologicznego. Zasada ostro\u017cno\u015bci ma rang\u0119 unijnej normy, we Francji jest wpisana w konstytucj\u0119. Polega na uznaniu, \u017ce zamiast modernistycznego optymizmu lepiej zak\u0142ada\u0107, \u017ce &#8222;pewne jest to, co niemo\u017cliwe&#8221;.<\/p>\n<p>Nie wszyscy akceptuj\u0105 takie podej\u015bcie, uznaj\u0105c, \u017ce hamuje ono rozw\u00f3j. Wol\u0105 przekonywa\u0107, odwo\u0142uj\u0105c si\u0119 do statystyk, \u017ce energetyka j\u0105drowa jest mimo Czarnobyla i Fukushimy najbezpieczniejsz\u0105 form\u0105 wytwarzania energii elektrycznej. Chevenet nie kwestionuje statystyk, sam odpowiedzialny jest za bezpiecze\u0144stwo j\u0105drowe we Francji i zapewnia, \u017ce nie pogorszy\u0142o si\u0119, cho\u0107 zbli\u017ca si\u0119 wiele wyzwa\u0144 zwi\u0105zanych ze starzeniem si\u0119 reaktor\u00f3w.<\/p>\n<div id=\"attachment_2272\" style=\"width: 630px\" class=\"wp-caption aligncenter\"><a href=\"http:\/\/www.teatrpolski.wroc.pl\/archiwum\/2015-2016\/magiel-obywatelski-o-energii-atomowej\"><img loading=\"lazy\" decoding=\"async\" aria-describedby=\"caption-attachment-2272\" class=\"wp-image-2272 size-large\" src=\"\/wp-content\/uploads\/2016\/04\/13055067_1167879043263525_6692504181813263354_o-1024x683.jpg\" alt=\"13055067_1167879043263525_6692504181813263354_o\" width=\"620\" height=\"414\" srcset=\"\/antymatrix\/wp-content\/uploads\/2016\/04\/13055067_1167879043263525_6692504181813263354_o-1024x683.jpg 1024w, \/antymatrix\/wp-content\/uploads\/2016\/04\/13055067_1167879043263525_6692504181813263354_o-300x200.jpg 300w, \/antymatrix\/wp-content\/uploads\/2016\/04\/13055067_1167879043263525_6692504181813263354_o-768x512.jpg 768w, \/antymatrix\/wp-content\/uploads\/2016\/04\/13055067_1167879043263525_6692504181813263354_o.jpg 1125w\" sizes=\"(max-width: 620px) 100vw, 620px\" \/><\/a><p id=\"caption-attachment-2272\" class=\"wp-caption-text\">Magiel obywatelski, Teatr Polski, Wroc\u0142aw.<\/p><\/div>\n<p>Dyskutowali\u015bmy niedawno o rocznicy Czarnobyla podczas <a href=\"http:\/\/www.teatrpolski.wroc.pl\/archiwum\/2015-2016\/magiel-obywatelski-o-energii-atomowej\" target=\"_blank\"><strong>&#8222;Magla obywatelskiego&#8221; w Teatrze Polskim we Wroc\u0142awiu,<\/strong><\/a> jedn\u0105 uczestniczek spotkania by\u0142a Nina Janczenko, mieszkanka miasta Prype\u0107 w chwili katastrofy.<\/p>\n<p>Jej wspomnienia przypomnia\u0142y, \u017ce istnieje zasadnicza r\u00f3\u017cnica mi\u0119dzy in\u017cynierskim postrzeganiem bezpiecze\u0144stwa technologicznego a jego recepcj\u0105 spo\u0142eczn\u0105 i kulturow\u0105. Ryzyko techniczne mo\u017cna szacowa\u0107, cho\u0107 Fukushima pokaza\u0142a, jak bardzo jest ograniczona ludzka wyobra\u017ania (o tym w\u0142a\u015bnie m\u00f3wi Chevenet). Znacznie trudniej zrozumie\u0107 ludzkie i spo\u0142eczne reakcje.<\/p>\n<p>Polska niepr\u0119dko, je\u015bli w og\u00f3le, zbuduje swoj\u0105 elektrowni\u0119, co oczywi\u015bcie nie ma wi\u0119kszego wp\u0142ywu na\u00a0bezpiecze\u0144stwo nuklearne w Polsce. Wszak \u017cyjemy w spo\u0142ecze\u0144stwie globalnego ryzyka.<\/p>\n","protected":false},"excerpt":{"rendered":"<p>Poranek podobnie s\u0142oneczny jak 30 lat temu, tyle \u017ce ch\u0142odniej. I nie od razu dowiedzieli\u015bmy si\u0119 o wybuchu w czarnobylskiej elektrowni atomowej, pierwsze informacje przynios\u0142a radioaktywna chmura, sowiecki re\u017cim pr\u00f3bowa\u0142 ukry\u0107 to, co si\u0119 sta\u0142o nad Prypeci\u0105.<\/p>\n","protected":false},"author":1,"featured_media":0,"comment_status":"closed","ping_status":"closed","sticky":false,"template":"","format":"standard","meta":{"footnotes":""},"categories":[45,187,96,21,24,49,120,8,6,86],"tags":[],"_links":{"self":[{"href":"https:\/\/blog.polityka.pl\/antymatrix\/wp-json\/wp\/v2\/posts\/2270"}],"collection":[{"href":"https:\/\/blog.polityka.pl\/antymatrix\/wp-json\/wp\/v2\/posts"}],"about":[{"href":"https:\/\/blog.polityka.pl\/antymatrix\/wp-json\/wp\/v2\/types\/post"}],"author":[{"embeddable":true,"href":"https:\/\/blog.polityka.pl\/antymatrix\/wp-json\/wp\/v2\/users\/1"}],"replies":[{"embeddable":true,"href":"https:\/\/blog.polityka.pl\/antymatrix\/wp-json\/wp\/v2\/comments?post=2270"}],"version-history":[{"count":3,"href":"https:\/\/blog.polityka.pl\/antymatrix\/wp-json\/wp\/v2\/posts\/2270\/revisions"}],"predecessor-version":[{"id":2275,"href":"https:\/\/blog.polityka.pl\/antymatrix\/wp-json\/wp\/v2\/posts\/2270\/revisions\/2275"}],"wp:attachment":[{"href":"https:\/\/blog.polityka.pl\/antymatrix\/wp-json\/wp\/v2\/media?parent=2270"}],"wp:term":[{"taxonomy":"category","embeddable":true,"href":"https:\/\/blog.polityka.pl\/antymatrix\/wp-json\/wp\/v2\/categories?post=2270"},{"taxonomy":"post_tag","embeddable":true,"href":"https:\/\/blog.polityka.pl\/antymatrix\/wp-json\/wp\/v2\/tags?post=2270"}],"curies":[{"name":"wp","href":"https:\/\/api.w.org\/{rel}","templated":true}]}}