
{"id":244,"date":"2013-09-11T08:30:07","date_gmt":"2013-09-11T06:30:07","guid":{"rendered":"http:\/\/antymatrix.blog.polityka.pl\/?p=244"},"modified":"2013-09-11T08:30:42","modified_gmt":"2013-09-11T06:30:42","slug":"o-warszawskich-pustostanach-w-prasowym","status":"publish","type":"post","link":"https:\/\/blog.polityka.pl\/antymatrix\/2013\/09\/11\/o-warszawskich-pustostanach-w-prasowym\/","title":{"rendered":"O warszawskich pustostanach w Prasowym"},"content":{"rendered":"<p><a href=\"\/wp-content\/uploads\/2013\/09\/P9100191.jpg\"><img loading=\"lazy\" decoding=\"async\" class=\"alignleft size-medium wp-image-245\" title=\"Joann Erbel\" src=\"\/wp-content\/uploads\/2013\/09\/P9100191-300x225.jpg\" alt=\"\" width=\"300\" height=\"225\" srcset=\"\/antymatrix\/wp-content\/uploads\/2013\/09\/P9100191-300x225.jpg 300w, \/antymatrix\/wp-content\/uploads\/2013\/09\/P9100191-1024x768.jpg 1024w\" sizes=\"(max-width: 300px) 100vw, 300px\" \/><\/a><br \/>\nDla czytelnik\u00f3w nie z Warszawy, <a href=\"https:\/\/www.facebook.com\/Prasowy\" target=\"_blank\">bar mleczny Prasowy<\/a> na Marsza\u0142kowskiej, po s\u0142ynnej ju\u017c <a href=\"http:\/\/warszawa.naszemiasto.pl\/artykul\/galeria\/1242373,radni-nie-sa-zgodni-co-do-przyszlosci-prasowego,id,t.html\" target=\"_blank\">batalii w jego obronie<\/a> istnieje i pokazuje, \u017ce mo\u017ce s\u0142u\u017cy\u0107 nie tylko celom gastronomicznym, lecz by\u0107 miejscem inspiruj\u0105cym i kulturotw\u00f3rczym. Aura, jaka otoczy\u0142a to miejsce w czasie walki sprzyja dzi\u015b licznym debatom o mie\u015bcie. Wczoraj dyskutowali\u015bmy o pustostanach, by\u0142 wiceprezydent Micha\u0142 Olszewski, Szymon \u017bydek z <a href=\"http:\/\/www.funbec.eu\/\" target=\"_blank\">Fundacji B\u0119c Zmiana<\/a>, Micha\u0142 Augustyn z <a href=\"http:\/\/wymiennik.org\/\" target=\"_blank\">Wymiennika<\/a>, Wojciech Nowakowski z <a href=\"http:\/\/www.capitalpark.pl\/\" target=\"_blank\">Capital Park<\/a>, Ma\u0142gorzata Mazur z <a href=\"http:\/\/zgnsrodmiescie.bip.um.warszawa.pl\/menu_podmiotowe\/Kierownictwo\/default.htm\" target=\"_blank\">Zak\u0142adu Gospodarowania Nieruchomo\u015bciami<\/a>. Dyskusj\u0119 prowadzi\u0142a Joanna Erbel. Pytanie g\u0142\u00f3wne: czy licznych warszawskich pustostan\u00f3w o charakterze u\u017cytkowym nie mo\u017cna wykorzystywa\u0107 lepiej, przeznaczaj\u0105c w czasie gdy czekaj\u0105 na inny los na cele spo\u0142eczne, kulturalne, edukacyjne?<!--more--><\/p>\n<p>Micha\u0142 Olszewski t\u0142umaczy\u0142 zawi\u0142o\u015bci miejskiej polityki nieruchomo\u015bciowej &#8211; Warszawa ma na wyposa\u017ceniu 9400 lokali u\u017cytkowych, kt\u00f3re udost\u0119pnia na r\u00f3\u017cnych zasadach: od czysto komercyjnej \u00a0przez wynajem na warunkach preferencyjnych dla rzemie\u015blnik\u00f3w po udost\u0119pnianie organizacjom spo\u0142ecznym, cz\u0119sto za symboliczn\u0105 z\u0142ot\u00f3wk\u0119. Wp\u0142ywy roczne \u00a0z wynajmu wynosz\u0105 220 mln z\u0142otych, z czego musi by\u0107 utrzymana ca\u0142a masa lokalowa, z remontami i amortyzacj\u0105. Na realia finansowe nak\u0142adaj\u0105 si\u0119 realia prawne: reprywatyzacja, wsp\u00f3\u0142dzielenie w\u0142asno\u015bci w ramach wsp\u00f3lnot, etc. W tych warunkach kszta\u0142tuj\u0105 si\u0119 decyzje i wida\u0107 wyra\u017anie prospo\u0142eczny trend: Prasowy, jak wspomnia\u0142em istnieje, po pami\u0119tnych bitwach o sk\u0142oty wida\u0107 prosk\u0142otowe ocieplenie, czy nawet wr\u0119cz otwarcie.<\/p>\n<p><a href=\"\/wp-content\/uploads\/2013\/09\/P9100182.jpg\"><img loading=\"lazy\" decoding=\"async\" class=\"alignleft size-medium wp-image-246\" title=\"Micha\u0142 Augustyn\" src=\"\/wp-content\/uploads\/2013\/09\/P9100182-300x225.jpg\" alt=\"\" width=\"300\" height=\"225\" srcset=\"\/antymatrix\/wp-content\/uploads\/2013\/09\/P9100182-300x225.jpg 300w, \/antymatrix\/wp-content\/uploads\/2013\/09\/P9100182-1024x768.jpg 1024w\" sizes=\"(max-width: 300px) 100vw, 300px\" \/><\/a>Mi\u0142o i sympatycznie, lecz jak czujnie ostrzega\u0142 Francisco Sanin, kolumbijski architekt po do\u015bwiadczeniach z modernizacj\u0105 Medellin, miasto nie jest do tego, \u017ceby by\u0142o przyjemnie. Miasto to kwintesencja \u017cycia, a \u017cycie to cz\u0119sto niekompatybilne interesy r\u00f3\u017cnych grup mieszka\u0144c\u00f3w. Ba, po pracach Bruno Latoura wiemy, \u017ce nawet ta kategoria wymaga dzi\u015b lepszego rozpoznania. W miejskiej grze uczestnicz\u0105 bardzo zr\u00f3\u017cnicowane podmioty: ludzie w r\u00f3\u017cnych rolach, miejska przyroda, infrastruktura techniczna, kapita\u0142, pa\u0144stwo swoimi decyzjami, etc. Podmiotem sporu mog\u0105 by\u0107 drzewa, kt\u00f3rym g\u0142osu udzielaj\u0105 mieszka\u0144cy, jak sta\u0142o si\u0119 podczas sporu o rewitalizacj\u0119 parku Krasi\u0144skich.<\/p>\n<p>Wraz ze zmian\u0105 rozumienia miejskiej podmiotowo\u015bci zmieni\u0107 si\u0119 tak\u017ce musi spos\u00f3b komunikowania, dotychczas ci\u0105gle odzwierciedla on stary resortowy podzia\u0142 na problemy: sprawy spo\u0142eczne to bieda, edukacja to domena biura edukacji i zawsze zbyt wysokie koszty, innowacje to wsp\u00f3\u0142praca z uczelniami i biznesem plus high-tech, kultura to godzenie sprzecznych interes\u00f3w ludzi kultury, etc. Tymczasem, i o tym m\u00f3wi\u0142em na wczorajszym spotkaniu, je\u015bli jednym z cel\u00f3w Warszawy jest oparcie rozwoju na kreatywno\u015bci i innowacyjno\u015bci, to warunkiem osi\u0105gni\u0119cia tego celu jest wykreowanie kultury kreatywno\u015bci i innowacyjno\u015bci. Ta za\u015b nie powstaje w inkubatorach nafaszerowanych high-tech, tylko w miejscach, gdzie przecinaj\u0105 si\u0119 i spotykaj\u0105, wzajemnie inspiruj\u0105c r\u00f3\u017cne dyskursy. Przyk\u0142adami takich miejsc s\u0105 coraz liczniejsze w Europie hackerspace&#8217;y, fablaby czy brazylijskie Pontos de Cultura.<\/p>\n<p><a href=\"\/wp-content\/uploads\/2013\/09\/P9100181.jpg\"><img loading=\"lazy\" decoding=\"async\" class=\"alignleft size-medium wp-image-247\" title=\"Micha\u0142 Olszewski, Ma\u0142gorzata Mzur\" src=\"\/wp-content\/uploads\/2013\/09\/P9100181-300x225.jpg\" alt=\"\" width=\"300\" height=\"225\" srcset=\"\/antymatrix\/wp-content\/uploads\/2013\/09\/P9100181-300x225.jpg 300w, \/antymatrix\/wp-content\/uploads\/2013\/09\/P9100181-1024x768.jpg 1024w\" sizes=\"(max-width: 300px) 100vw, 300px\" \/><\/a>Innowacyjno\u015b\u0107 kwitnie w przestrzeniach sprzyjaj\u0105cych otwartej, nieformalnej wsp\u00f3\u0142pracy. Miejscach, do kt\u00f3rych o ka\u017cdej chwili mogliby wpa\u015b\u0107 ludzie zainteresowani technik\u0105, hackerk\u0105, kultur\u0105, aktywi\u015bci, tw\u00f3rcy profesjonalni i amatorzy, by rozmawiaj\u0105c i wsp\u00f3lnie podejmuj\u0105c projekty tworzy\u0107 rozwi\u0105zania dla nurtuj\u0105cych ich problem\u00f3w: np. jak stworzy\u0107 w Internecie system do zarz\u0105dzania s\u0105siedzkim bankiem czasu, albo dzielenia samochod\u00f3w, albo wymiany innych us\u0142ug. Miejscem takich spotka\u0144 s\u0105 w tej chwili sporadycznie odbywaj\u0105ce si\u0119 hackathony, warto jednak \u017ceby docelowo takie hackathony przekszta\u0142ci\u0142y si\u0119 w sta\u0142e miejsca, obecne najlepiej w ka\u017cdym osiedlu. Zaopatrzone w elementarn\u0105 techniczn\u0105 infrastruktur\u0119: internet, komputery, drukarki 3D, tablic\u0119, st\u00f3\u0142 \u0142\u0105czy\u0142by r\u00f3\u017cne funkcje: spo\u0142eczne, edukacyjne, kulturalne. I otwarte, bez narzuconego z g\u00f3ry programu.<\/p>\n<p>Takich miejsc w Warszawie ci\u0105gle nie ma, je\u015bli s\u0105 to raczej ograniczaj\u0105 si\u0119 do realizacji jednej funkcji, jak Centrum Spo\u0142eczne na Paca. Tu za\u015b chodzi o prze\u0142amanie resortowych barier. Mam jednak wra\u017cenie, \u017ce z tymi barierami trzeba jeszcze b\u0119dzie powalczy\u0107. Micha\u0142 Olszewski odnosz\u0105c si\u0119 w komentarzu do mojej wypowiedzi stwierdzi\u0142, \u017ce miasto niebawem uruchomi taki &#8222;hackerspace&#8221; wsp\u00f3lnie z politechnik\u0105 na ul. Bitwy Warszawskiej. \u015awietnie, zobaczymy jak b\u0119dzie zorganizowany. Mnie jednak marz\u0105 si\u0119 prostsze miejsca zgodne z formu\u0142a &#8222;low profile, high tech, informal and open&#8221;. Dobrze jednak, \u017ce ju\u017c s\u0105 miejsca, jak Prasowy, gdzie mo\u017cna o tym pogada\u0107.<\/p>\n","protected":false},"excerpt":{"rendered":"<p>Dla czytelnik\u00f3w nie z Warszawy, bar mleczny Prasowy na Marsza\u0142kowskiej, po s\u0142ynnej ju\u017c batalii w jego obronie istnieje i pokazuje, \u017ce mo\u017ce s\u0142u\u017cy\u0107 nie tylko celom gastronomicznym, lecz by\u0107 miejscem inspiruj\u0105cym i kulturotw\u00f3rczym. Aura, jaka otoczy\u0142a to miejsce w czasie walki sprzyja dzi\u015b licznym debatom o mie\u015bcie. Wczoraj dyskutowali\u015bmy o pustostanach, by\u0142 wiceprezydent Micha\u0142 Olszewski, [&hellip;]<\/p>\n","protected":false},"author":1,"featured_media":0,"comment_status":"open","ping_status":"closed","sticky":false,"template":"","format":"standard","meta":{"footnotes":""},"categories":[65,46,55,56,15,92,29,24,49,66,86,94],"tags":[],"_links":{"self":[{"href":"https:\/\/blog.polityka.pl\/antymatrix\/wp-json\/wp\/v2\/posts\/244"}],"collection":[{"href":"https:\/\/blog.polityka.pl\/antymatrix\/wp-json\/wp\/v2\/posts"}],"about":[{"href":"https:\/\/blog.polityka.pl\/antymatrix\/wp-json\/wp\/v2\/types\/post"}],"author":[{"embeddable":true,"href":"https:\/\/blog.polityka.pl\/antymatrix\/wp-json\/wp\/v2\/users\/1"}],"replies":[{"embeddable":true,"href":"https:\/\/blog.polityka.pl\/antymatrix\/wp-json\/wp\/v2\/comments?post=244"}],"version-history":[{"count":3,"href":"https:\/\/blog.polityka.pl\/antymatrix\/wp-json\/wp\/v2\/posts\/244\/revisions"}],"predecessor-version":[{"id":250,"href":"https:\/\/blog.polityka.pl\/antymatrix\/wp-json\/wp\/v2\/posts\/244\/revisions\/250"}],"wp:attachment":[{"href":"https:\/\/blog.polityka.pl\/antymatrix\/wp-json\/wp\/v2\/media?parent=244"}],"wp:term":[{"taxonomy":"category","embeddable":true,"href":"https:\/\/blog.polityka.pl\/antymatrix\/wp-json\/wp\/v2\/categories?post=244"},{"taxonomy":"post_tag","embeddable":true,"href":"https:\/\/blog.polityka.pl\/antymatrix\/wp-json\/wp\/v2\/tags?post=244"}],"curies":[{"name":"wp","href":"https:\/\/api.w.org\/{rel}","templated":true}]}}