
{"id":2520,"date":"2016-08-15T17:29:07","date_gmt":"2016-08-15T15:29:07","guid":{"rendered":"http:\/\/antymatrix.blog.polityka.pl\/?p=2520"},"modified":"2016-08-15T20:42:30","modified_gmt":"2016-08-15T18:42:30","slug":"mapa-kultury-i-jej-terytorium-odliczanie-do-kongresu","status":"publish","type":"post","link":"https:\/\/blog.polityka.pl\/antymatrix\/2016\/08\/15\/mapa-kultury-i-jej-terytorium-odliczanie-do-kongresu\/","title":{"rendered":"Mapa kultury i jej terytorium. Odliczanie do Kongresu Kultury"},"content":{"rendered":"<div id=\"attachment_2521\" style=\"width: 630px\" class=\"wp-caption aligncenter\"><a href=\"https:\/\/www.facebook.com\/KongresKultury.2016\/?fref=ts#\"><img loading=\"lazy\" decoding=\"async\" aria-describedby=\"caption-attachment-2521\" class=\"wp-image-2521 size-large\" src=\"\/wp-content\/uploads\/2016\/08\/13913608_533862063486310_4309329067638312935_o-1024x768.jpg\" alt=\"13913608_533862063486310_4309329067638312935_o\" width=\"620\" height=\"465\" srcset=\"\/antymatrix\/wp-content\/uploads\/2016\/08\/13913608_533862063486310_4309329067638312935_o-1024x768.jpg 1024w, \/antymatrix\/wp-content\/uploads\/2016\/08\/13913608_533862063486310_4309329067638312935_o-300x225.jpg 300w, \/antymatrix\/wp-content\/uploads\/2016\/08\/13913608_533862063486310_4309329067638312935_o-768x576.jpg 768w, \/antymatrix\/wp-content\/uploads\/2016\/08\/13913608_533862063486310_4309329067638312935_o.jpg 2048w\" sizes=\"(max-width: 620px) 100vw, 620px\" \/><\/a><p id=\"caption-attachment-2521\" class=\"wp-caption-text\">Iza i Marcin Zalewscy z Nowego Miasta Lubawskiego, uczestnicy Kongresu Kultury, autorzy jednego z temat\u00f3w<\/p><\/div>\n<p>20 sierpnia ko\u0144czy si\u0119 bardzo wa\u017cny etap przygotowa\u0144 do <a href=\"http:\/\/kongreskultury2016.pl\/\" target=\"_blank\"><strong>Kongresu Kultury<\/strong><\/a> \u2013 do tego dnia mo\u017cna zg\u0142asza\u0107 propozycje temat\u00f3w, jakie powinny znale\u017a\u0107 si\u0119 w programie Kongresu i sta\u0107 si\u0119 przedmiotem dyskusji w zespo\u0142ach problemowych.<br \/>\n<!--more--><br \/>\nNa tydzie\u0144 przed ko\u0144cem naboru zg\u0142oszono ok. stu zagadnie\u0144. Ich autorami s\u0105 ludzie kultury z ca\u0142ego kraju, z du\u017cych miast i ma\u0142ych o\u015brodk\u00f3w.<\/p>\n<p><iframe loading=\"lazy\" title=\"Jak zarejestrowa\u0107 sw\u00f3j temat na Kongresie Kultury?\" width=\"1778\" height=\"1000\" src=\"https:\/\/www.youtube.com\/embed\/vj7ufeMG7ig?feature=oembed\" frameborder=\"0\" allow=\"accelerometer; autoplay; encrypted-media; gyroscope; picture-in-picture\" allowfullscreen><\/iframe><\/p>\n<p>Co ich interesuje, o czym chcieliby rozmawia\u0107?<\/p>\n<p>O samej kulturze i jej znaczeniu w kszta\u0142towaniu zbiorowej wyobra\u017ani i to\u017csamo\u015bci: mniej czy wi\u0119cej romantyzmu? Czy w og\u00f3le potrzebujemy polityki historycznej, a je\u015bli tak, to jakiej? Co si\u0119 sta\u0142o z krytyk\u0105 sztuki i kultury, dlaczego na tym polu abdykowa\u0142y media masowe, a internet nie przej\u0105\u0142 ich funkcji?<\/p>\n<p><iframe loading=\"lazy\" title=\"Sylwia Chutnik zaprasza na Kongres Kultury\" width=\"1778\" height=\"1000\" src=\"https:\/\/www.youtube.com\/embed\/_MWhD4iRTlU?feature=oembed\" frameborder=\"0\" allow=\"accelerometer; autoplay; encrypted-media; gyroscope; picture-in-picture\" allowfullscreen><\/iframe><\/p>\n<p>Nie brakuje wskaza\u0144 na tematy zwi\u0105zane z organizacj\u0105 kultury i wieloma patologiami: czas powa\u017cnie zmierzy\u0107 si\u0119 z problemem festiwalizacji i festynizacji, odpowiedzie\u0107, jaka jest rzeczywista autonomia instytucji kultury i sztuki, oraz w jaki spos\u00f3b powo\u0142ywane s\u0105 osoby nimi kieruj\u0105ce (cho\u0107by problem z powo\u0142aniami dyrektor\u00f3w teatr\u00f3w, jaki wywo\u0142ywa\u0142 i wywo\u0142uje w ostatnim czasie napi\u0119cia we Wroc\u0142awiu, Toruniu, Warszawie, \u0141odzi). To za\u015b prowadzi do kwestii polityk kulturalnych na poziomie krajowym i lokalnym.<\/p>\n<p>Kultura jednak wykracza poza to, czym zajmuj\u0105 si\u0119 instytucje i czym interesuj\u0105 si\u0119 media masowe. Kultura rozwijana w o\u015brodkach peryferyjnych cz\u0119sto w spos\u00f3b nieformalny staje si\u0119 coraz istotniejszym elementem kulturowego krajobrazu Polski. Podobnie jak kultura rozwijana przez r\u00f3\u017cnorodne mniejszo\u015bci. Jak t\u0119 r\u00f3\u017cnorodno\u015b\u0107 wspiera\u0107?<\/p>\n<p>A\u00a0jak wspiera\u0107 i rozwija\u0107 kultur\u0119 dla dzieci, traktowane ca\u0142y czas przez &#8222;system&#8221; przedmiotowo, a nie podmiotowo?<\/p>\n<p>To ci\u0105gle tylko fragment obszernej listy. Inne kwestie to bariery w dost\u0119pie do kultury, edukacja artystyczna dla wszystkich i profesjonalne kszta\u0142cenie artystyczne, wsp\u00f3\u0142praca biznesu ze \u015brodowiskami kultury, otwarto\u015b\u0107 kultury i sztuki na osi\u0105gni\u0119cia nauki.<\/p>\n<p><iframe loading=\"lazy\" title=\"Zg\u0142oszony temat - Arkadiusz Klucznik - Dziecko wsp\u00f3\u0142czesny odbiorca kultury\" width=\"1778\" height=\"1000\" src=\"https:\/\/www.youtube.com\/embed\/u8knVgFq0fc?feature=oembed\" frameborder=\"0\" allow=\"accelerometer; autoplay; encrypted-media; gyroscope; picture-in-picture\" allowfullscreen><\/iframe><\/p>\n<p>R\u00f3wnolegle z procesem zg\u0142aszania temat\u00f3w zesp\u00f3\u0142 z\u0142o\u017cony z badaczy i badaczek z o\u015brodk\u00f3w akademickich\u00a0tworzy map\u0119 kultury we wsp\u00f3\u0142czesnej Polsce. Pierwszy jej szkic ujawni\u0142 skal\u0119 z\u0142o\u017cono\u015bci przestrzeni kultury, wielo\u015bci zjawisk, proces\u00f3w, tendencji, si\u0142 &#8211; cho\u0107 nie powinna by\u0107 ona zaskoczeniem dla nikogo, kto \u015bledzi doniesienia naukowe, to jednak robi wra\u017cenie sw\u0105 g\u0119sto\u015bci\u0105.<\/p>\n<p>Najwa\u017cniejsze, \u017ce mapa zaczyna pokrywa\u0107 si\u0119 z terytorium &#8211; tematy zg\u0142aszane przez uczestnik\u00f3w Kongresu zaz\u0119biaj\u0105 si\u0119 z punktami wyznaczonymi przez badaczy, wype\u0142niaj\u0105c je konkretn\u0105 tre\u015bci\u0105. Je\u015bli pojawia si\u0119 problem walki z festinizacj\u0105, to jednocze\u015bnie pojawia si\u0119 przyk\u0142ad, jak w niewielkim mie\u015bcie mo\u017cna przeciwstawi\u0107 si\u0119 dyktatowi festynowego formatu i zamiast organizowa\u0107 jarmark &#8222;dni miasta&#8221;, tworzy\u0107 ciekawszy program kulturalnego \u017cycia.<\/p>\n<p><iframe loading=\"lazy\" title=\"Rewolucja kulturalna...w miasteczku \u015bredniej wielko\u015bci\" width=\"1778\" height=\"1000\" src=\"https:\/\/www.youtube.com\/embed\/_d1Y-tNPoRw?feature=oembed\" frameborder=\"0\" allow=\"accelerometer; autoplay; encrypted-media; gyroscope; picture-in-picture\" allowfullscreen><\/iframe><\/p>\n<p>Do 20 sierpnia pojawi si\u0119 zapewne wiele kolejnych zagadnie\u0144. Ju\u017c teraz jednak wida\u0107, \u017ce terytorium kultury w Polsce to\u00a0przestrze\u0144 tw\u00f3rczej energii, r\u00f3\u017cnorodno\u015bci, z\u0142o\u017cono\u015bci, aktywno\u015bci, podmiotowo\u015bci. Ta r\u00f3\u017cnorodno\u015b\u0107, wielo\u015b\u0107 i z\u0142o\u017cono\u015b\u0107 jest przeciwie\u0144stwem coraz wi\u0119kszej polaryzacji sceny politycznej w Polsce.<\/p>\n<p>Pokazuje jednak, \u017ce wbrew popularnym tezom o podziale polskiego spo\u0142ecze\u0144stwa na &#8222;dwa plemiona&#8221; spo\u0142eczna rzeczywisto\u015b\u0107 wyra\u017caj\u0105ca si\u0119 w kulturze i poprzez kultur\u0119 ci\u0105gle jeszcze nie poddaje si\u0119\u00a0takiej redukcji.<\/p>\n<p>Zbierzmy si\u0119 zatem i zg\u0142aszajmy kolejne problemy, tak by mapa wsp\u00f3\u0142czesnej kultury w Polsce mia\u0142a jak najmniej bia\u0142ych plam.<\/p>\n<p>Link do audycji <a href=\"http:\/\/audycje.tokfm.pl\/odcinek\/Jakiej-kultury-dzis-potrzebujemy\/40312\" target=\"_blank\"><strong>&#8222;Jakiej kultury dzi\u015b potrzebujemy?&#8221; w TOK FM<\/strong><\/a>, czyli Pi\u0105teczek Wojciecha Orli\u0144skiego z udzia\u0142em moim i Beaty Chmiel.<\/p>\n","protected":false},"excerpt":{"rendered":"<p>20 sierpnia ko\u0144czy si\u0119 bardzo wa\u017cny etap przygotowa\u0144 do Kongresu Kultury \u2013 do tego dnia mo\u017cna zg\u0142asza\u0107 propozycje temat\u00f3w, jakie powinny znale\u017a\u0107 si\u0119 w programie Kongresu i sta\u0107 si\u0119 przedmiotem dyskusji w zespo\u0142ach problemowych.<\/p>\n","protected":false},"author":1,"featured_media":0,"comment_status":"closed","ping_status":"closed","sticky":false,"template":"","format":"standard","meta":{"footnotes":""},"categories":[98,65,219,55,197,71,274,10,56,182,15,24,257,20,49,120,6,66,44,82,86,50,70],"tags":[],"_links":{"self":[{"href":"https:\/\/blog.polityka.pl\/antymatrix\/wp-json\/wp\/v2\/posts\/2520"}],"collection":[{"href":"https:\/\/blog.polityka.pl\/antymatrix\/wp-json\/wp\/v2\/posts"}],"about":[{"href":"https:\/\/blog.polityka.pl\/antymatrix\/wp-json\/wp\/v2\/types\/post"}],"author":[{"embeddable":true,"href":"https:\/\/blog.polityka.pl\/antymatrix\/wp-json\/wp\/v2\/users\/1"}],"replies":[{"embeddable":true,"href":"https:\/\/blog.polityka.pl\/antymatrix\/wp-json\/wp\/v2\/comments?post=2520"}],"version-history":[{"count":4,"href":"https:\/\/blog.polityka.pl\/antymatrix\/wp-json\/wp\/v2\/posts\/2520\/revisions"}],"predecessor-version":[{"id":2526,"href":"https:\/\/blog.polityka.pl\/antymatrix\/wp-json\/wp\/v2\/posts\/2520\/revisions\/2526"}],"wp:attachment":[{"href":"https:\/\/blog.polityka.pl\/antymatrix\/wp-json\/wp\/v2\/media?parent=2520"}],"wp:term":[{"taxonomy":"category","embeddable":true,"href":"https:\/\/blog.polityka.pl\/antymatrix\/wp-json\/wp\/v2\/categories?post=2520"},{"taxonomy":"post_tag","embeddable":true,"href":"https:\/\/blog.polityka.pl\/antymatrix\/wp-json\/wp\/v2\/tags?post=2520"}],"curies":[{"name":"wp","href":"https:\/\/api.w.org\/{rel}","templated":true}]}}