
{"id":2799,"date":"2016-11-09T08:04:29","date_gmt":"2016-11-09T07:04:29","guid":{"rendered":"http:\/\/antymatrix.blog.polityka.pl\/?p=2799"},"modified":"2016-11-09T09:11:01","modified_gmt":"2016-11-09T08:11:01","slug":"a-wiec-trump","status":"publish","type":"post","link":"https:\/\/blog.polityka.pl\/antymatrix\/2016\/11\/09\/a-wiec-trump\/","title":{"rendered":"A wi\u0119c Trump"},"content":{"rendered":"<div id=\"attachment_2802\" style=\"width: 630px\" class=\"wp-caption aligncenter\"><img loading=\"lazy\" decoding=\"async\" aria-describedby=\"caption-attachment-2802\" class=\"wp-image-2802 size-large\" src=\"\/wp-content\/uploads\/2016\/11\/Wybory-1024x551.jpg\" alt=\"Wybory\" width=\"620\" height=\"334\" srcset=\"\/antymatrix\/wp-content\/uploads\/2016\/11\/Wybory-1024x551.jpg 1024w, \/antymatrix\/wp-content\/uploads\/2016\/11\/Wybory-300x161.jpg 300w, \/antymatrix\/wp-content\/uploads\/2016\/11\/Wybory-768x413.jpg 768w, \/antymatrix\/wp-content\/uploads\/2016\/11\/Wybory.jpg 1854w\" sizes=\"(max-width: 620px) 100vw, 620px\" \/><p id=\"caption-attachment-2802\" class=\"wp-caption-text\">9 listopada 2016 r., godz. 8.00 czasu warszawskiego<\/p><\/div>\n<p>Tak, znam argumenty: Donald Trump nie b\u0119dzie jako prezydent USA robi\u0142 tego, co m\u00f3wi\u0142 jako kandydat na prezydenta. Z wi\u0119kszo\u015bci\u0105 w obu Izbach Kongresu i S\u0105dem Najwy\u017cszym o sk\u0142adzie, jaki ukszta\u0142tuje si\u0119 po niezb\u0119dnych nominacjach, nowy prezydent b\u0119dzie dysponowa\u0142 olbrzymi\u0105 mo\u017cliwo\u015bci\u0105 dzia\u0142ania. Jak j\u0105 wykorzysta?<br \/>\n<!--more--><br \/>\nTo oczywi\u015bcie g\u0142\u00f3wne pytanie, z jakim mierz\u0105 si\u0119 analitycy. Raczej \u017ale zapowiada si\u0119 przysz\u0142o\u015b\u0107 procesu klimatycznego, mi\u0119dzynarodowa integracja gospodarcza te\u017c spowolni, a TTIP trafi na p\u00f3\u0142k\u0119. Czy tam tak\u017ce trafi\u0105 ju\u017c obowi\u0105zuj\u0105ce traktaty, jak NATO? <\/p>\n<p>Kluczowe pytanie dla kraj\u00f3w cz\u0142onkowskich granicz\u0105cych z Rosj\u0105. S\u0105dz\u0105c po kampanijnych zapowiedziach i oczekiwaniach elektoratu, Donald Trump b\u0119dzie d\u0105\u017cy\u0142 do bardziej izolacjonistycznej polityki USA. Wielu analityk\u00f3w zwraca jednak uwag\u0119, \u017ce taki izolacjonizm w dzisiejszym \u015bwiecie jest niemo\u017cliwy \u2013 pr\u00f3\u017cni\u0119 pr\u00f3bowa\u0107 b\u0119d\u0105 wype\u0142ni\u0107 inne pa\u0144stwa rywalizuj\u0105ce z USA w globalnym podziale wp\u0142yw\u00f3w, co pr\u0119dzej czy p\u00f3\u017aniej doprowadzi\u0142oby do konfrontacji i przypomnia\u0142o o konieczno\u015bci zaanga\u017cowania.<\/p>\n<p>Okaza\u0107 si\u0119 wi\u0119c mo\u017ce, \u017ce w wymiarze polityki mi\u0119dzynarodowej a\u017c tak wielkich zmian nie b\u0119dzie, ba \u2013 inspirowana izolacjonizmem wstrzemi\u0119\u017aliwo\u015b\u0107 administracji Trumpa mo\u017ce by\u0107 nawet lepsza ni\u017c rewolucyjny ekspansjonizm George&#8217;a W. Busha. Jak b\u0119dzie, oczywi\u015bcie nie wiadomo \u2013 wiadomo, \u017ce polityk\u0119 nowego prezydenta b\u0119dzie szczeg\u00f3lnie intensywnie sprawdza\u0107 Rosja.<\/p>\n<p>I wiadomo, \u017ce pada kolejny po Wielkiej Brytanii filar polskiej polityki zagranicznej. Trudno o bardziej spektakularne fiasko strategii obliczonej na Wielk\u0105 Brytani\u0119 i USA. Jak teraz wr\u00f3ci\u0107 do Europy, bo tylko odbudowa jej si\u0142y stwarza jakiekolwiek szanse na bezpiecze\u0144stwo w nowym \u015bwiecie?<\/p>\n<p>Bo \u015bwiat, jaki znali\u015bmy, sko\u0144czy\u0142 si\u0119, nie z powodu wyboru Donalda Trumpa \u2013 ten wyb\u00f3r jest przypiecz\u0119towaniem procesu dobrze od lat opisywanego przez badaczy. Opis mia\u0142 jednak niewielki wp\u0142yw na dzia\u0142anie elit politycznych i gospodarczych, kt\u00f3re nie potrafi\u0142y wyci\u0105gn\u0105\u0107 wniosk\u00f3w cho\u0107by z takich ruch\u00f3w jak Occupy Wall Street z jednej strony oraz Tea Party z drugiej. Nie doprowadzi\u0142y do niezb\u0119dnej korekty, wi\u0119c nast\u0105pi\u0142 bunt coraz wi\u0119kszej grupy okre\u015blanej czasami niezbyt elegancko \u201ewhite trash\u201d, bia\u0142y odpad.<\/p>\n<p>To przegrani postindustrialnej zmiany cywilizacyjnej, ju\u017c nie tylko robotnicy nieistniej\u0105cego przemys\u0142u, ale tak\u017ce coraz liczniejsze szeregi ni\u017cszych warstw klasy \u015bredniej. Ich realne dochody albo zmala\u0142y, albo w najlepszym wypadku stoj\u0105 w miejscu od dekad, ro\u015bnie natomiast zad\u0142u\u017cenie zwi\u0105zane cho\u0107by z coraz wy\u017cszymi kosztami wykszta\u0142cenia. Pisze o tym Robert Putnam w ksi\u0105\u017cce \u201eOur Kids. American Dream in Crisis\u201d. Tak, Ameryka\u0144skie Marzenie wyczerpa\u0142o si\u0119, Trump przekona\u0142, \u017ce je odnowi.<\/p>\n<p>I tu dochodzimy do istoty tego, co si\u0119 sta\u0142o. Wraz z wygran\u0105 Trumpa ko\u0144czy si\u0119, pytanie czy bezpowrotnie, Ameryka jako projekt o\u015bwieceniowy. Wygra\u0142 kandydat, kt\u00f3ry opar\u0142 swoj\u0105 kampani\u0119 nie tyle na k\u0142amstwie, co taki, kt\u00f3ry po prostu zrezygnowa\u0142 z kategorii prawdy. Bo o ile Hillary Clinton mo\u017cna zarzuci\u0107, \u017ce z prawd\u0105 si\u0119 rozmija\u0142a co jaki\u015b czas, Trump prawdy rozumianej jako \u201ezgodno\u015b\u0107 zda\u0144 z faktami&#8221; nawet nie dotyka\u0142.<\/p>\n<p>By\u0107 mo\u017ce dotyka\u0142 prawdy g\u0142\u0119bszej, rozumianej bardziej po heideggerowsku prawdy spo\u0142ecznego bytu, wyra\u017caj\u0105cej si\u0119 w nieskr\u0119powanym gniewie na porz\u0105dek ustalony przez establishment. Problem w tym, \u017ce w pakiecie idzie zagro\u017cenie dla ca\u0142ego pakietu o\u015bwieceniowych warto\u015bci, kt\u00f3rych wyrazem by\u0142 projekt emancypacyjny,\u00a0a jego spektakularnym przyk\u0142adem wyb\u00f3r Baracka Obamy na prezydenta. Kolejnym krokiem mia\u0142 by\u0107 wyb\u00f3r pierwszej kobiety na najwa\u017cniejsze stanowisko USA.<\/p>\n<p>Pytanie, czy to tylko awaria, czy te\u017c koniec kr\u00f3tkiej w sumie, bo trwaj\u0105cej nieco ponad dwie\u015bcie lat przygody z nowoczesno\u015bci\u0105?<\/p>\n","protected":false},"excerpt":{"rendered":"<p>Tak, znam argumenty: Donald Trump nie b\u0119dzie jako prezydent USA robi\u0142 tego, co m\u00f3wi\u0142 jako kandydat na prezydenta. Z wi\u0119kszo\u015bci\u0105 w obu Izbach Kongresu i S\u0105dem Najwy\u017cszym o sk\u0142adzie, jaki ukszta\u0142tuje si\u0119 po niezb\u0119dnych nominacjach, nowy prezydent b\u0119dzie dysponowa\u0142 olbrzymi\u0105 mo\u017cliwo\u015bci\u0105 dzia\u0142ania. Jak j\u0105 wykorzysta?<\/p>\n","protected":false},"author":1,"featured_media":0,"comment_status":"closed","ping_status":"closed","sticky":false,"template":"","format":"standard","meta":{"footnotes":""},"categories":[1,98,279,21,197,24,49,120,8,6,103,50,165,70],"tags":[282],"_links":{"self":[{"href":"https:\/\/blog.polityka.pl\/antymatrix\/wp-json\/wp\/v2\/posts\/2799"}],"collection":[{"href":"https:\/\/blog.polityka.pl\/antymatrix\/wp-json\/wp\/v2\/posts"}],"about":[{"href":"https:\/\/blog.polityka.pl\/antymatrix\/wp-json\/wp\/v2\/types\/post"}],"author":[{"embeddable":true,"href":"https:\/\/blog.polityka.pl\/antymatrix\/wp-json\/wp\/v2\/users\/1"}],"replies":[{"embeddable":true,"href":"https:\/\/blog.polityka.pl\/antymatrix\/wp-json\/wp\/v2\/comments?post=2799"}],"version-history":[{"count":7,"href":"https:\/\/blog.polityka.pl\/antymatrix\/wp-json\/wp\/v2\/posts\/2799\/revisions"}],"predecessor-version":[{"id":2808,"href":"https:\/\/blog.polityka.pl\/antymatrix\/wp-json\/wp\/v2\/posts\/2799\/revisions\/2808"}],"wp:attachment":[{"href":"https:\/\/blog.polityka.pl\/antymatrix\/wp-json\/wp\/v2\/media?parent=2799"}],"wp:term":[{"taxonomy":"category","embeddable":true,"href":"https:\/\/blog.polityka.pl\/antymatrix\/wp-json\/wp\/v2\/categories?post=2799"},{"taxonomy":"post_tag","embeddable":true,"href":"https:\/\/blog.polityka.pl\/antymatrix\/wp-json\/wp\/v2\/tags?post=2799"}],"curies":[{"name":"wp","href":"https:\/\/api.w.org\/{rel}","templated":true}]}}