
{"id":3639,"date":"2018-01-12T18:08:30","date_gmt":"2018-01-12T17:08:30","guid":{"rendered":"http:\/\/antymatrix.blog.polityka.pl\/?p=3639"},"modified":"2018-01-12T19:11:13","modified_gmt":"2018-01-12T18:11:13","slug":"powiew-normalizacji","status":"publish","type":"post","link":"https:\/\/blog.polityka.pl\/antymatrix\/2018\/01\/12\/powiew-normalizacji\/","title":{"rendered":"Powiew normalizacji"},"content":{"rendered":"<p><img loading=\"lazy\" decoding=\"async\" class=\"aligncenter size-full wp-image-3640\" src=\"\/wp-content\/uploads\/2018\/01\/0127-kuron.jpg\" alt=\"\" width=\"826\" height=\"600\" srcset=\"\/antymatrix\/wp-content\/uploads\/2018\/01\/0127-kuron.jpg 826w, \/antymatrix\/wp-content\/uploads\/2018\/01\/0127-kuron-300x218.jpg 300w, \/antymatrix\/wp-content\/uploads\/2018\/01\/0127-kuron-768x558.jpg 768w\" sizes=\"(max-width: 826px) 100vw, 826px\" \/>Normalizacja to poj\u0119cie, jakim przyj\u0119\u0142o si\u0119 opisywa\u0107 proces podporz\u0105dkowywania spo\u0142ecze\u0144stwa czechos\u0142owackiego po Praskiej Wio\u015bnie 1968-69. Wsp\u00f3\u0142czesna Polska polityka nie ma z tamtym zjawiskiem nic wsp\u00f3lnego poza jednym mechanizmem: normalizacja sta\u0142a si\u0119 mo\u017cliwa wtedy, gdy p\u0119k\u0142a wi\u0119\u017a \u0142\u0105cz\u0105ca polityk\u00f3w reformator\u00f3w ze spo\u0142ecze\u0144stwem. Energia spo\u0142ecznej mobilizacji wygas\u0142a z dnia na dzie\u0144 i na wiele lat.<br \/>\n<!--more--><br \/>\nO mechanizmie normalizacji przypomnia\u0142y mi s\u0142owa Barbary Nowackiej, kt\u00f3ra w rozmowie dla &#8222;Gazety Wyborczej&#8221; komentuj\u0105cej sejmow\u0105 tragifars\u0119 w zwi\u0105zku z ustawami aborcyjnymi na pytanie, czy kobiety wyjd\u0105 na ulic\u0119, odpowiedzia\u0142a:<\/p>\n<blockquote><p>Nie s\u0105dz\u0119, \u017ceby te wielkie protesty wybuch\u0142y ju\u017c teraz, bo zachowanie opozycji podci\u0119\u0142o ludziom skrzyd\u0142a. S\u0105 za\u0142amani tym, \u017ce nie mo\u017cna na niej polega\u0107. Kobiety wyjd\u0105 na ulic\u0119, kiedy Sejm b\u0119dzie procedowa\u0142 obrzydliwy projekt pani Godek albo kiedy aborcj\u0105 zajmie si\u0119 Trybuna\u0142 Konstytucyjny.<\/p><\/blockquote>\n<p>Pierwsze dwa zdania dobrze opisuj\u0105 \u00f3w normalizacyjny mechanizm p\u0119kania wi\u0119zi mi\u0119dzy politykami zorganizowanymi w ugrupowania i partie a spo\u0142ecze\u0144stwem. Dop\u00f3ki ta wi\u0119\u017a dzia\u0142a, zazwyczaj si\u0119 jej nie dostrzega. Czy\u017c nie uwielbiamy pomstowa\u0107 na polityk\u00f3w, \u017ce s\u0105 beznadziejni i do niczego niepotrzebni?<\/p>\n<p>Tyle tylko, \u017ce gdy ni\u0107 reprezentacji, jakkolwiek kulawej, p\u0119knie, odkryjemy, \u017ce \u017cyjemy w innym \u015bwiecie. W \u015bwiecie znormalizowanym, tak jak dzi\u015b znormalizowani s\u0105 W\u0119grzy pozbawieni politycznej opozycji. Okazuje si\u0119 w\u00f3wczas, \u017ce nawet gor\u0105ce protesty w s\u0142usznych, pojedynczych sprawach, takich jak obrona s\u0105d\u00f3w lub obrona praw kobiet, niczego nie zmieniaj\u0105, bo energia spo\u0142ecznej mobilizacji nie zasila struktur politycznej walki o w\u0142adz\u0119, tylko znika w momencie, gdy demonstranci rozejd\u0105 si\u0119 do dom\u00f3w.<\/p>\n<p>Doszli\u015bmy do niebezpiecznego momentu, kiedy z niesmakiem przekre\u015bliliby\u015bmy t\u0119 nieszcz\u0119sn\u0105 Platform\u0119 Obywatelsk\u0105 i jeszcze smutniejsz\u0105 Nowoczesn\u0105. Tak podpowiadaj\u0105 emocje. Rozum jednak podpowiada, by powiedzie\u0107 sobie to, co studenci Uniwersytetu Karola w Pradze w 1969 roku: zawiedli politycy, bo zdradzili idea\u0142y, zawiod\u0142o spo\u0142ecze\u0144stwo, bo nie potrafi\u0142o zmusi\u0107 polityk\u00f3w do w\u0142a\u015bciwej reprezentacji.<\/p>\n<p>Ujmuj\u0105c rzecz wprost, to nie oni zawiedli, tylko to my zawiedli\u015bmy. Cho\u0107by wtedy, w 2015 roku, bawi\u0105c si\u0119 w wybory. Bo czy\u017c pos\u0142anka Alicja Chybicka, m\u00f3wi\u0105c po nieszcz\u0119snym \u015brodowym g\u0142osowaniu w Sejmie, \u017ce &#8222;nie wiedzia\u0142a, \u017ce jej g\u0142os mo\u017ce cokolwiek znaczy\u0107&#8221;, nie okaza\u0142a si\u0119 doskona\u0142\u0105 reprezentantk\u0105 tych, kt\u00f3rzy podobnie &#8222;nie wiedzieli, \u017ce ich g\u0142os mo\u017ce cokolwiek\u00a0znaczy\u0107&#8221; &#8211; i pracowali przy urnach wyborczych na dzisiejsz\u0105 rzeczywisto\u015b\u0107 polityczn\u0105?<\/p>\n<p>Jacek Kuro\u0144 mawia\u0142, \u017ce demokracja to taki system, kt\u00f3ry gwarantuje, \u017ce nie b\u0119dziemy rz\u0105dzeni lepiej, ni\u017c na to zas\u0142ugujemy. Mamy wi\u0119c to, na co zas\u0142u\u017cyli\u015bmy, i dop\u00f3ki nie wypracujemy alternatywy (a przyk\u0142ad Razem pokazuje, jak trudno tak\u0105 alternatyw\u0119 si\u0119 w polskim spo\u0142ecze\u0144stwie buduje), musimy zrobi\u0107 wszystko, by nie dopu\u015bci\u0107 do normalizacji, do kt\u00f3rej wst\u0119pem b\u0119dzie, jak pisa\u0142em, zerwanie wi\u0119zi mi\u0119dzy opozycyjn\u0105 wobec obecnej w\u0142adzy cz\u0119\u015bci\u0105 spo\u0142ecze\u0144stwa a jego polityczn\u0105 reprezentacj\u0105.<\/p>\n<p>Nie chodzi o sztuczn\u0105 jedno\u015b\u0107, tylko o praktyczny rozum polityczny, podpowiadaj\u0105cy, \u017ce Jaros\u0142aw Kaczy\u0144ski tylko czeka, a\u017c dokonamy linczu na Schetynie, Petru et consortes. Nie r\u00f3bmy mu tej przyjemno\u015bci. I nie czekajmy, tylko ju\u017c jutro, 13 stycznia, wyjd\u017amy na ulice w obronie praw kobiet, ale tak\u017ce z mocnym przes\u0142aniem dla polityk\u00f3w, by wzi\u0119li si\u0119 do roboty.<a href=\"https:\/\/www.facebook.com\/events\/100642257410789\/\"><img loading=\"lazy\" decoding=\"async\" class=\"aligncenter wp-image-3641 size-large\" src=\"\/wp-content\/uploads\/2018\/01\/26240066_939849056183151_8596832490244989562_o-1024x576.jpg\" alt=\"\" width=\"620\" height=\"349\" srcset=\"\/antymatrix\/wp-content\/uploads\/2018\/01\/26240066_939849056183151_8596832490244989562_o-1024x576.jpg 1024w, \/antymatrix\/wp-content\/uploads\/2018\/01\/26240066_939849056183151_8596832490244989562_o-300x169.jpg 300w, \/antymatrix\/wp-content\/uploads\/2018\/01\/26240066_939849056183151_8596832490244989562_o-768x432.jpg 768w, \/antymatrix\/wp-content\/uploads\/2018\/01\/26240066_939849056183151_8596832490244989562_o.jpg 1920w\" sizes=\"(max-width: 620px) 100vw, 620px\" \/><\/a><\/p>\n","protected":false},"excerpt":{"rendered":"<p>Jacek Kuro\u0144 mawia\u0142, \u017ce demokracja to taki system, kt\u00f3ry gwarantuje, \u017ce nie b\u0119dziemy rz\u0105dzeni lepiej, ni\u017c na to zas\u0142ugujemy.<\/p>\n","protected":false},"author":1,"featured_media":0,"comment_status":"closed","ping_status":"closed","sticky":false,"template":"","format":"standard","meta":{"footnotes":""},"categories":[98,21,286,223,257,49,120,73,294,70],"tags":[],"_links":{"self":[{"href":"https:\/\/blog.polityka.pl\/antymatrix\/wp-json\/wp\/v2\/posts\/3639"}],"collection":[{"href":"https:\/\/blog.polityka.pl\/antymatrix\/wp-json\/wp\/v2\/posts"}],"about":[{"href":"https:\/\/blog.polityka.pl\/antymatrix\/wp-json\/wp\/v2\/types\/post"}],"author":[{"embeddable":true,"href":"https:\/\/blog.polityka.pl\/antymatrix\/wp-json\/wp\/v2\/users\/1"}],"replies":[{"embeddable":true,"href":"https:\/\/blog.polityka.pl\/antymatrix\/wp-json\/wp\/v2\/comments?post=3639"}],"version-history":[{"count":4,"href":"https:\/\/blog.polityka.pl\/antymatrix\/wp-json\/wp\/v2\/posts\/3639\/revisions"}],"predecessor-version":[{"id":3646,"href":"https:\/\/blog.polityka.pl\/antymatrix\/wp-json\/wp\/v2\/posts\/3639\/revisions\/3646"}],"wp:attachment":[{"href":"https:\/\/blog.polityka.pl\/antymatrix\/wp-json\/wp\/v2\/media?parent=3639"}],"wp:term":[{"taxonomy":"category","embeddable":true,"href":"https:\/\/blog.polityka.pl\/antymatrix\/wp-json\/wp\/v2\/categories?post=3639"},{"taxonomy":"post_tag","embeddable":true,"href":"https:\/\/blog.polityka.pl\/antymatrix\/wp-json\/wp\/v2\/tags?post=3639"}],"curies":[{"name":"wp","href":"https:\/\/api.w.org\/{rel}","templated":true}]}}