
{"id":3647,"date":"2018-01-14T09:06:42","date_gmt":"2018-01-14T08:06:42","guid":{"rendered":"http:\/\/antymatrix.blog.polityka.pl\/?p=3647"},"modified":"2018-01-14T12:16:19","modified_gmt":"2018-01-14T11:16:19","slug":"razem-do-samorzadu","status":"publish","type":"post","link":"https:\/\/blog.polityka.pl\/antymatrix\/2018\/01\/14\/razem-do-samorzadu\/","title":{"rendered":"Razem do samorz\u0105du"},"content":{"rendered":"<p><a href=\"http:\/\/partiarazem.pl\/2018\/01\/konwencja-samorzadowa\/\"><img loading=\"lazy\" decoding=\"async\" class=\"aligncenter wp-image-3649 size-full\" src=\"\/wp-content\/uploads\/2018\/01\/Razem_Konwencja.png\" alt=\"\" width=\"800\" height=\"324\" srcset=\"\/antymatrix\/wp-content\/uploads\/2018\/01\/Razem_Konwencja.png 800w, \/antymatrix\/wp-content\/uploads\/2018\/01\/Razem_Konwencja-300x122.png 300w, \/antymatrix\/wp-content\/uploads\/2018\/01\/Razem_Konwencja-768x311.png 768w\" sizes=\"(max-width: 800px) 100vw, 800px\" \/><\/a>Up\u0142ywaj\u0105cy tydzie\u0144 zostanie w pami\u0119ci ze wzgl\u0119du na wydarzenia sejmowe wok\u00f3\u0142 ustaw aborcyjnych. Warto jednak dla w\u0142a\u015bciwej perspektywy uwzgl\u0119dni\u0107 i inne wydarzenia, czyli pocz\u0105tek kampanii samorz\u0105dowej.<br \/>\n<!--more--><br \/>\nW POLITYCE spotykli\u015bmy si\u0119 w \u015brod\u0119 (10 stycznia) z prezydentami polskich miast. W sobot\u0119 z kolei partia Razem zorganizowa\u0142a konwencj\u0119 samorz\u0105dow\u0105.<\/p>\n<p><iframe loading=\"lazy\" src=\"https:\/\/www.facebook.com\/plugins\/video.php?href=https%3A%2F%2Fwww.facebook.com%2Fpartiarazem%2Fvideos%2F940842536083803%2F&#038;show_text=1&#038;width=560\" width=\"560\" height=\"407\" style=\"border:none;overflow:hidden\" scrolling=\"no\" frameborder=\"0\" allowTransparency=\"true\" allowFullScreen=\"true\"><\/iframe>Relacja z dyskusji z prezydentami w przysz\u0142ym tygodniu, razem z materia\u0142em wideo. Tu kilka my\u015bli po <a href=\"http:\/\/partiarazem.pl\/2018\/01\/konwencja-samorzadowa\/\" target=\"_blank\" rel=\"noopener noreferrer\"><strong>konwencji samorz\u0105dowej Razem<\/strong><\/a>. Zacz\u0105\u0107 trzeba od zasadniczej uwagi, \u017ce wybory samorz\u0105dowe s\u0105 niezwykle z\u0142o\u017cone, zw\u0142aszcza z punktu widzenia partii politycznej. Czym innym jest walka o w\u0142adz\u0119 w wojew\u00f3dztwie, inaczej wygl\u0105da walka o miasta i gminy. Nowy kodeks wyborczy upartyjnia wybory do rad i sejmik\u00f3w, sprzyjaj\u0105c najsilniejszym ugrupowaniom. Ka\u017cde rozproszenie b\u0119dzie karane nieobecno\u015bci\u0105. Nie zmienia si\u0119 logika wybor\u00f3w w\u00f3jt\u00f3w, burmistrz\u00f3w i prezydent\u00f3w.<\/p>\n<p>Najbardziej polityczne w sensie podobie\u0144stwa sw\u0105 logik\u0105 do wybor\u00f3w w wymiarze krajowym s\u0105 wybory do sejmik\u00f3w wojew\u00f3dztw. To z kolei oznacza, \u017ce pogodzi\u0107 si\u0119 trzeba, \u017ce najsp\u00f3jniejszy nawet program wyborczy nie b\u0119dzie mia\u0142 szansy realizacji, chyba \u017ce proponuj\u0105ca go partia zbierze pe\u0142ni\u0119 w\u0142adzy. Co i tak, bior\u0105c pod uwag\u0119 systematyczne przesuwanie kompetencji z organ\u00f3w samorz\u0105dowych na wojewod\u00f3w i administracj\u0119 rz\u0105dow\u0105, nie oznacza pe\u0142nej skuteczno\u015bci.<\/p>\n<p>Pisz\u0119 te zastrze\u017cenia, bo pozwalaj\u0105 czyta\u0107 program samorz\u0105dowy Razem jako prze\u0142o\u017cenie warto\u015bci ugrupowania na konkretn\u0105 wizj\u0119 organizacji \u017cycia spo\u0142ecznego w Polsce po to, by zgromadzi\u0107 podobnie my\u015bl\u0105cy elektorat. Jak wielu pod\u0105\u017cy za has\u0142em &#8222;Polska dla milion\u00f3w, nie dla milioner\u00f3w?&#8221;. To oczywi\u015bcie nie b\u0119dzie zale\u017ce\u0107 jedynie od programu ani te\u017c od marketingu politycznego, jakim Razem si\u0119 pos\u0142u\u017cy, by dotrze\u0107 do wyborc\u00f3w. Kluczowe powinno okaza\u0107 si\u0119 przekonanie, \u017ce za s\u0142owami id\u0105 czyny.<\/p>\n<p>Z tak\u0105 my\u015bl\u0105 skonstruowana by\u0142a konwencja samorz\u0105dowa. Po do\u015b\u0107 niemrawym starcie aktywi\u015bci i aktywistki zaprezentowali konkretne lokalne walki, w kt\u00f3re Razem si\u0119 zaanga\u017cowa\u0142a: obrona Dobrzynia Wielkiego przed w\u0142\u0105czeniem do Opola, obrona pracownik\u00f3w huty szk\u0142a w Zawierciu, walka o program in vitro w Warszawie i o \u017c\u0142obki w Krakowie. Dobry zestaw przyk\u0142ad\u00f3w ilustruj\u0105cych, \u017ce strategia partii polegaj\u0105ca na &#8222;p\u00f3j\u015bciu w Polsk\u0119&#8221; w ci\u0105gu dw\u00f3ch lat przynios\u0142a efekty. Bo cho\u0107 ka\u017cda ze spraw z osobna mo\u017ce i nie przyci\u0105ga uwagi medi\u00f3w, to dotycz\u0105 ka\u017cdego i ka\u017cdej w r\u00f3\u017cnych aspektach \u017cycia: praw pracowniczych, podmiotowo\u015bci obywatelskiej, praw socjalnych i zdrowotnych.<\/p>\n<p>Od szczeg\u00f3\u0142u do og\u00f3\u0142u wi\u0119c &#8211; sama prezentacja programu, i dobrze, zosta\u0142a ograniczona do przedstawienia trzech spo\u015br\u00f3d siedmiu filar\u00f3w. Dobrze, bo rzeczywi\u015bcie lepiej opowiada\u0107 o tym, co si\u0119 zrobi\u0142o, by pokaza\u0107, \u017ce program polityczny jest syntez\u0105 tych do\u015bwiadcze\u0144 i warto\u015bci. Co zreszt\u0105 Adrian Zandberg w dobrym, politycznym &#8211; &#8222;corbynowskim&#8221; &#8211; wyst\u0105pieniu spuentowa\u0142. Warto pami\u0119ta\u0107, \u017ce konwencja odbywa\u0142a si\u0119 kilka dni po sejmowej tragifarsie i kompromitacji opozycji parlamentarnej. Uczestnicy konwencji mieli wi\u0119c dobry punkt odniesienia, a ich przekaz zyskiwa\u0142 moc wynikaj\u0105c\u0105 z przekonania, \u017ce czas na altrenatyw\u0119 dla dotychczasowego politycznego mainstreamu.<\/p>\n<p>Czy tak\u0105 alternatyw\u0105 nie tylko jako oferta intelektualna, ale i polityczna jest i b\u0119dzie Razem? Wybory samorz\u0105dowe to doskona\u0142a okazja do wielkiego &#8222;sprawdzam&#8221;. Na ile liczne lokalne zaanga\u017cowania prze\u0142o\u017c\u0105 si\u0119 na polityczn\u0105 emocj\u0119 zdoln\u0105 popchn\u0105\u0107 zwolennik\u00f3w do urn wyborczych? Bo prze\u0142o\u017cenie takie nie jest oczywiste. Tak jak nie jest oczywista zdolno\u015b\u0107 Razem do tworzenia sojuszy, w czym przeszkadza to, co decyduje o to\u017csamo\u015bci tej partii &#8211; jej wyrazisto\u015b\u0107 ideowa. Niestety, zawsze towarzyszem takiej wyrazisto\u015bci jest pokusa sekciarstwa, zamykania si\u0119 w kr\u0119gu przekonania o w\u0142asnej s\u0142uszno\u015bci.<\/p>\n<p>To s\u0105 kwestie, na kt\u00f3re Razem b\u0119dzie musia\u0142o praktycznie odpowiedzie\u0107 &#8211; konwencja by\u0142a dobrym prognostykiem. Dobrze zbudowane, zwarte wydarzenie o sp\u00f3jnym politycznym przekazie pokaza\u0142o, \u017ce Razem i jego ludzie dojrzewaj\u0105 i nabieraj\u0105 do\u015bwiadczenia. To b\u0119dzie bezcenny kapita\u0142 w realnej walce politycznej o g\u0142osy wyborc\u00f3w. Bardziej problematyczna jest odpowied\u017a na pytanie o zdolno\u015b\u0107 mobilizacyjn\u0105 &#8211; wieczorna manifestacja w obronie praw kobiet wsp\u00f3\u0142organizowana przez Razem nie by\u0142a frekwencyjnym sukcesem. Niezale\u017cnie od s\u0142uszno\u015bci motywu, dla kt\u00f3rego demonstracja by\u0142a zorganizowana, na pewno trzeba dobrze si\u0119 zastanowi\u0107, jakie tematy w Polsce s\u0105 i mog\u0105 by\u0107 \u017ar\u00f3d\u0142em rzeczywistych politycznych emocji. S\u0142uszne sprawy lepiej rozwi\u0105zuje si\u0119, maj\u0105c w\u0142adz\u0119, ni\u017c wtedy, gdy mo\u017cna jedynie eksponowa\u0107 swoj\u0105 moraln\u0105 racj\u0119.<\/p>\n<p>W ko\u0144cu kwestia obecno\u015bci Razem w przestrzeni medialnej. Mo\u017cna si\u0119 z\u017cyma\u0107, \u017ce medialny mainstream po\u015bwi\u0119ca wi\u0119cej uwagi dowolnej g\u0142upocie wypowiedzianej przez lider\u00f3w ugrupowa\u0144 parlamentarnych, z trudem natomiast ogrania s\u0142uszne i spo\u0142ecznie wa\u017cne inicjatywy innych ugrupowa\u0144. Ba, nie tylko mo\u017cna, ale i nale\u017cy si\u0119 z\u017cyma\u0107. Tyle tylko, \u017ce sposobu dzia\u0142ania owego mainstreamu to nie zmieni i na pewno nie zmieni go obra\u017canie si\u0119 na medialn\u0105 rzeczywisto\u015b\u0107. Partia maj\u0105ca ambicje polityczne musi po prostu skoncentrowa\u0107 si\u0119 na dobrej strategii komunikacyjnej. We Francji ugrupowanie Melenchona w odpowiedzi na niezadowolenie z mainstreamu uruchomi\u0142o w\u0142asny system medialny Le Media, finansuj\u0105c go z crowdfundingu (mamy zreszt\u0105 te\u017c przyk\u0142ady z Polski, z czas\u00f3w kiedy to prawica walczy\u0142a z mainstreamem).<\/p>\n","protected":false},"excerpt":{"rendered":"<p>Wybory samorz\u0105dowe to doskona\u0142a okazja do wielkiego \u201esprawdzam\u201d.<\/p>\n","protected":false},"author":1,"featured_media":0,"comment_status":"closed","ping_status":"closed","sticky":false,"template":"","format":"standard","meta":{"footnotes":""},"categories":[1,98,286,223,15,257,49,120,8,297,95,6,273,73,294],"tags":[303,302],"_links":{"self":[{"href":"https:\/\/blog.polityka.pl\/antymatrix\/wp-json\/wp\/v2\/posts\/3647"}],"collection":[{"href":"https:\/\/blog.polityka.pl\/antymatrix\/wp-json\/wp\/v2\/posts"}],"about":[{"href":"https:\/\/blog.polityka.pl\/antymatrix\/wp-json\/wp\/v2\/types\/post"}],"author":[{"embeddable":true,"href":"https:\/\/blog.polityka.pl\/antymatrix\/wp-json\/wp\/v2\/users\/1"}],"replies":[{"embeddable":true,"href":"https:\/\/blog.polityka.pl\/antymatrix\/wp-json\/wp\/v2\/comments?post=3647"}],"version-history":[{"count":12,"href":"https:\/\/blog.polityka.pl\/antymatrix\/wp-json\/wp\/v2\/posts\/3647\/revisions"}],"predecessor-version":[{"id":3651,"href":"https:\/\/blog.polityka.pl\/antymatrix\/wp-json\/wp\/v2\/posts\/3647\/revisions\/3651"}],"wp:attachment":[{"href":"https:\/\/blog.polityka.pl\/antymatrix\/wp-json\/wp\/v2\/media?parent=3647"}],"wp:term":[{"taxonomy":"category","embeddable":true,"href":"https:\/\/blog.polityka.pl\/antymatrix\/wp-json\/wp\/v2\/categories?post=3647"},{"taxonomy":"post_tag","embeddable":true,"href":"https:\/\/blog.polityka.pl\/antymatrix\/wp-json\/wp\/v2\/tags?post=3647"}],"curies":[{"name":"wp","href":"https:\/\/api.w.org\/{rel}","templated":true}]}}