
{"id":5121,"date":"2020-03-16T08:27:49","date_gmt":"2020-03-16T07:27:49","guid":{"rendered":"http:\/\/antymatrix.blog.polityka.pl\/?p=5121"},"modified":"2020-03-16T15:52:01","modified_gmt":"2020-03-16T14:52:01","slug":"pandemia-i-polityka","status":"publish","type":"post","link":"https:\/\/blog.polityka.pl\/antymatrix\/2020\/03\/16\/pandemia-i-polityka\/","title":{"rendered":"Pandemia i polityka"},"content":{"rendered":"\n<p>We Francji mimo pandemii w niedziel\u0119\u00a0odby\u0142a si\u0119 pierwsza tura wybor\u00f3w lokalnych. Rekordowo niska frekwencja os\u0142abia legitymacj\u0119\u00a0elekcji, ponadto nie wiadomo, czy druga tura nie zostanie przesuni\u0119ta. To wa\u017cna lekcja przed wyborami prezydenckimi w Polsce.<\/p>\n\n\n\n<!--more-->\n\n\n\n<p>Wybory zaplanowane na maj powinny odby\u0107 si\u0119 w innym terminie. Problem w tym, \u017ce klucz do decyzji le\u017cy w r\u0119kach tych, kt\u00f3rym na razie wydaje si\u0119, \u017ce na utrzymaniu dotychczasowego terminu mog\u0105 tylko zyska\u0107.<\/p>\n\n\n\n<p>Prowadzenie kampanii w warunkach zagro\u017cenia epidemicznego jest praktycznie niemo\u017cliwe, chyba \u017ce jest si\u0119 urz\u0119duj\u0105cym prezydentem, kt\u00f3ry dopiero co podpisa\u0142 czek na 1,95 mld z\u0142 dla rz\u0105dowej telewizji.<\/p>\n\n\n\n<h2 class=\"wp-block-heading\">Granice w\u0142adzy<\/h2>\n\n\n\n<p>Stan zagro\u017cenia epidemicznego jest <em>de facto<\/em> stanem nadzwyczajnym i gdyby tak zosta\u0142 nazwany, wybory by\u0142yby odwo\u0142ane moc\u0105\u00a0prawa. Andrzej Duda i PiS nie powinni jednak zbytnio cieszy\u0107 si\u0119 ze swojej chytro\u015bci, bo kryzys rozwija si\u0119 po swojemu i jeszcze nie raz b\u0119dzie zaskakiwa\u0107.<\/p>\n\n\n\n<p>Na razie ob\u00f3z rz\u0105dz\u0105cy zyskuje, bo atmosfera stanu wyj\u0105tkowego i zarz\u0105dzanie poprzez \u015brodki nadzwyczajne: zamykanie, odwo\u0142ywanie, pouczanie, pokazywanie si\u0119 w militarnej estetyce &#8211; potwierdza wizerunek w\u0142adzy, co to imposybilizmu nie uznaje i dyscyplinuje nawet koronawirusa.<\/p>\n\n\n\n<p>Oby tylko koronawirus si\u0119 nie zbiesi\u0142 i nie pokaza\u0142, \u017ce jego pandemia ma swoj\u0105 niepodporz\u0105dkowan\u0105 kampanii logik\u0119. Oby pandemia wygas\u0142a jak najszybciej. Z ka\u017cdym dniem ujawnia\u0107\u00a0si\u0119 b\u0119d\u0105 wszystkie s\u0142abo\u015bci tej w\u0142adzy wynikaj\u0105ce z niezdolno\u015bci do zarz\u0105dzania z\u0142o\u017con\u0105 materi\u0105 spo\u0142eczn\u0105.<\/p>\n\n\n\n<h2 class=\"wp-block-heading\">Proza \u017cycia<\/h2>\n\n\n\n<p>Ludzie kultury pozbawieni pracy i zarobk\u00f3w puka\u0107 b\u0119d\u0105 coraz natarczywej do ministra Gli\u0144skiego, by co\u015b zrobi\u0142. Dotychczas rozpoczyna\u0142 budowy wielu mniej lub bardziej potrzebnych instytucji i muze\u00f3w, kt\u00f3re &#8211; jak cho\u0107by Instytut Dmowskiego i Paderewskiego &#8211; maj\u0105\u00a0konkretne bud\u017cety, kt\u00f3re blokuj\u0105 publiczne \u015brodki.<\/p>\n\n\n\n<p>Entuzjazm dla e-learningu jako narz\u0119dzia ratuj\u0105cego szko\u0142\u0119 przed pandemi\u0105 szybko ujawni wszystkie braki szko\u0142y i jej rz\u0105dowych zarz\u0105dc\u00f3w, kt\u00f3rzy zmarnotrawili gigantyczne \u015brodki na bezsensown\u0105 pseudoreform\u0119, nie podejmuj\u0105c \u017cadnego z podstawowych wyzwa\u0144.<\/p>\n\n\n\n<p>Nad tym wszystkim wisi widmo kryzysu gospodarczego, kt\u00f3ry na razie ujawnia si\u0119 w wymiarze osobistym tych wszystkich, kt\u00f3rzy stracili \u017ar\u00f3d\u0142a dochod\u00f3w: pracownik\u00f3w i przedsi\u0119biorc\u00f3w.<\/p>\n\n\n\n<h2 class=\"wp-block-heading\">Lekcja z Francji<\/h2>\n\n\n\n<p>Ryzyko, jakie niesie majstrowanie przy polityce w kontek\u015bcie pandemii, dobrze pokazuje Francja. Emmanuel Macron w dobrej wierze utrzyma\u0142 termin wybor\u00f3w, zaplanowanych przecie\u017c ju\u017c bardzo dawno. Pierwsza tura odby\u0142a si\u0119 przy rekordowo niskiej jak na Francj\u0119 frekwencji.<\/p>\n\n\n\n<p>Co gorsza nie wiadomo, czy odb\u0119dzie si\u0119 zaplanowana na 22 marca druga tura, bo pandemia rozszerza si\u0119, a wraz z ni\u0105 \u015brodki bezpiecze\u0144stwa. Dobra intencja, by nie gasi\u0107 republika\u0144skiego ducha, zaczyna przekszta\u0142ca\u0107 si\u0119\u00a0w powa\u017cny kryzys polityczny.<\/p>\n\n\n\n<h2 class=\"wp-block-heading\">Nikt nie wygra<\/h2>\n\n\n\n<p>Nie majstrujmy wi\u0119c, tylko oddzielmy polityk\u0119, na ile mo\u017cna, od walki z kryzysem. Nikt na nim nie wygra, chyba \u017ce na ko\u0144cu ugrupowania najbardziej skrajne, zbijaj\u0105ce kapita\u0142 na gniewie i frustracji. To jednak b\u0119dzie oznacza\u0107, \u017ce przegrali\u015bmy wszyscy.<\/p>\n","protected":false},"excerpt":{"rendered":"<p>We Francji, mimo pandemii w niedziel\u0119 odby\u0142a si\u0119 pierwsza tura wybor\u00f3w lokalnych. Rekordowa niska frekwencja os\u0142abia legitymacj\u0119 elekcji, ponadto nie wiadomo, czy druga tura nie b\u0119dzie przesuni\u0119ta. To wa\u017cna lekcja przed wyborami prezydenckimi w Polsce.<\/p>\n","protected":false},"author":1,"featured_media":0,"comment_status":"closed","ping_status":"closed","sticky":false,"template":"","format":"standard","meta":{"footnotes":""},"categories":[98,65,45,338,96,55,56,15,257,49,120,66],"tags":[389,390],"_links":{"self":[{"href":"https:\/\/blog.polityka.pl\/antymatrix\/wp-json\/wp\/v2\/posts\/5121"}],"collection":[{"href":"https:\/\/blog.polityka.pl\/antymatrix\/wp-json\/wp\/v2\/posts"}],"about":[{"href":"https:\/\/blog.polityka.pl\/antymatrix\/wp-json\/wp\/v2\/types\/post"}],"author":[{"embeddable":true,"href":"https:\/\/blog.polityka.pl\/antymatrix\/wp-json\/wp\/v2\/users\/1"}],"replies":[{"embeddable":true,"href":"https:\/\/blog.polityka.pl\/antymatrix\/wp-json\/wp\/v2\/comments?post=5121"}],"version-history":[{"count":2,"href":"https:\/\/blog.polityka.pl\/antymatrix\/wp-json\/wp\/v2\/posts\/5121\/revisions"}],"predecessor-version":[{"id":5123,"href":"https:\/\/blog.polityka.pl\/antymatrix\/wp-json\/wp\/v2\/posts\/5121\/revisions\/5123"}],"wp:attachment":[{"href":"https:\/\/blog.polityka.pl\/antymatrix\/wp-json\/wp\/v2\/media?parent=5121"}],"wp:term":[{"taxonomy":"category","embeddable":true,"href":"https:\/\/blog.polityka.pl\/antymatrix\/wp-json\/wp\/v2\/categories?post=5121"},{"taxonomy":"post_tag","embeddable":true,"href":"https:\/\/blog.polityka.pl\/antymatrix\/wp-json\/wp\/v2\/tags?post=5121"}],"curies":[{"name":"wp","href":"https:\/\/api.w.org\/{rel}","templated":true}]}}