
{"id":5145,"date":"2020-03-21T13:59:01","date_gmt":"2020-03-21T12:59:01","guid":{"rendered":"http:\/\/antymatrix.blog.polityka.pl\/?p=5145"},"modified":"2020-03-21T22:56:50","modified_gmt":"2020-03-21T21:56:50","slug":"panstwo-polityka-i-epidemia","status":"publish","type":"post","link":"https:\/\/blog.polityka.pl\/antymatrix\/2020\/03\/21\/panstwo-polityka-i-epidemia\/","title":{"rendered":"Pa\u0144stwo, polityka i epidemia"},"content":{"rendered":"\n<p>No to mamy stan epidemii, a za sob\u0105 pierwszy tydzie\u0144 <em>social distancing<\/em>. Koronawirus w Polsce dopiero si\u0119 rozkr\u0119ca, wi\u0119c ludzie koncentruj\u0105 uwag\u0119 na zagro\u017ceniu. Szkoda by\u0142oby zmarnowa\u0107 tak\u0105 okazj\u0119, by nie upiec na niej politycznej pieczeni. Nic nowego w historii.<\/p>\n\n\n\n<!--more-->\n\n\n\n<p>Pi\u0105tkowa konferencja premiera i ministra zdrowia by\u0142a sprawnie przeprowadzonym, cho\u0107 groteskowym spektaklem. Mateusz Morawiecki wspomagany przez \u0141ukasza Szumowskiego og\u0142osi\u0142 stan epidemii i zwi\u0105zane z tymi dalsze restrykcje. Naruszenie kwarantanny b\u0119dzie kosztowa\u0107 ju\u017c 30, a nie 5 tys. z\u0142.<\/p>\n\n\n\n<p>Na ulice wychodzi wojsko, by wspomaga\u0107 policj\u0119, kolejne osoby zapadaj\u0105 na chorob\u0119, cho\u0107 wirus w Polsce dopiero si\u0119\u00a0rozp\u0119dza, o czym szczerze m\u00f3wi\u0142 minister zdrowia. Im wi\u0119cej wirusa na ulicach, tym bardziej ludzie powinni siedzie\u0107 w domach. Idealny czas na kampani\u0119 prezydenck\u0105. Elektorat ma czas, by przemy\u015ble\u0107, kogo chce wybra\u0107 &#8211; bez tracenia czasu na nieefektywne mityngi.<\/p>\n\n\n\n<h2 class=\"wp-block-heading\">Up\u00f3r Prezesa<\/h2>\n\n\n\n<p>O logice stanu paranormalnego, jaki wprowadzi\u0142 w Polsce Jaros\u0142aw Kaczy\u0144ski, pisa\u0142em w poprzednim wpisie, nie znaj\u0105c jeszcze wypowiedzi dla RMF FM. Kaczy\u0144ski potwierdzi\u0142, \u017ce nic takiego si\u0119 nie dzieje, by wybory nie mog\u0142y si\u0119 odby\u0107, daj\u0105c do zrozumienia, \u017ce nie zamierza zmarnowa\u0107 politycznej szansy stworzonej przez nadzwyczajne okoliczno\u015bci na konsolidacj\u0119 w\u0142adzy, kt\u00f3ra na pocz\u0105tku roku zacz\u0119\u0142a si\u0119 sypa\u0107 jak stary pa\u017adzierz.<\/p>\n\n\n\n<p>Prezes nie ma nic do stracenia, my znacznie wi\u0119cej. Warto jednak popatrze\u0107 na spraw\u0119 z historycznego dystansu &#8211; \u015bwietn\u0105\u00a0pomoc\u0105 jest ksi\u0105\u017cka &#8222;Health, Civilization and the State&#8221; Dorothy Porter. Historyczka analizuje w niej koewolucj\u0119 spo\u0142ecze\u0144stw wraz z n\u0119kaj\u0105cymi je chorobami, a zw\u0142aszcza epidemiami.<\/p>\n\n\n\n<h2 class=\"wp-block-heading\">Epidemia i polityka<\/h2>\n\n\n\n<p>Du\u017co wi\u0119c tu szczeg\u00f3\u0142\u00f3w o tym, jak odkrywano metody kontroli epidemii przez kontrol\u0119 populacji i kontakt\u00f3w spo\u0142ecznych. Kwarantanna wprowadzona przez Wenecj\u0119 w 1348 r. jako jeden ze sposob\u00f3w radzenia sobie z Czarna\u00a0\u015amierci\u0105, leprozoria, izolacja rodzin z chorymi osobami &#8211; to wszystko, co stosujemy i dzi\u015b.<\/p>\n\n\n\n<p>Ciekawsza jest jednak analiza politycznych konsekwencji konfrontacji z epidemiami i zagro\u017ceniami epidemicznymi. Okazuje si\u0119, \u017ce zarz\u0105dzanie w stanie kryzysu zdrowotnego sta\u0142o si\u0119 kluczowym w\u0119z\u0142em kszta\u0142towania si\u0119 nowo\u017cytnej polityki. W sk\u0142adach najpierw powo\u0142ywanych ad hoc, a potem sta\u0142ych komitet\u00f3w zdrowia we w\u0142oskich miastach dominowali patrycjusze, a nie eksperci &#8211; lekarze.<\/p>\n\n\n\n<p>Bo w\u0142adza tych komitet\u00f3w by\u0142a bardzo silna i krzep\u0142a z czasem, jej istot\u0105 by\u0142o bowiem nie tyle ograniczenie skutk\u00f3w epidemii, ile kontrola porz\u0105dku spo\u0142ecznego zagro\u017conego zerwaniem wi\u0119zi, anomi\u0105, zachowaniami aspo\u0142ecznymi. Kontrola zar\u00f3wno zachowa\u0144 biedoty, jak i bogaczy, staraj\u0105cych si\u0119 wykpi\u0107 zagro\u017ceniu ucieczk\u0105 z miasta, by\u0142a \u017ar\u00f3d\u0142em nowego porz\u0105dku spo\u0142eczno-politycznego, jaki wy\u0142ania\u0142 si\u0119 ju\u017c po epidemii.<\/p>\n\n\n\n<h2 class=\"wp-block-heading\">Narodziny biopolityki<\/h2>\n\n\n\n<p>Istotnym elementem krzepni\u0119cia politycznego znaczenia w\u0142adz sanitarnych (zab\u00f3jcze epidemie by\u0142y w miastach europejskich sta\u0142ym kontekstem funkcjonowania; np. w Krakowie mi\u0119dzy 1500 a\u00a01750 r. zarazy wyst\u0119powa\u0142y w\u00a0ci\u0105gu 92 lat, z\u00a0ogniskami utrzymuj\u0105cymi si\u0119 nieprzerwanie nawet przez 12 lat) by\u0142a emancypacja polityki spod wp\u0142ywu Ko\u015bcio\u0142a.<\/p>\n\n\n\n<p>Z czasem do\u015bwiadczenie z walki z epidemiami prze\u0142o\u017cy\u0142o si\u0119 na powstanie kategorii zdrowia publicznego jako zadania nowoczesnego pa\u0144stwa, kt\u00f3re wy\u0142oni\u0142o si\u0119 w po\u0142owie XVII w. Zarz\u0105dzanie zdrowiem publicznym wymaga\u0142o rozwini\u0119cia nowoczesnych sposob\u00f3w inwentaryzacji ludno\u015bci, analizy statystycznej cech populacji, jej ruch\u00f3w i korelacji zachowa\u0144 ryzykownych ze statusem spo\u0142ecznym.<\/p>\n\n\n\n<p>Innymi s\u0142owy: kryzysy zdrowotne doprowadzi\u0142y do narodzin biopolityki, a ka\u017cdy kryzys by\u0142 okazj\u0105 do kwestionowania <em>status quo ante<\/em> i przesuwania granic kontroli nad spo\u0142ecze\u0144stwem. Jaka jest wi\u0119c polityczna stawka kryzysu u nas?<\/p>\n\n\n\n<h2 class=\"wp-block-heading\">Polityka stanu wyj\u0105tkowego<\/h2>\n\n\n\n<p>Ch\u0119\u0107 konsolidacji w\u0142adzy wobec prawdopodobie\u0144stwa kryzysu spo\u0142ecznego i radykalizacji nastroj\u00f3w na skutek pogarszaj\u0105cej sytuacji gospodarczej wydaje si\u0119 oczywista. Lepiej mie\u0107 pe\u0142ni\u0119 w\u0142adzy i dopiero wtedy og\u0142asza\u0107 stan wyj\u0105tkowy, ni\u017c zu\u017cywa\u0107 ten instrument, gdy nie wymaga tego jeszcze rzeczywisto\u015b\u0107 polityczna. Na razie wystarczy stan paranormalny.<\/p>\n\n\n\n<p>Z politycznego punktu widzenia to czytelny zamiar, dotyczy bowiem zar\u00f3wno zarz\u0105dzania sytuacj\u0105\u00a0kryzysow\u0105, jak i budowy fundamentu dla zarz\u0105dzania rzeczywisto\u015bci\u0105 ju\u017c po kryzysie. Problem w tym, \u017ce nawet je\u015bli Kaczy\u0144skiemu powiedzie si\u0119 plan i doprowadzi do wybor\u00f3w 10 maja, kt\u00f3re w pierwszej turze wygra Andrzej Duda, to i tak w ten spos\u00f3b umocnionej w\u0142adzy nie zdo\u0142a wykorzysta\u0107.<\/p>\n\n\n\n<p>Dlaczego? Bo \u017cyjemy w czasach, kiedy nawet maj\u0105c pe\u0142ni\u0119 w\u0142adzy, rz\u0105dzi\u0107 ju\u017c si\u0119 nie da. Ale o tym w kolejnych odcinkach.<\/p>\n","protected":false},"excerpt":{"rendered":"<p>No to mamy stan epidemii, a za sob\u0105 pierwszy tydzie\u0144 social distancing.<\/p>\n","protected":false},"author":1,"featured_media":5149,"comment_status":"closed","ping_status":"closed","sticky":false,"template":"","format":"standard","meta":{"footnotes":""},"categories":[21,257,49,120],"tags":[396,389,390,395],"_links":{"self":[{"href":"https:\/\/blog.polityka.pl\/antymatrix\/wp-json\/wp\/v2\/posts\/5145"}],"collection":[{"href":"https:\/\/blog.polityka.pl\/antymatrix\/wp-json\/wp\/v2\/posts"}],"about":[{"href":"https:\/\/blog.polityka.pl\/antymatrix\/wp-json\/wp\/v2\/types\/post"}],"author":[{"embeddable":true,"href":"https:\/\/blog.polityka.pl\/antymatrix\/wp-json\/wp\/v2\/users\/1"}],"replies":[{"embeddable":true,"href":"https:\/\/blog.polityka.pl\/antymatrix\/wp-json\/wp\/v2\/comments?post=5145"}],"version-history":[{"count":3,"href":"https:\/\/blog.polityka.pl\/antymatrix\/wp-json\/wp\/v2\/posts\/5145\/revisions"}],"predecessor-version":[{"id":5150,"href":"https:\/\/blog.polityka.pl\/antymatrix\/wp-json\/wp\/v2\/posts\/5145\/revisions\/5150"}],"wp:featuredmedia":[{"embeddable":true,"href":"https:\/\/blog.polityka.pl\/antymatrix\/wp-json\/wp\/v2\/media\/5149"}],"wp:attachment":[{"href":"https:\/\/blog.polityka.pl\/antymatrix\/wp-json\/wp\/v2\/media?parent=5145"}],"wp:term":[{"taxonomy":"category","embeddable":true,"href":"https:\/\/blog.polityka.pl\/antymatrix\/wp-json\/wp\/v2\/categories?post=5145"},{"taxonomy":"post_tag","embeddable":true,"href":"https:\/\/blog.polityka.pl\/antymatrix\/wp-json\/wp\/v2\/tags?post=5145"}],"curies":[{"name":"wp","href":"https:\/\/api.w.org\/{rel}","templated":true}]}}