
{"id":5192,"date":"2020-04-02T09:27:04","date_gmt":"2020-04-02T07:27:04","guid":{"rendered":"http:\/\/antymatrix.blog.polityka.pl\/?p=5192"},"modified":"2020-04-03T00:51:30","modified_gmt":"2020-04-02T22:51:30","slug":"primaaprilisowe-zarciki-prezesa","status":"publish","type":"post","link":"https:\/\/blog.polityka.pl\/antymatrix\/2020\/04\/02\/primaaprilisowe-zarciki-prezesa\/","title":{"rendered":"Primaaprilisowe \u017carciki Prezesa"},"content":{"rendered":"\n<p>Jaros\u0142aw Kaczy\u0144ski ju\u017c od d\u0142u\u017cszego czas jest w dobrym nastroju i zajmuje nar\u00f3d \u017carcikami, kt\u00f3re w normalnym czasie i pa\u0144stwie traktowaliby\u015bmy jak czerstwe primaaprilisowe suchary. Zamiast \u015bmia\u0107 si\u0119, musimy jednak trwoni\u0107 bezcenn\u0105 w czasie kryzysu energi\u0119 na wyniszczaj\u0105c\u0105 gr\u0119 polityczn\u0105.<\/p>\n\n\n\n<!--more-->\n\n\n\n<p>Strumie\u0144 z\u0142ych wiadomo\u015bci g\u0119stnieje. Pojedyncze historie o utracie pracy i \u015brodk\u00f3w do \u017cycia, bankructwie firm, o ur\u0105gaj\u0105cych warunkach pracy w s\u0142u\u017cbie zdrowia walcz\u0105cej z pandemi\u0105 &#8211; zaczynaj\u0105 uk\u0142ada\u0107 si\u0119 w coraz sp\u00f3jniejszy i przygn\u0119biaj\u0105cy obraz. Pojedyncze historie zamieniaj\u0105 si\u0119 w statystyki rosn\u0105cego bezrobocia i narastaj\u0105cych problem\u00f3w spo\u0142ecznych.<\/p>\n\n\n\n<p>Proces dekompozycji rozpocz\u0105\u0142 si\u0119, a przyj\u0119ty na chybcika i bez powa\u017cnej dyskusji z ekspertami pakiet antykryzysowy nie do\u015b\u0107, \u017ce jest nieadekwatny do skali i charakteru kryzysu, to jeszcze ma b\u0142\u0119dy, kt\u00f3re utrudni\u0105 jego realizacj\u0119.<\/p>\n\n\n\n<h2 class=\"wp-block-heading\">Dekompozycja zamiast integracji<\/h2>\n\n\n\n<p>Skoro pa\u0144stwa nie sta\u0107 na wi\u0119cej w wymiarze materialnym, to powinno przynajmniej aktywnie dzia\u0142a\u0107 w roli moderatora, kt\u00f3ry \u0142agodzi konflikt spo\u0142eczny i polityczny, w\u0142\u0105czaj\u0105c w walk\u0119 z kryzysem wszystkie spo\u0142eczne si\u0142y, by w ten spos\u00f3b integrowa\u0107 spo\u0142ecze\u0144stwo i chroni\u0107 je przed rozpadem.<\/p>\n\n\n\n<p>I wydawa\u0107 by si\u0119 mog\u0142o, gdy ogl\u0105da si\u0119 kolejne konferencje ministra \u0141ukasza Szumowskiego, wspieranego czasami przez premiera Morawieckiego, \u017ce z takim pa\u0144stwem mamy do czynienia. Piarowa pow\u0142oka troski spada, gdy skierowa\u0107 uwag\u0119 na realny o\u015brodek w\u0142adzy: Jaros\u0142awa Kaczy\u0144skiego.<\/p>\n\n\n\n<h2 class=\"wp-block-heading\">Wojna wszystkich ze wszystkimi<\/h2>\n\n\n\n<p>Pisa\u0142em ju\u017c po akcji z nocn\u0105\u00a0wrzutk\u0105 zmian w kodeksie wyborczym, \u017ce Prezes rz\u0105dzi w trybie pandemiokratycznym, wykorzystuj\u0105c kryzys do eskalacji konfliktu, a nie jego wyciszenia. I walczy na wszystkich frontach: z opozycj\u0105, z samorz\u0105dem lokalnym, wci\u0105gaj\u0105c wszystkich w gr\u0119 wok\u00f3\u0142 terminu wybor\u00f3w.<\/p>\n\n\n\n<p>Wszyscy maj\u0105\u00a0zaj\u0119cie, przygotowuj\u0105c stanowiska i argumenty dowodz\u0105ce oczywistego: wybory 10 maja s\u0105 niewykonalne, pr\u00f3ba ich realizacji w tym czasie to po prostu zbrodnia. M\u0119cz\u0105 si\u0119 prawnicy, akademicy, apeluj\u0105 lekarze i prezydenci miast. A Kaczy\u0144ski bawi si\u0119 z nimi i nami wszystkimi jak kot z mysz\u0105, daj\u0105c zaj\u0119cie w trudnym czasie.<\/p>\n\n\n\n<h2 class=\"wp-block-heading\">Kosztowna rozgrywka<\/h2>\n\n\n\n<p>Po co? Zwolennicy Kaczy\u0144skiego zapewne dopatruj\u0105\u00a0si\u0119 w tym post\u0119powaniu strategicznej g\u0142\u0119bi i gry na sto ruch\u00f3w do przodu. Trudniej domy\u015bli\u0107 si\u0119, jaki jest prawdziwy cel owej gry. A mo\u017ce, sparafrazuj\u0119 s\u0142ynn\u0105 fraz\u0119 Eduarda Bernsteina: cel niczym, w\u0142adza wszystkim? Nie wiem, czy uczestniczymy w narodowej grze w szachy, warcaby lub go, ale coraz wi\u0119cej wskazuje na to, \u017ce mo\u017ce to by\u0107 najdro\u017csza partia w naszych dziejach.<\/p>\n","protected":false},"excerpt":{"rendered":"<p>Jaros\u0142aw Kaczy\u0144ski ju\u017c od d\u0142u\u017cszego czas jest w dobrym nastroju i zajmuje nar\u00f3d \u017carcikami, kt\u00f3re w normalnym czasie i pa\u0144stwie traktowaliby\u015bmy jak czerstwe primaaprilisowe suchary. Zamiast \u015bmia\u0107 si\u0119 musimy jednak trwoni\u0107 bezcenn\u0105 w czasie kryzysu energi\u0119 na wyniszczaj\u0105c\u0105 gr\u0119 polityczn\u0105.<\/p>\n","protected":false},"author":1,"featured_media":5193,"comment_status":"closed","ping_status":"closed","sticky":false,"template":"","format":"standard","meta":{"footnotes":""},"categories":[98,257,49,120,6],"tags":[389,390],"_links":{"self":[{"href":"https:\/\/blog.polityka.pl\/antymatrix\/wp-json\/wp\/v2\/posts\/5192"}],"collection":[{"href":"https:\/\/blog.polityka.pl\/antymatrix\/wp-json\/wp\/v2\/posts"}],"about":[{"href":"https:\/\/blog.polityka.pl\/antymatrix\/wp-json\/wp\/v2\/types\/post"}],"author":[{"embeddable":true,"href":"https:\/\/blog.polityka.pl\/antymatrix\/wp-json\/wp\/v2\/users\/1"}],"replies":[{"embeddable":true,"href":"https:\/\/blog.polityka.pl\/antymatrix\/wp-json\/wp\/v2\/comments?post=5192"}],"version-history":[{"count":3,"href":"https:\/\/blog.polityka.pl\/antymatrix\/wp-json\/wp\/v2\/posts\/5192\/revisions"}],"predecessor-version":[{"id":5198,"href":"https:\/\/blog.polityka.pl\/antymatrix\/wp-json\/wp\/v2\/posts\/5192\/revisions\/5198"}],"wp:featuredmedia":[{"embeddable":true,"href":"https:\/\/blog.polityka.pl\/antymatrix\/wp-json\/wp\/v2\/media\/5193"}],"wp:attachment":[{"href":"https:\/\/blog.polityka.pl\/antymatrix\/wp-json\/wp\/v2\/media?parent=5192"}],"wp:term":[{"taxonomy":"category","embeddable":true,"href":"https:\/\/blog.polityka.pl\/antymatrix\/wp-json\/wp\/v2\/categories?post=5192"},{"taxonomy":"post_tag","embeddable":true,"href":"https:\/\/blog.polityka.pl\/antymatrix\/wp-json\/wp\/v2\/tags?post=5192"}],"curies":[{"name":"wp","href":"https:\/\/api.w.org\/{rel}","templated":true}]}}