
{"id":5199,"date":"2020-04-06T11:07:24","date_gmt":"2020-04-06T09:07:24","guid":{"rendered":"http:\/\/antymatrix.blog.polityka.pl\/?p=5199"},"modified":"2020-04-06T11:38:36","modified_gmt":"2020-04-06T09:38:36","slug":"mlodzi-w-klatce","status":"publish","type":"post","link":"https:\/\/blog.polityka.pl\/antymatrix\/2020\/04\/06\/mlodzi-w-klatce\/","title":{"rendered":"M\u0142odzi w klatce"},"content":{"rendered":"\n<p>Zaostrzony re\u017cim epidemiczny szczeg\u00f3lnie potraktowa\u0142 osoby poni\u017cej 18. roku \u017cycia. Wolno im wychodzi\u0107 z domu tylko pod opiek\u0105 doros\u0142ych. To z\u0142a decyzja, dlatego podpisa\u0142em <strong><a rel=\"noreferrer noopener\" aria-label=\"apel &quot;Nie dla \u0142amania praw dzieci i m\u0142odzie\u017cy!&quot;. (opens in a new tab)\" href=\"https:\/\/naszademokracja.pl\/petitions\/nie-dla-lamania-praw-dzieci-i-mlodziezy\" target=\"_blank\">apel &#8222;Nie dla \u0142amania praw dzieci i m\u0142odzie\u017cy!&#8221;<\/a><\/strong>.<\/p>\n\n\n\n<!--more-->\n\n\n\n<p>Wszyscy jeste\u015bmy ofiarami pandemii. Nie wszyscy w r\u00f3wnym stopniu. Osoby najstarsze najbardziej nara\u017cone s\u0105 na ryzyko \u015bmierci w wyniku zara\u017cenia koronawirusem. Osoby w sile wieku niepokoj\u0105 si\u0119 o prac\u0119 i \u015brodki do \u017cycia. Wszystkim doskwiera re\u017cim spo\u0142ecznego zamro\u017cenia, komentujemy bez\/sensowno\u015b\u0107 zakazu wst\u0119pu do las\u00f3w i niekonsekwencj\u0119 innych przepis\u00f3w re\u017cimu epidemicznego. Ale zaciskamy z\u0119by, bo sytuacja tego wymaga.<\/p>\n\n\n\n<h2 class=\"wp-block-heading\">Przedmiot troski<\/h2>\n\n\n\n<p>Najs\u0142abiej mo\u017ce si\u0119 w swoim imieniu wypowiada\u0107 grupa, kt\u00f3ra w polskiej kulturze z definicji g\u0142osu nie ma &#8211; zgodnie z przys\u0142owiem o rybach i dzieciach. Dzieci nie s\u0105 podmiotem, s\u0105 przedmiotem troski doros\u0142ych. W tej trosce pr\u00f3bujemy im zorganizowa\u0107 zaj\u0119cia na czas kwarantanny i nazywamy to zdaln\u0105 edukacj\u0105. Prezydent kraju odkrywa TikToka i fajnuje, zach\u0119caj\u0105c m\u0142odych, by po lekcjach zaj\u0119li si\u0119 e-sportem.<\/p>\n\n\n\n<p>Najtrudniej wyobrazi\u0107 sobie m\u0142odych w roli my\u015bl\u0105cych i czuj\u0105cych podmiot\u00f3w, kt\u00f3rzy stres zamkni\u0119cia odczuwaj\u0105 szczeg\u00f3lnie dotkliwie. Zw\u0142aszcza \u017ce w\u0142adza ze wzgl\u0119du na polityczny interes nie jest w stanie podj\u0105\u0107 konkretnych decyzji o kluczowych dla dzieci i m\u0142odzie\u017cy sprawach, jak terminy egzamin\u00f3w i matur.<\/p>\n\n\n\n<h2 class=\"wp-block-heading\">Nieodpowiedzialno\u015b\u0107 doros\u0142ych<\/h2>\n\n\n\n<p>Wi\u0119cej, pr\u00f3bne matury przeprowadzone na starych, znanych wi\u0119kszo\u015bci uczni\u00f3w arkuszach rozwali\u0142y zaufanie do systemu, ods\u0142aniaj\u0105c jego fasadowo\u015b\u0107. Skoro CKE i w\u0142adze o\u015bwiatowe nie traktuj\u0105 swych obowi\u0105zk\u00f3w powa\u017cnie, to kto jest w tej rzeczywisto\u015bci powa\u017cny?<\/p>\n\n\n\n<p>Maturzy\u015bci, w wi\u0119kszo\u015bci ludzie pe\u0142noletni, nie musz\u0105 przynajmniej zwa\u017ca\u0107 na obowi\u0105zek wychodzenia z doros\u0142ym patronem. 16- i 17-latki ju\u017c tak. Dlaczego, skoro i tak wszystkich niezale\u017cnie od wieku obowi\u0105zuj\u0105 generalne zasady stanu epidemicznego? Po co dodatkowe obostrzenie?<\/p>\n\n\n\n<h2 class=\"wp-block-heading\">Klatka<\/h2>\n\n\n\n<p>Nie chodzi nawet o jego praktyczn\u0105 realizacj\u0119, tylko o komunikat, jaki m\u0142odzi zapami\u0119taj\u0105 do ko\u0144ca \u017cycia. Bo przecie\u017c nie ma w\u0105tpliwo\u015bci, \u017ce Wielka Pandemia b\u0119dzie dla nich formacyjnym do\u015bwiadczeniem, a jego wa\u017cnym elementem pami\u0119\u0107 zamkni\u0119cia w klatce na zasadzie odpowiedzialno\u015bci zbiorowej.<\/p>\n\n\n\n<p>Potraktowali\u015bmy zbiorowo wa\u017cn\u0105 cz\u0119\u015b\u0107 naszego spo\u0142ecze\u0144stwa jako grup\u0119, o kt\u00f3r\u0105 trzeba si\u0119 zatroszczy\u0107 i kt\u00f3ra te\u017c stwarza zagro\u017cenie, bior\u0105c za kryterium jeden tylko atrybut &#8211; wiek. Je\u015bli sytuacja jest tak nadzwyczajna, by w tak brutalny spos\u00f3b pozbawi\u0107 podmiotowo\u015bci ca\u0142y segment spo\u0142ecze\u0144stwa, to powinien j\u0105 sankcjonowa\u0107 faktycznie og\u0142oszony stan nadzwyczajny.<\/p>\n\n\n\n<h2 class=\"wp-block-heading\">Przywr\u00f3ci\u0107&nbsp;podmiotowo\u015b\u0107<\/h2>\n\n\n\n<p>W \u017cadnym innym przypadku nadzwyczajnych sankcji wobec m\u0142odych nie da si\u0119 obroni\u0107. Wygl\u0105daj\u0105 jak zemsta za to, \u017ce m\u0142odzi rozbrykali si\u0119 ostatnio, organizuj\u0105c si\u0119 cho\u0107by w m\u0142odzie\u017cowym ruchu klimatycznym. Wielu jego aktywist\u00f3w to osoby niepe\u0142noletnie, elokwentnie jednak wytykaj\u0105ce starszym odpowiedzialno\u015b\u0107 za katastrofalny stan \u015bwiata i niepewn\u0105 przysz\u0142o\u015b\u0107.<\/p>\n\n\n\n<p>Inicjatorzy apelu <strong><a rel=\"noreferrer noopener\" aria-label=\"&quot;Nie dla \u0142amania praw dzieci i m\u0142odzie\u017cy!&quot; (opens in a new tab)\" href=\"https:\/\/naszademokracja.pl\/petitions\/nie-dla-lamania-praw-dzieci-i-mlodziezy\" target=\"_blank\">&#8222;Nie dla \u0142amania praw dzieci i m\u0142odzie\u017cy!&#8221;<\/a><\/strong> przedstawili bogat\u0105 argumentacj\u0119 przeciwko re\u017cimowi specjalnego zamkni\u0119cia, zwracaj\u0105c uwag\u0119 na domow\u0105 przemoc i inne niebezpiecze\u0144stwa, na jakie s\u0105 nara\u017cone dzieci w obecnym re\u017cimie. Ja do tych argument\u00f3w chcia\u0142bym doda\u0107 tylko ten, na kt\u00f3ry zapewne zwr\u00f3ci\u0142by uwag\u0119 Janusz Korczak: dzieci s\u0105 \u017cywymi podmiotami i zw\u0142aszcza w czasie traumy nale\u017cy do tej podmiotowo\u015bci si\u0119 odwo\u0142ywa\u0107, a nie j\u0105 t\u0142umi\u0107.<\/p>\n\n\n\n<h2 class=\"wp-block-heading\">Zmarnowana energia<\/h2>\n\n\n\n<p>Sam pami\u0119tam, jak po og\u0142oszeniu stanu wojennego wa\u017cna by\u0142a dla mojego grona nastolatk\u00f3w mo\u017cliwo\u015b\u0107 zaanga\u017cowania si\u0119 w akcj\u0119\u00a0pomocy osobom starszym, roznoszenie obiad\u00f3w, pomoc w sprz\u0105taniu na \u015bwi\u0119ta. Nikt wtedy szcz\u0119\u015bliwie nie wpad\u0142 na pomys\u0142, by nas zamkn\u0105\u0107 w domach. Owszem, jak wszyscy podlegali\u015bmy re\u017cimowi godziny milicyjnej.<\/p>\n\n\n\n<p>Nie przerzucajmy na dzieci i m\u0142odzie\u017c koszt\u00f3w nieodpowiedzialno\u015bci doros\u0142ych i fasadowej w\u0142adzy, kt\u00f3ra odbija sw\u0105 nieudolno\u015b\u0107 pozorami stanowczo\u015bci. Brak wyobra\u017ani ju\u017c nas drogo kosztuje, b\u0119dzie kosztowa\u0142 jeszcze wi\u0119cej, gdy wypu\u015bcimy m\u0142odych z klatek.<\/p>\n\n\n\n<h2 class=\"wp-block-heading\">Rozwi\u0105zanie, a nie problem<\/h2>\n\n\n\n<p>Potraktujmy ich nie jako problem, ale jako rozwi\u0105zanie. Tak robi wiele m\u0105drych nauczycielek i nauczycieli, w\u0142\u0105czaj\u0105c swoich uczni\u00f3w do wsp\u00f3lnego radzenia sobie z kryzysem i wyzwaniami szko\u0142y na odleg\u0142o\u015b\u0107. Dajmy im sygna\u0142, \u017ce ich potrzebujemy, a nie \u017ce si\u0119 ich boimy.<\/p>\n","protected":false},"excerpt":{"rendered":"<p>Zaostrzony re\u017cim epidemiczny szczeg\u00f3lnie potraktowa\u0142 osoby poni\u017cej 18 roku \u017cycia. Wolno im wychodzi\u0107 z domu tylko pod opiek\u0105 doros\u0142ych. To z\u0142a decyzja, dlatego podpisa\u0142em apel &#8222;Nie dla \u0142amania praw dzieci i m\u0142odzie\u017cy!&#8221;.<\/p>\n","protected":false},"author":1,"featured_media":5202,"comment_status":"closed","ping_status":"closed","sticky":false,"template":"","format":"standard","meta":{"footnotes":""},"categories":[98,65,279,189,257,120,95,294,66,70],"tags":[389],"_links":{"self":[{"href":"https:\/\/blog.polityka.pl\/antymatrix\/wp-json\/wp\/v2\/posts\/5199"}],"collection":[{"href":"https:\/\/blog.polityka.pl\/antymatrix\/wp-json\/wp\/v2\/posts"}],"about":[{"href":"https:\/\/blog.polityka.pl\/antymatrix\/wp-json\/wp\/v2\/types\/post"}],"author":[{"embeddable":true,"href":"https:\/\/blog.polityka.pl\/antymatrix\/wp-json\/wp\/v2\/users\/1"}],"replies":[{"embeddable":true,"href":"https:\/\/blog.polityka.pl\/antymatrix\/wp-json\/wp\/v2\/comments?post=5199"}],"version-history":[{"count":5,"href":"https:\/\/blog.polityka.pl\/antymatrix\/wp-json\/wp\/v2\/posts\/5199\/revisions"}],"predecessor-version":[{"id":5205,"href":"https:\/\/blog.polityka.pl\/antymatrix\/wp-json\/wp\/v2\/posts\/5199\/revisions\/5205"}],"wp:featuredmedia":[{"embeddable":true,"href":"https:\/\/blog.polityka.pl\/antymatrix\/wp-json\/wp\/v2\/media\/5202"}],"wp:attachment":[{"href":"https:\/\/blog.polityka.pl\/antymatrix\/wp-json\/wp\/v2\/media?parent=5199"}],"wp:term":[{"taxonomy":"category","embeddable":true,"href":"https:\/\/blog.polityka.pl\/antymatrix\/wp-json\/wp\/v2\/categories?post=5199"},{"taxonomy":"post_tag","embeddable":true,"href":"https:\/\/blog.polityka.pl\/antymatrix\/wp-json\/wp\/v2\/tags?post=5199"}],"curies":[{"name":"wp","href":"https:\/\/api.w.org\/{rel}","templated":true}]}}