
{"id":5206,"date":"2020-04-08T08:10:07","date_gmt":"2020-04-08T06:10:07","guid":{"rendered":"http:\/\/antymatrix.blog.polityka.pl\/?p=5206"},"modified":"2020-04-08T12:04:07","modified_gmt":"2020-04-08T10:04:07","slug":"w-polsce-czyli-wszedzie-2","status":"publish","type":"post","link":"https:\/\/blog.polityka.pl\/antymatrix\/2020\/04\/08\/w-polsce-czyli-wszedzie-2\/","title":{"rendered":"W Polsce, czyli wsz\u0119dzie"},"content":{"rendered":"\n<p>Pod koniec kwietnia uka\u017ce si\u0119 moja ksi\u0105\u017cka &#8222;W Polsce, czyli wsz\u0119dzie&#8221;. To rzecz o ko\u0144cu \u015bwiata, jaki znali\u015bmy, pisana jeszcze przed pandemi\u0105. Obserwuj\u0105c nie tylko polsk\u0105\u00a0scen\u0119\u00a0polityczn\u0105, mam wra\u017cenie, \u017ce kto\u015b podkrad\u0142 mi z komputera fragmenty z najgorszymi scenariuszami.<\/p>\n\n\n\n<!--more-->\n\n\n\n<figure class=\"wp-block-embed-youtube wp-block-embed is-type-video is-provider-youtube wp-embed-aspect-4-3 wp-has-aspect-ratio\"><div class=\"wp-block-embed__wrapper\">\n<iframe loading=\"lazy\" title=\"Bendyk: Przed apokalips\u0105 | #1\" width=\"1333\" height=\"1000\" src=\"https:\/\/www.youtube.com\/embed\/T99N-HmPmys?feature=oembed\" frameborder=\"0\" allow=\"accelerometer; autoplay; encrypted-media; gyroscope; picture-in-picture\" allowfullscreen><\/iframe>\n<\/div><\/figure>\n\n\n\n<p><strong><a rel=\"noreferrer noopener\" aria-label=\"Teatru Studio rozpocz\u0105\u0142 we wtorek czytanie fragment\u00f3w (opens in a new tab)\" href=\"https:\/\/www.teatrstudio.pl\/pl\/aktualnosci\/rasiakowna-i-ostalowska-czytaja-bendyka\" target=\"_blank\">Teatr Studio rozpocz\u0105\u0142 we wtorek czytanie fragment\u00f3w<\/a><\/strong>, dzi\u0119kuj\u0119 Halinie Rasiak\u00f3wnie i Dominice Osta\u0142owskiej za podj\u0119cie trudu interpretacji tekstu nieliterackiego, zdaj\u0119 sobie spraw\u0119 z trudno\u015bci zadania. Niekt\u00f3re tezy ksi\u0105\u017cki pojawi\u0142y si\u0119 w rozmowie z <strong><a rel=\"noreferrer noopener\" aria-label=\"Micha\u0142em Sutowskim dla &quot;Krytyki Politycznej&quot;. (opens in a new tab)\" href=\"https:\/\/krytykapolityczna.pl\/swiat\/sutowski-bendyk-kryzys-cywilizacji-energia-klimat-pandemia-wywiad\/\" target=\"_blank\">Micha\u0142em Sutowskim dla &#8222;Krytyki Politycznej&#8221;<\/a><\/strong>.<\/p>\n\n\n\n<p>Pomys\u0142 na &#8222;Polsk\u0119&#8221; narodzi\u0142 si\u0119 ju\u017c jaki\u015b czas temu, zupe\u0142nie pierwotna inspiracja pojawi\u0142a si\u0119 podczas Wioski Teatralnej w W\u0119gajtach w trakcie prapremiery &#8222;Kr\u00f3la Ubu&#8221; wystawianego przez teatr z pensjonariuszami Domu Pomocy Spo\u0142ecznej w Jonkowie.<\/p>\n\n\n\n<h2 class=\"wp-block-heading\">W\u0119gajty, centrum \u015bwiata<\/h2>\n\n\n\n<p>W\u0119gajty to miejsce szczeg\u00f3lne, pisa\u0142em o nim wielokrotnie &#8211; w stodole ukrytej w podolszty\u0144skim lesie dziej\u0105 si\u0119\u00a0cuda, jak w soczewce koncentruje si\u0119 ca\u0142y \u015bwiat. Mutka i Wac\u0142aw Sobaszkowie podejmuj\u0105 tam najwa\u017cniejsze tematy, zazwyczaj wyprzedzaj\u0105c rzeczywisto\u015b\u0107.<\/p>\n\n\n\n<p>Kr\u00f3l Ubu, teatralna klasyka, zagrany w\u0142a\u015bnie tam, w lesie, nabra\u0142 nowego znaczenia &#8211; grany &#8222;nigdzie&#8221; pokaza\u0142, \u017ce rzecz dzieje si\u0119 wsz\u0119dzie. Ubu sta\u0142 si\u0119 postaci\u0105 uniwersaln\u0105 wsp\u00f3\u0142czesnej polityki, a skal\u0119 ubicznej degradacji pokaza\u0142 gorsz\u0105cy spektakl wyre\u017cyserowany przez Jaros\u0142awa Kaczy\u0144skiego wok\u00f3\u0142 wybor\u00f3w prezydenckich w czasie zarazy.<\/p>\n\n\n\n<h2 class=\"wp-block-heading\">Koniec i pocz\u0105tek<\/h2>\n\n\n\n<p>W ksi\u0105\u017cce nie komentuj\u0119 jednak bie\u017c\u0105cej polityki, nie spos\u00f3b dzi\u015b nad\u0105\u017cy\u0107 ani za wirusem siej\u0105cym spustoszenie zgodnie z wyk\u0142adnicz\u0105 dynamik\u0105 wzrostu, ani za wirusem zdeprawowanej w\u0142adzy, kt\u00f3ra degeneruje si\u0119 w odpowiedzi na rosn\u0105c\u0105 bezmoc i utrat\u0119 rzeczywistej sprawczo\u015bci.<\/p>\n\n\n\n<p>Pr\u00f3bowa\u0142em naszkicowa\u0107 g\u0142\u00f3wne osi zmian cywilizacyjnych, dotycz\u0105cych sfery spo\u0142ecznej, kultury, gospodarki, technologii, ekologii, kt\u00f3re splataj\u0105 si\u0119, prowadz\u0105c do sztormu doskona\u0142ego &#8211; nie musi on oznacza\u0107\u00a0katastrofy, jest natomiast symptomem epokowej zmiany, kt\u00f3ra daje szans\u0119 rekonstrukcji rzeczywisto\u015bci.<\/p>\n\n\n\n<h2 class=\"wp-block-heading\">Duch G\u00f3r Literatury<\/h2>\n\n\n\n<p>Rozmawiali\u015bmy wiele o tym w 2019 r. podczas Festiwalu G\u00f3ry Literatury, gdzie Olga Tokarczuk powierzy\u0142a mi zadanie poprowadzenia seminarium o przysz\u0142o\u015bci. Dyskusje pod has\u0142em &#8222;Czterej je\u017ad\u017acy apokalipsy&#8221; by\u0142y odpowiedzi\u0105 na to wezwanie, pe\u0142no ich \u015blad\u00f3w w ksi\u0105\u017cce.<\/p>\n\n\n\n<p>Stawka posz\u0142a w g\u00f3r\u0119, kiedy figury &#8222;czterech je\u017ad\u017ac\u00f3w apokalipsy&#8221; u\u017cy\u0142 Ant\u00f3nio Guterres podczas plenarnego posiedzenia Zgromadzenia Og\u00f3lnego ONZ w styczniu. Sekretarz generalny ONZ ostrzega\u0142, \u017ce zbli\u017camy si\u0119 do punktu prze\u0142omu, po kt\u00f3rym nie b\u0119dzie ju\u017c powrotu. Nie mia\u0142 wtedy jeszcze na my\u015bli pandemii, tylko m.in. zmiany klimatyczne.<\/p>\n\n\n\n<h2 class=\"wp-block-heading\">Je\u017ad\u017acy apokalipsy<\/h2>\n\n\n\n<p>Nawet jednak ostrze\u017cenia Guterresa bledn\u0105 wobec pandemonium wywo\u0142anego przez Covid-19. Nie umawia\u0142em si\u0119 z koronawirusem na pomoc w promocji ksi\u0105\u017cki. Obawiam si\u0119 nawet, \u017ce mo\u017ce odwr\u00f3ci\u0107 uwag\u0119 od g\u0142\u00f3wnego komunikatu.<\/p>\n\n\n\n<p>Pandemia jest katastrof\u0105, jest tak\u017ce ostatnim ostrze\u017ceniem przed innymi katastrofami, kt\u00f3re nas czekaj\u0105, je\u015bli nie potraktujemy powa\u017cnie ostrze\u017ce\u0144 znanych co najmniej od 50 lat. M\u00f3wi\u0105 one, \u017ce zbli\u017camy si\u0119 do bariery dalszej mo\u017cliwo\u015bci istnienia wsp\u00f3\u0142czesnej cywilizacji i od nas tylko zale\u017cy, czy si\u0119 o t\u0119 barier\u0119 rozbijemy.<\/p>\n\n\n\n<h2 class=\"wp-block-heading\">Wyb\u00f3r, nie fatum<\/h2>\n\n\n\n<p>Pandemia, przed kt\u00f3r\u0105 ostrzega\u0142 wysoki panel ekspercki WHO i Banku \u015awiatowego we wrze\u015bniu 2019 r., zaskoczy\u0142a wszystkich, cho\u0107 nie powinna by\u0142a. Mogli\u015bmy si\u0119 lepiej przygotowa\u0107. Nie skorzystali\u015bmy z dost\u0119pnej wiedzy. Teraz ci\u0105gle mo\u017cemy jeszcze podj\u0105\u0107 dzia\u0142ania, by unikn\u0105\u0107 powa\u017cniejszego zagro\u017cenia.<\/p>\n\n\n\n<p>O tym w ksi\u0105\u017cce. Zanim uka\u017ce si\u0119 28 kwietnia, zapraszam do s\u0142uchania fragment\u00f3w, czytaj\u0105\u00a0Halina Rasiak\u00f3wna i Dominika Osta\u0142owska.<\/p>\n","protected":false},"excerpt":{"rendered":"<p>Pod koniec kwietnia uka\u017ce si\u0119 moja ksi\u0105\u017cka &#8222;W Polsce, czyli wsz\u0119dzie&#8221;. To rzecz o ko\u0144cu \u015bwiata, jaki znali\u015bmy pisana jeszcze przed pandemi\u0105. Obserwuj\u0105c nie tylko polsk\u0105 scen\u0119 polityczn\u0105 mam wra\u017cenie, \u017ce kto\u015b podkrad\u0142 mi z komputera fragmenty z najgorszymi scenariuszami.<\/p>\n","protected":false},"author":1,"featured_media":5207,"comment_status":"closed","ping_status":"closed","sticky":false,"template":"","format":"standard","meta":{"footnotes":""},"categories":[141,98,45,338,187,46,197,114,286,56,177,182,92,189,24,257,49,120,8,95,6,124,308,296,273,314,73,294,66,44,86,50,277,70],"tags":[133],"_links":{"self":[{"href":"https:\/\/blog.polityka.pl\/antymatrix\/wp-json\/wp\/v2\/posts\/5206"}],"collection":[{"href":"https:\/\/blog.polityka.pl\/antymatrix\/wp-json\/wp\/v2\/posts"}],"about":[{"href":"https:\/\/blog.polityka.pl\/antymatrix\/wp-json\/wp\/v2\/types\/post"}],"author":[{"embeddable":true,"href":"https:\/\/blog.polityka.pl\/antymatrix\/wp-json\/wp\/v2\/users\/1"}],"replies":[{"embeddable":true,"href":"https:\/\/blog.polityka.pl\/antymatrix\/wp-json\/wp\/v2\/comments?post=5206"}],"version-history":[{"count":5,"href":"https:\/\/blog.polityka.pl\/antymatrix\/wp-json\/wp\/v2\/posts\/5206\/revisions"}],"predecessor-version":[{"id":5213,"href":"https:\/\/blog.polityka.pl\/antymatrix\/wp-json\/wp\/v2\/posts\/5206\/revisions\/5213"}],"wp:featuredmedia":[{"embeddable":true,"href":"https:\/\/blog.polityka.pl\/antymatrix\/wp-json\/wp\/v2\/media\/5207"}],"wp:attachment":[{"href":"https:\/\/blog.polityka.pl\/antymatrix\/wp-json\/wp\/v2\/media?parent=5206"}],"wp:term":[{"taxonomy":"category","embeddable":true,"href":"https:\/\/blog.polityka.pl\/antymatrix\/wp-json\/wp\/v2\/categories?post=5206"},{"taxonomy":"post_tag","embeddable":true,"href":"https:\/\/blog.polityka.pl\/antymatrix\/wp-json\/wp\/v2\/tags?post=5206"}],"curies":[{"name":"wp","href":"https:\/\/api.w.org\/{rel}","templated":true}]}}