
{"id":5232,"date":"2020-04-11T09:01:36","date_gmt":"2020-04-11T07:01:36","guid":{"rendered":"http:\/\/antymatrix.blog.polityka.pl\/?p=5232"},"modified":"2020-05-08T14:47:19","modified_gmt":"2020-05-08T12:47:19","slug":"covid-19-wirus-chorej-wyobrazni","status":"publish","type":"post","link":"https:\/\/blog.polityka.pl\/antymatrix\/2020\/04\/11\/covid-19-wirus-chorej-wyobrazni\/","title":{"rendered":"Covid-19, wirus chorej wyobra\u017ani"},"content":{"rendered":"\n<p>Koronawirus dzia\u0142a w chytry spos\u00f3b. Bezpo\u015brednio jest \u015bmiertelnie niebezpieczny dla zaka\u017conych. Przez swoich sojusznik\u00f3w &#8211; u\u017cytecznych idiot\u00f3w pozbawionych wyobra\u017ani &#8211; rozk\u0142ada ca\u0142e spo\u0142ecze\u0144stwa.<\/p>\n\n\n\n<!--more-->\n\n\n\n<p>Spektakularnym pokazem tej drugiej strategii sta\u0142y si\u0119 obchody smole\u0144skiej rocznicy, kiedy Jaros\u0142aw Kaczy\u0144ski ze \u015bwit\u0105, nie przestrzegaj\u0105c na\u0142o\u017conych przez w\u0142asny rz\u0105d regu\u0142, pogna\u0142 pod pomnik na pl. Pi\u0142sudskiego. Uczestnikom tej budz\u0105cej zgroz\u0119 ceremonii \u017cycz\u0119 zdrowia, na rozum i wyobra\u017ani\u0119 ju\u017c byt p\u00f3\u017ano.<\/p>\n\n\n\n<h2 class=\"wp-block-heading\">Arcypolskie warcholstwo<\/h2>\n\n\n\n<p>Tak g\u0142o\u015bne niegdy\u015b has\u0142o solidarnego pa\u0144stwa ust\u0105pi\u0142o przed rzeczywisto\u015bci\u0105 &#8211; arcypolsk\u0105 figur\u0105 warcholstwa, nihilizmu i pogardy. W tym samym czasie w Wielkiej Brytanii minister Robert Jenrick musi si\u0119&nbsp;t\u0142umaczy\u0107, \u017ce wbrew zakazom pojecha\u0142 przed \u015bwi\u0119tami odwiedzi\u0107&nbsp;rodzic\u00f3w. Bo niezale\u017cnie od powod\u00f3w jego decyzji w\u0142adza ma \u015bwieci\u0107 przyk\u0142adem.<\/p>\n\n\n\n<p>Wi\u0119c \u015bwieci, r\u00f3wnie\u017c w Polsce, staj\u0105c si\u0119 najwi\u0119kszym sojusznikiem patogenu. Dzia\u0142ania zar\u00f3wno oficjalnych przedstawicieli w\u0142adzy (w \u015bwicie Kaczy\u0144skiego by\u0142 i premier, i wicepremier), jak i sprawuj\u0105cego w\u0142adz\u0119 bez konstytucyjnego mandatu (mowa o Prezesie) &#8211; niszcz\u0105 substancj\u0119 podczas epidemii najwa\u017cniejsz\u0105: zaufanie i solidarno\u015b\u0107&nbsp;polegaj\u0105ce na przekonaniu, \u017ce wobec powszechnego zagro\u017cenia d\u017awigamy ten sam los.<\/p>\n\n\n\n<h2 class=\"wp-block-heading\">Erozja zaufania<\/h2>\n\n\n\n<p>Tylko w oparciu o takie przekonanie mo\u017cna oczekiwa\u0107&nbsp;spo\u0142ecznej dyscypliny niezb\u0119dnej, by przetrwa\u0107 czas kryzysu. Z bada\u0144 Krystyny Skar\u017cy\u0144skiej i Konrada Maja przeprowadzonych jeszcze przed 10 kwietnia wynika\u0142o, \u017ce 82,4 proc. Polak\u00f3w akceptowa\u0142o regu\u0142y re\u017cimu epidemicznego, 82,3 proc. deklarowa\u0142o, \u017ce si\u0119 do nich stosuje.<\/p>\n\n\n\n<p>Ciekawe jednak, \u017ce 63,7 proc. badanych twierdzi\u0142o, \u017ce rz\u0105d &#8222;nie podaje spo\u0142ecze\u0144stwu pe\u0142nych informacji o skali zagro\u017ce\u0144 koronawirusem&#8221;. Brak zaufania w tej sprawie \u017cywi a\u017c 43,5 proc. wyborc\u00f3w PiS. To kluczowa informacja, bo pokazuje, jak cienka wi\u0119\u017a \u0142\u0105czy obecn\u0105&nbsp;w\u0142adz\u0119 ze spo\u0142ecze\u0144stwem. Ciekaw jestem wynik\u00f3w podobnych bada\u0144 przeprowadzonych po 10 kwietnia.<\/p>\n\n\n\n<h2 class=\"wp-block-heading\">Kurs na katastrof\u0119<\/h2>\n\n\n\n<p>W ka\u017cdym razie sygna\u0142 z pl. Pi\u0142sudskiego potwierdza inne komunikaty, jakie od ponad tygodnia p\u0142yn\u0105 z o\u015brodka w\u0142adzy majstruj\u0105cej przy terminie wybor\u00f3w prezydenckich: bierzemy kurs na katastrof\u0119, spo\u0142eczna wyobra\u017ania rz\u0105dz\u0105cych zablokowa\u0142a si\u0119 niczym zepsute steru samolotu. Czy l\u0105dowanie mo\u017ce u\u0142atwi\u0107 tarcza 2.0?<\/p>\n\n\n\n<p>Wiele jest zachwyt\u00f3w nad tym programem, bo w ko\u0144cu, jak pisze z uznaniem ekonomista Marcin Pi\u0105tkowski, skala interwencji odpowiada dzia\u0142aniom, jakie podejmuj\u0105 inne rozwini\u0119te kraje. Pi\u0105tkowski to dobry ekonomista, wi\u0119c pewno wie, co m\u00f3wi, ale nale\u017cy zwr\u00f3ci\u0107 uwag\u0119&nbsp;na dwa zasadnicze problemy.<\/p>\n\n\n\n<h2 class=\"wp-block-heading\">Ryzyko etatyzacji<\/h2>\n\n\n\n<p>Pierwszy wyk\u0142ada <strong><a rel=\"noreferrer noopener\" aria-label=\"Alert Gospodarczy (opens in a new tab)\" href=\"https:\/\/oees.pl\/wp-content\/uploads\/2020\/04\/Alert-Gospodarczy-4-OEES.pdf\" target=\"_blank\">Alert Gospodarczy<\/a><\/strong> zespo\u0142u ekspert\u00f3w OEES pod kierownictwem Jerzego Hausnera. Obszerna analiza zwraca szczeg\u00f3ln\u0105 uwag\u0119&nbsp;na rol\u0119 Polskiego Funduszu Rozwoju w Tarczy, kt\u00f3ry staje si\u0119 superagend\u0105 pa\u0144stwa, wy\u0142\u0105czon\u0105 jednak spod mechanizm\u00f3w kontroli, jakie istniej\u0105 nad konstytucyjnymi instytucjami (resort finans\u00f3w) i bankami poddanymi odpowiednim regulacjom. Konsekwencje mog\u0105 by\u0107 bardzo gro\u017ane:<\/p>\n\n\n\n<blockquote style=\"text-align:left\" class=\"wp-block-quote is-style-default is-layout-flow wp-block-quote-is-layout-flow\"><p>Finansowaniem takiej p\u0142ynno\u015bci powinien jednak zajmowa\u0107 si\u0119 BGK, bank pa\u0144stwowy. Emisja d\u0142ugu z gwarancjami SP na pokrycie koszt\u00f3w programu p\u0142ynno\u015bciowego powinna by\u0107 oparta na przejrzystych rynkowych zasadach. Wej\u015bcie firm do programu, jak te\u017c wyj\u015bcie z niego z wykorzystaniem subwencji, nie mo\u017ce nast\u0119powa\u0107 w oparciu o niejasne, dyskrecjonalne kryteria.<\/p><p>Inwestycyjne zaanga\u017cowanie si\u0119 PFR w \u015brednie i du\u017ce firmy poci\u0105ga za sob\u0105 ryzyko trwa\u0142ego wzrostu etatyzacji gospodarki.<\/p><\/blockquote>\n\n\n\n<p>Autorzy raportu neutralnym, cho\u0107 stanowczym j\u0119zykiem wysy\u0142aj\u0105 jasny komunikat polityczny: pod os\u0142on\u0105 tarczy antykryzysowej szykowany jest instrument skoku na kontrol\u0119&nbsp;nad przedsi\u0119biorstwami prywatnymi. Oczywi\u015bcie, nie musi by\u0107 wykorzystany. Niejasno\u015b\u0107 jednak wspomnianych regu\u0142 umo\u017cliwi nawet je\u015bli nie jawn\u0105, to po\u015bredni\u0105 kontrol\u0119.<\/p>\n\n\n\n<h2 class=\"wp-block-heading\">Tw\u00f3rcza destrukcja<\/h2>\n\n\n\n<p>Pozostaje drugi problem, o wymiarze strategicznym. Tarcza koncentruje si\u0119 na wsparciu przedsi\u0119biorstw i po\u015brednio miejsc pracy. To dobra filozofia na czasy kryzysu koniunkturalnego, kiedy stawk\u0105 jest utrzymanie firm &#8222;przy \u017cyciu&#8221; do czasu powrotu koniunktury.<\/p>\n\n\n\n<p>Rzecz w tym, \u017ce do\u015bwiadczamy g\u0142\u0119bokiego kryzysu strukturalnego. Powrotu do takiej struktury gospodarki jak przed kryzysem nie b\u0119dzie z wielu wzgl\u0119d\u00f3w. W takim czasie kluczowe zadanie to wspieranie p\u0142ynno\u015bci w obiegu finansowym, utrzymanie sektora publicznego, us\u0142ug i inwestycji publicznych oraz si\u0142y nabywczej konsument\u00f3w\/obywateli, tak by ochroni\u0107 ich przed konsekwencjami kreatywnej destrukcji, jaka czeka w nadchodz\u0105cym czasie gospodark\u0119.<\/p>\n\n\n\n<h2 class=\"wp-block-heading\">Marnowanie zasob\u00f3w<\/h2>\n\n\n\n<p>Pisz\u0105c pro\u015bciej: w takiej sytuacji trzeba ratowa\u0107 ludzi, a nie firmy, bo podtrzymywanie przedsi\u0119biorstw sektor\u00f3w schy\u0142kowych to marnowanie bezcennych zasob\u00f3w. Dlatego tak wiele m\u00f3wi si\u0119 o rozwi\u0105zaniach odwo\u0142uj\u0105cych si\u0119 do powszechnego dochodu gwarantowanego &#8211; wdra\u017ca taki mechanizm w ograniczonym zakresie Hiszpania, podobne instrumenty zastosowa\u0142y Hongkong i Korea Po\u0142udniowa.<\/p>\n\n\n\n<p>Obecny kryzys wymaga instrument\u00f3w wspomagaj\u0105cych jak najbezpieczniejsze przej\u015bcie do \u015bwiata, kt\u00f3rego jeszcze nie znamy, a nie trwonienia \u015brodk\u00f3w na przeczekanie, a\u017c powr\u00f3ci iluzoryczna normalno\u015b\u0107.<\/p>\n","protected":false},"excerpt":{"rendered":"<p>Koronawirus dzia\u0142a w chytry spos\u00f3b. Bezpo\u015brednio jest \u015bmiertelnie niebezpieczny dla zara\u017conych os\u00f3b. Przez swoich sojusznik\u00f3w &#8211; u\u017cytecznych idiot\u00f3w pozbawionych wyobra\u017ani rozk\u0142ada ca\u0142e spo\u0142ecze\u0144stwa.<\/p>\n","protected":false},"author":1,"featured_media":5238,"comment_status":"closed","ping_status":"closed","sticky":false,"template":"","format":"standard","meta":{"footnotes":""},"categories":[1,98,338,46,21,197,257,49,120,297,258,6,73,294],"tags":[389,206],"_links":{"self":[{"href":"https:\/\/blog.polityka.pl\/antymatrix\/wp-json\/wp\/v2\/posts\/5232"}],"collection":[{"href":"https:\/\/blog.polityka.pl\/antymatrix\/wp-json\/wp\/v2\/posts"}],"about":[{"href":"https:\/\/blog.polityka.pl\/antymatrix\/wp-json\/wp\/v2\/types\/post"}],"author":[{"embeddable":true,"href":"https:\/\/blog.polityka.pl\/antymatrix\/wp-json\/wp\/v2\/users\/1"}],"replies":[{"embeddable":true,"href":"https:\/\/blog.polityka.pl\/antymatrix\/wp-json\/wp\/v2\/comments?post=5232"}],"version-history":[{"count":10,"href":"https:\/\/blog.polityka.pl\/antymatrix\/wp-json\/wp\/v2\/posts\/5232\/revisions"}],"predecessor-version":[{"id":5345,"href":"https:\/\/blog.polityka.pl\/antymatrix\/wp-json\/wp\/v2\/posts\/5232\/revisions\/5345"}],"wp:featuredmedia":[{"embeddable":true,"href":"https:\/\/blog.polityka.pl\/antymatrix\/wp-json\/wp\/v2\/media\/5238"}],"wp:attachment":[{"href":"https:\/\/blog.polityka.pl\/antymatrix\/wp-json\/wp\/v2\/media?parent=5232"}],"wp:term":[{"taxonomy":"category","embeddable":true,"href":"https:\/\/blog.polityka.pl\/antymatrix\/wp-json\/wp\/v2\/categories?post=5232"},{"taxonomy":"post_tag","embeddable":true,"href":"https:\/\/blog.polityka.pl\/antymatrix\/wp-json\/wp\/v2\/tags?post=5232"}],"curies":[{"name":"wp","href":"https:\/\/api.w.org\/{rel}","templated":true}]}}