
{"id":5251,"date":"2020-04-18T13:50:38","date_gmt":"2020-04-18T11:50:38","guid":{"rendered":"http:\/\/antymatrix.blog.polityka.pl\/?p=5251"},"modified":"2020-04-18T14:07:49","modified_gmt":"2020-04-18T12:07:49","slug":"zamaskowana-rzeczywistosc","status":"publish","type":"post","link":"https:\/\/blog.polityka.pl\/antymatrix\/2020\/04\/18\/zamaskowana-rzeczywistosc\/","title":{"rendered":"Zamaskowana rzeczywisto\u015b\u0107"},"content":{"rendered":"\n<p>Wybra\u0142em si\u0119 dzi\u015b na lokalny bazarek i zobaczy\u0142em, jak si\u0119 rozmra\u017ca gospodarka. T\u0142um sprzedawc\u00f3w, jeszcze wi\u0119cej klient\u00f3w. Nar\u00f3d, owszem, w maseczkach, ale zakupy robi\u0142 &#8222;na prezesa&#8221;, szwendaj\u0105c si\u0119 w kupie po straganach, jak przed tygodniem Jaros\u0142aw Kaczy\u0144ski po pl. Pi\u0142sudskiego. Najwyra\u017aniej bez \u017cadnego trybu wychodzimy z epidemii, kt\u00f3ra jeszcze na dobre si\u0119 w Polsce nie zacz\u0119\u0142a.<\/p>\n\n\n\n<!--more-->\n\n\n\n<p>Z zakup\u00f3w w tych warunkach zrezygnowa\u0142em, nie mog\u0119 jednak zrezygnowa\u0107 z my\u015blenia, co dalej. Niestety, nie mam takiej pewno\u015bci i zdolno\u015bci widzenia przysz\u0142o\u015bci jak minister zdrowia. \u0141ukasz Szumowski o\u015bwiadczy\u0142 w pi\u0105tek, \u017ce wybory w spos\u00f3b normalny, z p\u00f3j\u015bciem do lokalu wyborczego, b\u0119dzie mo\u017cna bezpiecznie przeprowadzi\u0107 dopiero za dwa lata.<\/p>\n\n\n\n<h2 class=\"wp-block-heading\">Precyzja rz\u0105dowych danych<\/h2>\n\n\n\n<p>Rozumiem, \u017ce t\u0119 ocen\u0119 minister opiera na pewnych wyliczeniach, bo o tych dw\u00f3ch latach m\u00f3wi\u0142 z pe\u0142nym przekonaniem. Z nie mniejszym przekonaniem m\u00f3wi\u0142 Szumowski, \u017ce alternatyw\u0105 s\u0105 wybory korespondencyjne, kt\u00f3re mo\u017cna przeprowadzi\u0107 w dowolnym momencie, cho\u0107 zastrzeg\u0142, \u017ce nie zna szczeg\u00f3\u0142\u00f3w organizacyjnych ewentualnej elekcji pocztowej.<\/p>\n\n\n\n<p>Zdaje si\u0119, \u017ce nikt tych szczeg\u00f3\u0142\u00f3w jeszcze nie zna, jedynie minister wie, \u017ce mo\u017cna je przeprowadzi\u0107 bezpiecznie pod wzgl\u0119dem zdrowotnym. Je\u017celi pewno\u015b\u0107, z jak\u0105 wypowiedzia\u0142 si\u0119 w jednej i drugiej kwestii, oparta jest na takich samych przes\u0142ankach merytorycznych, to gratuluj\u0119 w\u0142adzy zaplecza analitycznego.<\/p>\n\n\n\n<h2 class=\"wp-block-heading\">Docta ignorantia<\/h2>\n\n\n\n<p>Wypowiadanie si\u0119 z pewno\u015bci\u0105 w sytuacji radykalnej niepewno\u015bci \u015bwiadczy\u0107\u00a0musi o ekskluzywnym dost\u0119pie do wiedzy, jak\u0105 nie dysponuj\u0105 znane publiczne o\u015brodki badawcze zajmuj\u0105ce si\u0119 dzi\u015b rozwojem sytuacji pandemicznej. Wi\u0119kszo\u015b\u0107 uznanych ekspert\u00f3w cz\u0119\u015bciej m\u00f3wi o tym, czego nie wie, ni\u017c to, co wie na pewno.<\/p>\n\n\n\n<p>Mamy wi\u0119c szcz\u0119\u015bcie, \u017ce minister zdrowia w Polsce dysponuje dost\u0119pem do lepszych \u017ar\u00f3de\u0142 wiedzy ni\u017c jego koledzy w innych krajach. Tylko sk\u0105d ta dziwna zbie\u017cno\u015b\u0107 komunikatu medycznego Szumowskiego z przekazem politycznym partii w\u0142adzy: albo przed\u0142u\u017camy kadencj\u0119 Andrzeja Dudy o dwa lata, albo wybory korespondencyjne teraz?<\/p>\n\n\n\n<h2 class=\"wp-block-heading\">Problem zaufania<\/h2>\n\n\n\n<p>Czy to Jaros\u0142aw Kaczy\u0144ski dzia\u0142a w oparciu o rekomendacje ministra zdrowia? Czy raczej ca\u0142\u0105 spraw\u0119 i stanowisko ministra nale\u017ca\u0142oby podsumowa\u0107 fraz\u0105 z radzieckiej klasyki rewolucyjnej, kiedy bohater w kluczowym momencie m\u00f3wi: jestem lekarzem, ale i czekist\u0105!<\/p>\n\n\n\n<p>Rzecz nie w zgrabnych frazach jednak, a w zaufaniu do w\u0142adzy i instytucji publicznych. Badania <strong><a rel=\"noreferrer noopener\" aria-label=\"&quot;Spo\u0142ecze\u0144stwo wobec epidemii&quot; (opens in a new tab)\" href=\"https:\/\/www.batory.org.pl\/wp-content\/uploads\/2020\/04\/Badanie-spoleczenstwo-wobec-epidemii-fin.pdf\" target=\"_blank\">&#8222;Spo\u0142ecze\u0144stwo wobec epidemii&#8221;<\/a><\/strong> przeprowadzone tu\u017c przed \u015bwi\u0119tami przez Krystyn\u0119 Skar\u017cy\u0144sk\u0105 i Konrada Maja dla Forum Idei Fundacji Batorego pokaza\u0142o, \u017ce 63,7 proc. Polak\u00f3w nie ufa rz\u0105dowi i nie ma przekonania, \u017ce przekazuje on pe\u0142ne informacje o koronawirusie. Nawet w elektoracie partii w\u0142adzy odsetek w\u0105tpi\u0105cych si\u0119ga\u0142 43,5 proc.<\/p>\n\n\n\n<h2 class=\"wp-block-heading\">Kult cargo<\/h2>\n\n\n\n<p>W\u0105tpi\u0119, by odzyskaniu zaufania psutego najbardziej przez ekscesy ludzi w\u0142adzy nierespektuj\u0105cych w\u0142asnych dyspozycji pomog\u0142y takie spektakle jak Powitanie Wielkiego Ptaka i Narodowy Dzie\u0144 Roz\u0142adunku celebrowane osobi\u015bcie przez premiera RP. Je\u015bli rz\u0105d chcia\u0142 w ten spos\u00f3b podkre\u015bli\u0107 swoj\u0105 suwerenno\u015b\u0107, to w \u015bwiat poszed\u0142 jasny komunikat, \u017ce jest to suwerenno\u015b\u0107 oparta na swoistym kulcie cargo.<\/p>\n\n\n\n<p>Antonow-225 Mrija (marzenie) przywi\u00f3z\u0142 \u0142adunek maseczek i materia\u0142\u00f3w sanitarnych od Brata Xi, pomacha\u0142 majestatycznie skrzyd\u0142ami i polecia\u0142. A wraz z nim marzenie, \u017ce szybko wr\u00f3cimy do normalno\u015bci.<\/p>\n\n\n\n<h2 class=\"wp-block-heading\">Gniew i protest w czasach zarazy<\/h2>\n\n\n\n<p>O rzeczywisto\u015bci szybko przypomnia\u0142 Sejm, kt\u00f3ry uzna\u0142, \u017ce po\u015bwi\u0105teczny tydzie\u0144 to najlepszy czas na podj\u0119cie temat\u00f3w zaostrzenia aborcji, edukacji seksualnej i uczestnictwa dzieci w polowaniach. Chora wyobra\u017ania politycznych macher\u00f3w okaza\u0142a si\u0119 s\u0142absza od kreatywno\u015bci uczestniczek i uczestnik\u00f3w ruch\u00f3w w obronie kobiet.<\/p>\n\n\n\n<p>Z ulic polskich miast pop\u0142yn\u0105\u0142 wyra\u017any sygna\u0142 &#8211; epidemiczne zamro\u017cenie spo\u0142ecze\u0144stwa nie zamrozi\u0142o potencja\u0142u mobilizacji. By\u0107 mo\u017ce wr\u0119cz przeciwnie. W takiej sytuacji po\u015bpiech z wyborami staje si\u0119 zrozumia\u0142y, ale bardzo ryzykowny. Bakcyl gniewu rozprzestrzenia si\u0119 z podobn\u0105\u00a0dynamik\u0105 co wirus, nie jest jednak pewne, \u017ce dzia\u0142a na\u0144 t\u0142umi\u0105co <em>social distancing<\/em>. I nie wie tego nawet minister Szumowski.<\/p>\n","protected":false},"excerpt":{"rendered":"<p>Wybra\u0142em si\u0119 dzi\u015b na lokalny bazarek, i zobaczy\u0142em jak si\u0119 rozmra\u017ca gospodarka. T\u0142um sprzedawc\u00f3w, jeszcze wi\u0119cej klient\u00f3w. Nar\u00f3d, owszem w maseczkach ale zakupy robi\u0142 &#8222;na prezesa&#8221;, szwendaj\u0105c si\u0119 w kupie po straganach, jak przed tygodniem Jaros\u0142aw Kaczy\u0144ski po Placu Pi\u0142sudskiego. Najwyra\u017aniej bez \u017cadnego trybu wychodzimy z epidemii, kt\u00f3ra jeszcze na dobre si\u0119 w Polsce nie zacz\u0119\u0142a.<\/p>\n","protected":false},"author":1,"featured_media":5252,"comment_status":"closed","ping_status":"closed","sticky":false,"template":"","format":"standard","meta":{"footnotes":""},"categories":[1,98,286,11,29,257,49,120,95,6,296,73,294,70],"tags":[406,389,390],"_links":{"self":[{"href":"https:\/\/blog.polityka.pl\/antymatrix\/wp-json\/wp\/v2\/posts\/5251"}],"collection":[{"href":"https:\/\/blog.polityka.pl\/antymatrix\/wp-json\/wp\/v2\/posts"}],"about":[{"href":"https:\/\/blog.polityka.pl\/antymatrix\/wp-json\/wp\/v2\/types\/post"}],"author":[{"embeddable":true,"href":"https:\/\/blog.polityka.pl\/antymatrix\/wp-json\/wp\/v2\/users\/1"}],"replies":[{"embeddable":true,"href":"https:\/\/blog.polityka.pl\/antymatrix\/wp-json\/wp\/v2\/comments?post=5251"}],"version-history":[{"count":7,"href":"https:\/\/blog.polityka.pl\/antymatrix\/wp-json\/wp\/v2\/posts\/5251\/revisions"}],"predecessor-version":[{"id":5259,"href":"https:\/\/blog.polityka.pl\/antymatrix\/wp-json\/wp\/v2\/posts\/5251\/revisions\/5259"}],"wp:featuredmedia":[{"embeddable":true,"href":"https:\/\/blog.polityka.pl\/antymatrix\/wp-json\/wp\/v2\/media\/5252"}],"wp:attachment":[{"href":"https:\/\/blog.polityka.pl\/antymatrix\/wp-json\/wp\/v2\/media?parent=5251"}],"wp:term":[{"taxonomy":"category","embeddable":true,"href":"https:\/\/blog.polityka.pl\/antymatrix\/wp-json\/wp\/v2\/categories?post=5251"},{"taxonomy":"post_tag","embeddable":true,"href":"https:\/\/blog.polityka.pl\/antymatrix\/wp-json\/wp\/v2\/tags?post=5251"}],"curies":[{"name":"wp","href":"https:\/\/api.w.org\/{rel}","templated":true}]}}