
{"id":5271,"date":"2020-04-19T19:20:48","date_gmt":"2020-04-19T17:20:48","guid":{"rendered":"http:\/\/antymatrix.blog.polityka.pl\/?p=5271"},"modified":"2020-04-19T21:43:18","modified_gmt":"2020-04-19T19:43:18","slug":"pokolenie-pandemii","status":"publish","type":"post","link":"https:\/\/blog.polityka.pl\/antymatrix\/2020\/04\/19\/pokolenie-pandemii\/","title":{"rendered":"Pokolenie pandemii"},"content":{"rendered":"\n<p>Pandemia b\u0119dzie wa\u017cnym do\u015bwiadczeniem dla wszystkich, szczeg\u00f3lnie zapewne zapami\u0119ta j\u0105 dzisiejsza m\u0142odzie\u017c. Postarajmy si\u0119, \u017ceby nie by\u0142a to pami\u0119\u0107 traumy, tylko formacyjnego do\u015bwiadczenia \u017cyciowego. Wiele nie trzeba.<\/p>\n\n\n\n<!--more-->\n\n\n\n<p>W pi\u0105tek mia\u0142em okazj\u0119\u00a0uczestniczy\u0107 w niezwyk\u0142ym spotkaniu. Joanna Wowrzeczka, szefowa \u015awietlicy Krytyki Politycznej w Cieszynie, jednocze\u015bnie te\u017c cieszy\u0144ska radna, zaprosi\u0142a mnie na seminarium z grup\u0105 licealistek i licealist\u00f3w.<\/p>\n\n\n\n<h2 class=\"wp-block-heading\">To idzie m\u0142odo\u015b\u0107<\/h2>\n\n\n\n<p>Punktem wyj\u015bcia do rozmowy by\u0142 m\u00f3j tekst z aktualnej &#8222;Polityki&#8221; <strong><a rel=\"noreferrer noopener\" aria-label=\"&quot;To idzie m\u0142odo\u015b\u0107&quot; (opens in a new tab)\" href=\"https:\/\/www.polityka.pl\/tygodnikpolityka\/spoleczenstwo\/1952484,1,wirus-nakrecil-konflikt-pokolen.read\" target=\"_blank\">&#8222;To idzie m\u0142odo\u015b\u0107&#8221;<\/a><\/strong>. W artykule opisuj\u0119 ujawnione w trakcie pandemii napi\u0119cia mi\u0119dzypokoleniowe, nie o nich jednak chcia\u0142em z seminarzystami rozmawia\u0107, bardziej interesowa\u0142o mnie ich do\u015bwiadczanie obecnego kryzysu.<\/p>\n\n\n\n<p>M\u00f3wili wi\u0119c g\u0142\u00f3wnie oni, szkicuj\u0105c g\u0119st\u0105 map\u0119 \u015bwiata, w kt\u00f3rym musz\u0105 si\u0119 porusza\u0107, \u015bwiata ustawionego nieudolnie przez doros\u0142ych, kt\u00f3rzy do tej nieudolno\u015bci przyzna\u0107 si\u0119 nie potrafi\u0105. Bole\u015bnie zabrzmia\u0142y wypowiedzi o tym, \u017ce m\u0142odzi czuj\u0105 si\u0119&nbsp;jak obiekty laboratoryjne, na kt\u00f3rych od kilku lat prowadzony jest okrutny eksperyment.<\/p>\n\n\n\n<h2 class=\"wp-block-heading\">Nieludzki eksperyment<\/h2>\n\n\n\n<p>Nikt ich nie pyta\u0142 o zdanie podczas przygotowania reformy systemu o\u015bwiaty, nikt nie przejmowa\u0142 si\u0119 kosztami, jakie ponios\u0105 podczas wdra\u017cania niechlujnie przygotowanego projektu, teraz za\u015b, jakby na domkni\u0119cie tych trudnych lat, dosz\u0142a sytuacja stanu nauki w czasie zarazy, z brakiem elementarnych informacji o terminach egzamin\u00f3w i matur. Tak jakby doro\u015bli zrejterowali i bali si\u0119\u00a0ponie\u015b\u0107 odpowiedzialno\u015b\u0107.<\/p>\n\n\n\n<p>Co jednak ciekawe, moi rozm\u00f3wcy wcale nie narzekali, tylko do\u015b\u0107 ch\u0142odno analizowali, jakby ju\u017c przywykli do nieodpowiedzialno\u015bci starszych, a zamiast pomstowa\u0107, dodawali roztropnie, \u017ce podczas reformy zapomniano nie tylko o nich, ale tak\u017ce zignorowano g\u0142os nauczycieli, zamiast wykorzysta\u0107\u00a0ich do\u015bwiadczenie.<\/p>\n\n\n\n<h2 class=\"wp-block-heading\">Nieodpowiedzialno\u015b\u0107 doros\u0142ych<\/h2>\n\n\n\n<p>Sami nauczyciele i szko\u0142a na odleg\u0142o\u015b\u0107 jest \u017ar\u00f3d\u0142em mieszanych dozna\u0144. Nauczyciele, kt\u00f3rzy dotychczas traktowali uczni\u00f3w podmiotowo, w trudnym czasie jeszcze bardziej si\u0119 otwieraj\u0105 na rozmow\u0119 i wsp\u00f3lne radzenie z problemami. Nie brakuje jednak takich, kt\u00f3rzy swoje frustracji roz\u0142adowuj\u0105, dopakowuj\u0105c uczni\u00f3w na odleg\u0142o\u015b\u0107 zadaniami nie do wykonania.<\/p>\n\n\n\n<p>Wzruszaj\u0105co brzmia\u0142y s\u0142owa o konieczno\u015bci &#8222;narodowej kwarantanny&#8221; &#8211; to wyraz solidarno\u015bci i sprawiedliwo\u015bci, kiedy wszyscy dziel\u0105 ten sam los w trosce o to, \u017ceby choroba nie rozwija\u0142a si\u0119 zbyt szybko kosztem najbardziej zagro\u017conych zaka\u017ceniem.<\/p>\n\n\n\n<h2 class=\"wp-block-heading\">Solidarno\u015b\u0107 mi\u0119dzy pokoleniami<\/h2>\n\n\n\n<p>W kontek\u015bcie tej wypowiedzi groteskowo jawi si\u0119 &#8222;areszt domowy&#8221; na\u0142o\u017cony na m\u0142odzie\u017c poni\u017cej 18. roku \u017cycia. Przecie\u017c g\u0142upota nie zale\u017cy od wieku, czego przyk\u0142ady dostarcza telewizja w relacjach cho\u0107by z uroczysto\u015bci pa\u0144stwowych.<\/p>\n\n\n\n<p>Rozmawiali\u015bmy te\u017c o aktywizmie, o M\u0142odzie\u017cowym Strajku Klimatycznym, kt\u00f3ry trwa i si\u0119 organizuje mimo <em>lockdownu<\/em>, tak\u017ce o innych formach zaanga\u017cowania: w partyjnych m\u0142odzie\u017c\u00f3wkach, w m\u0142odzie\u017cowej radzie miasta, w innych organizacjach. C\u00f3\u017c, nawet je\u015bli nie potrafimy naszych m\u0142odych traktowa\u0107\u00a0podmiotowo, to znaj\u0105\u00a0oni warto\u015b\u0107 swojej podmiotowo\u015bci i potrafi\u0105 j\u0105 realizowa\u0107.<\/p>\n\n\n\n<h2 class=\"wp-block-heading\">Warto s\u0142ucha\u0107<\/h2>\n\n\n\n<p>To by\u0142o bardzo buduj\u0105ce i poszerzaj\u0105ce horyzonty spotkanie, czu\u0142em si\u0119 podobnie jak podczas licznych dyskusji z m\u0142odzie\u017c\u0105 w 2012 r. w ramach protest\u00f3w anty-ACTA. Naprawd\u0119 warto ich s\u0142ucha\u0107, zw\u0142aszcza teraz.<\/p>\n\n\n\n<p>Dlatego zapraszam ju\u017c w najbli\u017cszy wtorek i pi\u0105tek na <strong><a rel=\"noreferrer noopener\" aria-label=\"&quot;Pandemiokracj\u0119&quot; -otwarte spotkania  on-line (opens in a new tab)\" href=\"https:\/\/www.facebook.com\/events\/220149995958179\/\" target=\"_blank\">&#8222;Pandemiokracj\u0119&#8221; &#8211; otwarte spotkania online<\/a><\/strong> organizowane przez lubelsk\u0105 Galeri\u0119 Labirynt i &#8222;Polityk\u0119&#8221; z lubelskimi aktywistami. Pos\u0142uchajmy i porozmawiajmy z nimi razem.<\/p>\n","protected":false},"excerpt":{"rendered":"<p>Pandemia b\u0119dzie wa\u017cnym do\u015bwiadczeniem dla wszystkich, szczeg\u00f3lnie zapewne zapami\u0119ta j\u0105 dzisiejsza m\u0142odzie\u017c. Postarajmy si\u0119, \u017ceby nie by\u0142a to pami\u0119\u0107 traumy tylko formacyjnego do\u015bwiadczenia \u017cyciowego. Wiele nie trzeba.<\/p>\n","protected":false},"author":1,"featured_media":5272,"comment_status":"closed","ping_status":"closed","sticky":false,"template":"","format":"standard","meta":{"footnotes":""},"categories":[98,65,45,55,114,189,257,120,6,73,294,66,70],"tags":[408,389],"_links":{"self":[{"href":"https:\/\/blog.polityka.pl\/antymatrix\/wp-json\/wp\/v2\/posts\/5271"}],"collection":[{"href":"https:\/\/blog.polityka.pl\/antymatrix\/wp-json\/wp\/v2\/posts"}],"about":[{"href":"https:\/\/blog.polityka.pl\/antymatrix\/wp-json\/wp\/v2\/types\/post"}],"author":[{"embeddable":true,"href":"https:\/\/blog.polityka.pl\/antymatrix\/wp-json\/wp\/v2\/users\/1"}],"replies":[{"embeddable":true,"href":"https:\/\/blog.polityka.pl\/antymatrix\/wp-json\/wp\/v2\/comments?post=5271"}],"version-history":[{"count":6,"href":"https:\/\/blog.polityka.pl\/antymatrix\/wp-json\/wp\/v2\/posts\/5271\/revisions"}],"predecessor-version":[{"id":5279,"href":"https:\/\/blog.polityka.pl\/antymatrix\/wp-json\/wp\/v2\/posts\/5271\/revisions\/5279"}],"wp:featuredmedia":[{"embeddable":true,"href":"https:\/\/blog.polityka.pl\/antymatrix\/wp-json\/wp\/v2\/media\/5272"}],"wp:attachment":[{"href":"https:\/\/blog.polityka.pl\/antymatrix\/wp-json\/wp\/v2\/media?parent=5271"}],"wp:term":[{"taxonomy":"category","embeddable":true,"href":"https:\/\/blog.polityka.pl\/antymatrix\/wp-json\/wp\/v2\/categories?post=5271"},{"taxonomy":"post_tag","embeddable":true,"href":"https:\/\/blog.polityka.pl\/antymatrix\/wp-json\/wp\/v2\/tags?post=5271"}],"curies":[{"name":"wp","href":"https:\/\/api.w.org\/{rel}","templated":true}]}}