
{"id":5433,"date":"2020-07-13T08:54:24","date_gmt":"2020-07-13T06:54:24","guid":{"rendered":"http:\/\/antymatrix.blog.polityka.pl\/?p=5433"},"modified":"2020-07-15T15:58:17","modified_gmt":"2020-07-15T13:58:17","slug":"wybralismy","status":"publish","type":"post","link":"https:\/\/blog.polityka.pl\/antymatrix\/2020\/07\/13\/wybralismy\/","title":{"rendered":"Wybrali\u015bmy"},"content":{"rendered":"\n<p>Wybrali\u015bmy. Wynik wybor\u00f3w, w kt\u00f3rych uczestniczy\u0142o ponad dwie trzecie uprawnionych, nale\u017cy uszanowa\u0107. I cho\u0107 nic si\u0119 nie zmieni\u0142o, zmieni\u0142o si\u0119 wszystko.<\/p>\n\n\n\n<!--more-->\n\n\n\n<figure class=\"wp-block-image\"><img loading=\"lazy\" decoding=\"async\" width=\"1024\" height=\"398\" src=\"\/wp-content\/uploads\/2020\/07\/Zrzut-ekranu-2020-07-13-o-08.56.33-1024x398.png\" alt=\"\" class=\"wp-image-5436\" srcset=\"\/antymatrix\/wp-content\/uploads\/2020\/07\/Zrzut-ekranu-2020-07-13-o-08.56.33-1024x398.png 1024w, \/antymatrix\/wp-content\/uploads\/2020\/07\/Zrzut-ekranu-2020-07-13-o-08.56.33-300x117.png 300w, \/antymatrix\/wp-content\/uploads\/2020\/07\/Zrzut-ekranu-2020-07-13-o-08.56.33-768x299.png 768w\" sizes=\"(max-width: 1024px) 100vw, 1024px\" \/><\/figure>\n\n\n\n<p>Gospodarzem Pa\u0142acu Prezydenckiego zostaje ten sam cz\u0142owiek czy pozostanie t\u0105 sam\u0105&nbsp;osob\u0105? Czy Andrzej Duda, tw\u00f3r in\u017cynierii politycznej Jaros\u0142awa Kaczy\u0144skiego, zechce dokona\u0107 symbolicznego &#8222;ojcob\u00f3jstwa&#8221; i wyemancypowa\u0107 si\u0119? Nie mo\u017cna tego wykluczy\u0107, wszak teraz to Kaczy\u0144ski bardziej potrzebuje Dudy ni\u017c odwrotnie, ale Duda ma wi\u0119cej do stracenia.  Wszak po zako\u0144czeniu drugiej i ostatniej kadencji b\u0119dzie jeszcze zbyt m\u0142ody na emerytur\u0119.<\/p>\n\n\n\n<h2 class=\"wp-block-heading\">Jak wygra\u0107, jak rz\u0105dzi\u0107<\/h2>\n\n\n\n<p>Nawet je\u015bli Andrzej Duda zdecyduje si\u0119 kontynuowa\u0107 dotychczasowy model prezydentury, czyli pe\u0142nienie funkcji delegata partii rz\u0105dz\u0105cej w Pa\u0142acu, to jednak zasadniczo zmieni\u0142 si\u0119 kontekst prowadzenia polityki w Polsce. Wybory pokaza\u0142y, \u017ce mo\u017cna zdoby\u0107 w\u0142adz\u0119 w oparciu o wie\u015b i ma\u0142e miasteczka, g\u0142osami os\u00f3b starszych, s\u0142abiej wykszta\u0142conych. Czy jednak mo\u017cna Polsk\u0105 rz\u0105dzi\u0107 bez du\u017cych miast i metropolii, bez ludzi m\u0142odych i przedsi\u0119biorc\u00f3w?<\/p>\n\n\n\n<p>Rz\u0105dzi\u0107, czyli korzysta\u0107 z w\u0142adzy, by skutecznie rozwi\u0105zywa\u0107 realne problemy stoj\u0105ce przed spo\u0142ecze\u0144stwem jako ca\u0142o\u015bci\u0105 i przed jego segmentami? O tych problemach w kampanii by\u0142o najmniej, wi\u0119cej m\u00f3wi\u0119 o nich w rozmowie z Grzegorzem Sroczy\u0144skim, kt\u00f3ra niebawem uka\u017ce si\u0119 w Gazeta.pl.<\/p>\n\n\n\n<h2 class=\"wp-block-heading\">Nieobecne wyzwania<\/h2>\n\n\n\n<p>Zmiany demograficzne, starzenie si\u0119 i wymieranie, kryzys ekologiczny, transformacja energetyczna i proekologiczna modernizacja gospodarki &#8211; to tylko niekt\u00f3re ze strategicznych problem\u00f3w, kt\u00f3re wymagaj\u0105 nowych form solidarno\u015bci m\u0142odych z seniorami, miast ze wsi\u0105, klasy kreatywnej z robotnikami.<\/p>\n\n\n\n<p>Kampania wyborcza pe\u0142na nienawi\u015bci, prowadzona przy pe\u0142nym zaanga\u017cowaniu przez ob\u00f3z rz\u0105dz\u0105cy \u015brodk\u00f3w pa\u0144stwowych, pog\u0142\u0119bi\u0142a polityczn\u0105&nbsp;polaryzacj\u0119 Polek i Polak\u00f3w, ujawniaj\u0105c jednak, \u017ce jej podstaw\u0105 s\u0105 g\u0142\u0119bsze podzia\u0142y spo\u0142eczne o charakterze strukturalnym. Wynik wybor\u00f3w podzia\u0142 ten potwierdzi\u0142, pokazuj\u0105c, \u017ce biegnie przez \u015brodek naszego spo\u0142ecze\u0144stwa.<\/p>\n\n\n\n<h2 class=\"wp-block-heading\">Podzia\u0142<\/h2>\n\n\n\n<p>To fakt, z kt\u00f3rym zmierzy\u0107 si\u0119 musz\u0105 obie strony. Zwyci\u0119zcy musz\u0105 zrozumie\u0107, powt\u00f3rz\u0119, \u017ce na takiej polaryzacji mo\u017cna wygra\u0107, ale nie mo\u017cna skutecznie rz\u0105dzi\u0107. Pokonani, \u017ce w Polsce nie da si\u0119 wygra\u0107 wybor\u00f3w, zapominaj\u0105c o tej Polsce, kt\u00f3r\u0105 s\u0142abo wida\u0107 z metropolii i du\u017cych miast. Czas porzuci\u0107 j\u0119zyk wzajemnej pogardy, \u017cadna ze stron nie ma monopolu na definiowanie wizji polsko\u015bci i polskiej przysz\u0142o\u015bci.<\/p>\n\n\n\n<p>Uznanie tego nie oznacza kapitulacji z j\u0119zyka warto\u015bci, u kt\u00f3rego podstaw le\u017cy cho\u0107by przekonanie o uniwersalnym znaczeniu praw cz\u0142owieka, zasad pa\u0144stwa prawa, rozdzia\u0142u pa\u0144stwa i Ko\u015bcio\u0142\u00f3w, \u015bwieckich \u017ar\u00f3de\u0142 norm kieruj\u0105cych \u017cyciem publicznym.<\/p>\n\n\n\n<h2 class=\"wp-block-heading\">Sp\u00f3r o warto\u015bci<\/h2>\n\n\n\n<p>Przekonali\u015bmy si\u0119 jednak, \u017ce warto\u015bci te nie s\u0105 samooczywiste, wymagaj\u0105 sta\u0142ego odnawiania poprzez zakorzenianie w praktykach spo\u0142ecznych i spo\u0142ecznej \u015bwiadomo\u015bci. Ta za\u015b zmienia si\u0119 wraz ze zmian\u0105 kontekstu cywilizacyjnego, pojawiaj\u0105cymi zagro\u017ceniami i nowymi \u017ar\u00f3d\u0142ami niepewno\u015bci.<\/p>\n\n\n\n<p>Nie wystarczy pogardza\u0107 tymi, kt\u00f3rzy w odpowiedzi na szok zmian uciekaj\u0105 od warto\u015bci o\u015bwieceniowych, szukaj\u0105c sensu i oparcia w tradycji, religii, w Ko\u015bciele. Jedyna skuteczna strategia to pokazanie, \u017ce warto\u015bci otwartego, szeroko rozumianego spo\u0142ecze\u0144stwa liberalnego s\u0105 najskuteczniejszym zestawem wyposa\u017caj\u0105cym do podr\u00f3\u017cy w nieznan\u0105 przysz\u0142o\u015b\u0107.<\/p>\n\n\n\n<h2 class=\"wp-block-heading\">Rozdro\u017ce<\/h2>\n\n\n\n<p>Wybory za nami, przed nami nieznana przysz\u0142o\u015b\u0107. Powt\u00f3rz\u0119: nie zmieni\u0142o si\u0119 nic, zmieni\u0142o si\u0119 jednak wszystko. Polska po tych wyborach jest zupe\u0142nie innym krajem, stan\u0119li\u015bmy na rozdro\u017cu, bo wynik elekcji wbrew pozorom nie przes\u0105dzi\u0142, jaki kierunek wybrali\u015bmy. O nim zdecydujemy teraz swoimi reakcjami. Mo\u017cemy skr\u0119ci\u0107 ku przepa\u015bci, mo\u017cemy p\u00f3j\u015b\u0107 drog\u0105 trudnej, ale koniecznej rekonstrukcji.<\/p>\n\n\n\n<p>Wi\u0119cej m\u00f3wili\u015bmy o tym jeszcze przed wyborami z Aleksandrem Smolarem w <strong><a rel=\"noreferrer noopener\" aria-label=\"ozmowie, jak&nbsp;przeprowadzi\u0142 z nami Pawe\u0142 Smole\u0144ski. (opens in a new tab)\" href=\"https:\/\/tiny.pl\/7d84n\" target=\"_blank\">rozmowie, jak\u0105&nbsp;przeprowadzi\u0142 z nami Pawe\u0142 Smole\u0144ski<\/a><\/strong>.<\/p>\n","protected":false},"excerpt":{"rendered":"<p>Wybrali\u015bmy. Wynik wybor\u00f3w, w kt\u00f3rych uczestniczy\u0142o ponad dwie trzecie uprawnionych, nale\u017cy uszanowa\u0107. I cho\u0107 nic si\u0119 nie zmieni\u0142o, zmieni\u0142o si\u0119 wszystko.<\/p>\n","protected":false},"author":1,"featured_media":5441,"comment_status":"closed","ping_status":"closed","sticky":false,"template":"","format":"standard","meta":{"footnotes":""},"categories":[98,257,49,120],"tags":[377],"_links":{"self":[{"href":"https:\/\/blog.polityka.pl\/antymatrix\/wp-json\/wp\/v2\/posts\/5433"}],"collection":[{"href":"https:\/\/blog.polityka.pl\/antymatrix\/wp-json\/wp\/v2\/posts"}],"about":[{"href":"https:\/\/blog.polityka.pl\/antymatrix\/wp-json\/wp\/v2\/types\/post"}],"author":[{"embeddable":true,"href":"https:\/\/blog.polityka.pl\/antymatrix\/wp-json\/wp\/v2\/users\/1"}],"replies":[{"embeddable":true,"href":"https:\/\/blog.polityka.pl\/antymatrix\/wp-json\/wp\/v2\/comments?post=5433"}],"version-history":[{"count":6,"href":"https:\/\/blog.polityka.pl\/antymatrix\/wp-json\/wp\/v2\/posts\/5433\/revisions"}],"predecessor-version":[{"id":5448,"href":"https:\/\/blog.polityka.pl\/antymatrix\/wp-json\/wp\/v2\/posts\/5433\/revisions\/5448"}],"wp:featuredmedia":[{"embeddable":true,"href":"https:\/\/blog.polityka.pl\/antymatrix\/wp-json\/wp\/v2\/media\/5441"}],"wp:attachment":[{"href":"https:\/\/blog.polityka.pl\/antymatrix\/wp-json\/wp\/v2\/media?parent=5433"}],"wp:term":[{"taxonomy":"category","embeddable":true,"href":"https:\/\/blog.polityka.pl\/antymatrix\/wp-json\/wp\/v2\/categories?post=5433"},{"taxonomy":"post_tag","embeddable":true,"href":"https:\/\/blog.polityka.pl\/antymatrix\/wp-json\/wp\/v2\/tags?post=5433"}],"curies":[{"name":"wp","href":"https:\/\/api.w.org\/{rel}","templated":true}]}}