
{"id":5466,"date":"2020-10-20T11:36:16","date_gmt":"2020-10-20T09:36:16","guid":{"rendered":"http:\/\/antymatrix.blog.polityka.pl\/?p=5466"},"modified":"2020-10-25T14:03:11","modified_gmt":"2020-10-25T13:03:11","slug":"ex-centrum-punkt-nemo","status":"publish","type":"post","link":"https:\/\/blog.polityka.pl\/antymatrix\/2020\/10\/20\/ex-centrum-punkt-nemo\/","title":{"rendered":"Ex-Centrum &#8211; punkt Nemo"},"content":{"rendered":"\n<p>Punkt Nemo, czyli biegun niedost\u0119pno\u015bci, to miejsce w r\u00f3wnym stopniu odleg\u0142e od sta\u0142ych l\u0105d\u00f3w. Je\u015bli potraktowa\u0107 go jako metafor\u0119 odnosz\u0105c\u0105 si\u0119 do czasu, b\u0119dzie oznacza\u0142 moment, w kt\u00f3rym znana przesz\u0142o\u015b\u0107 jest r\u00f3wnie odleg\u0142a jak nieznana jeszcze przysz\u0142o\u015b\u0107. To dzi\u015b.<\/p>\n\n\n\n<!--more-->\n\n\n\n<p>\u0141atwo wytyka\u0107 <a href=\"https:\/\/www.polityka.pl\/tematy\/Mateusz-Morawiecki\">Mateuszowi Morawieckiemu<\/a>, \u017ce na pocz\u0105tku lata og\u0142asza\u0142 zwyci\u0119stwo nad pandemi\u0105. Ma\u0142o kto w\u00f3wczas nie uwierzy\u0142 w koniec najgorszego i pocz\u0105tek powrotu do normalno\u015bci. Pla\u017ce, knajpy i ulice wype\u0142ni\u0142y si\u0119 lud\u017ami. Jesie\u0144 przypomnia\u0142a prognozy epidemiolog\u00f3w i ostrze\u017cenia, \u017ce nawet nie dotarli\u015bmy do ko\u0144ca pocz\u0105tku kryzysu.<\/p>\n\n\n\n<p>Nie o pandemii jednak chc\u0119\u00a0pisa\u0107, tylko o nieudanej pr\u00f3bie powrotu do przedpandemicznej przesz\u0142o\u015bci, czyli tak upragnionej przez wielu dawnej normalno\u015bci. Nie uda\u0142o si\u0119. Irlandia og\u0142osi\u0142a w\u0142a\u015bnie sze\u015bciotygodniowy lockdown, a premier kraju obiecuje ostro\u017cnie swoim obywatelom, \u017ce jak wytrzymaj\u0105, to na \u015bwi\u0119ta mo\u017ce b\u0119dzie lepiej. Mo\u017ce. Na pewno nie wie nikt.<\/p>\n\n\n\n<h2 class=\"wp-block-heading\">Punkt Nemo<\/h2>\n\n\n\n<p>To w\u0142a\u015bnie jest punkt Nemo &#8211; pr\u00f3bowali\u015bmy wr\u00f3ci\u0107 do czasu zaledwie sprzed p\u00f3\u0142 roku, nie uda\u0142o si\u0119. Bo powrotu nie ma, p\u00f3\u0142 roku temu ukaza\u0142a si\u0119 na ten temat moja ksi\u0105\u017cka &#8222;W Polsce, czyli wsz\u0119dzie. Rzecz o upadku i przysz\u0142o\u015bci \u015bwiata&#8221;. Niestety nie straci\u0142a aktualno\u015bci, przeciwnie. Ch\u0119tnie jednak przyjm\u0119\u00a0ka\u017cdy dobry argument przeciwko prezentowanym w ksi\u0105\u017cce diagnozom.<\/p>\n\n\n\n<p>Przysz\u0142o\u015b\u0107 okazuje si\u0119 nie mniejszym problemem ni\u017c pr\u00f3ba powrotu do przesz\u0142o\u015bci. Tzw. <a href=\"https:\/\/www.polityka.pl\/tygodnikpolityka\/nauka\/1965924,1,nie-ma-drugiej-fali-pandemii.read\">druga fala pandemii, a w istocie niezako\u0144czona jej pierwsza faza<\/a>, zaskoczy\u0142a nie tylko Morawieckiego. Zaskoczy\u0142a wszystkich, nawet tych, co si\u0119 starannie przygotowywali. Prymusi wiosny: Czesi, Austriacy, Niemcy patrz\u0105 ze zdumieniem, jak liczba zaka\u017ce\u0144 ro\u015bnie.<\/p>\n\n\n\n<h2 class=\"wp-block-heading\">Niepewno\u015b\u0107<\/h2>\n\n\n\n<p>Nigdy nie mieli\u015bmy wielkiej kontroli nad przysz\u0142o\u015bci\u0105, teraz zdaje si\u0119, \u017ce j\u0105 praktycznie utracili\u015bmy. W niedawnym raporcie <a rel=\"noreferrer noopener\" aria-label=\"Swiss Re &quot;Biodiversity and Ecosystem Services&quot; (opens in a new tab)\" href=\"https:\/\/www.swissre.com\/media\/news-releases\/nr-20200923-biodiversity-and-ecosystems-services.html\" target=\"_blank\">Swiss Re &#8222;Biodiversity and Ecosystem Services&#8221;<\/a> mo\u017cna znale\u017a\u0107 podpowied\u017a. Gospodarka, a tak\u017ce finanse w coraz wi\u0119kszym stopniu powi\u0105zane s\u0105 ze stanem \u015brodowiska (zale\u017cy od niego ponad po\u0142owa \u015bwiatowego PKB i coraz wi\u0119kszy odsetek aktyw\u00f3w instytucji finansowych).<\/p>\n\n\n\n<p>To oznacza, \u017ce skutki kryzysu ekologicznego i klimatycznego coraz cz\u0119\u015bciej b\u0119d\u0105 ju\u017c nie po\u015brednio, a bezpo\u015brednio przyczyn\u0105 kryzys\u00f3w gospodarczych i finansowych. Utrata kontroli nad \u015brodowiskiem powoduje, \u017ce ko\u0144czy si\u0119&nbsp;spo\u0142ecze\u0144stwo ryzyka, kiedy zarz\u0105dzanie przysz\u0142o\u015bci\u0105 by\u0142o form\u0105 zarz\u0105dzania ryzykiem, od kt\u00f3rego mo\u017cna by\u0142o si\u0119 ubezpieczy\u0107. Wkraczamy w epok\u0119 nieubezpieczalnej niepewno\u015bci.<\/p>\n\n\n\n<h2 class=\"wp-block-heading\">Nuda apokalipsy<\/h2>\n\n\n\n<p>Punkt Nemo jest wi\u0119c punktem prze\u0142omu. Metafor\u0119 t\u0119 po\u017cyczy\u0142em od Paw\u0142a Janickiego, artysty zwi\u0105zanego z Wroc\u0142awskim Centrum Sztuki. W\u0142a\u015bnie trwa jego <a rel=\"noreferrer noopener\" aria-label=\"wystawa zatytu\u0142owana &quot;Point Nemo&quot; (opens in a new tab)\" href=\"https:\/\/wrocenter.pl\/pl\/point-nemo\/\" target=\"_blank\">wystawa zatytu\u0142owana &#8222;Point Nemo&#8221;<\/a>. To wystawa o \u015bwiecie przeoranym przez nowe technologie, w kt\u00f3rym zar\u00f3wno zapowied\u017a kolejnych prze\u0142om\u00f3w (<em>the next big thing<\/em> z prospekt\u00f3w reklamowych), jak i wizje apokalipsy wywo\u0142uj\u0105 ju\u017c tylko ziewanie.<\/p>\n\n\n\n<p>Zar\u00f3wno Singularity, jak i Apokalipsa ci\u0105gle nie chc\u0105&nbsp;nadej\u015b\u0107, post\u0119p niby przyspiesza, ale im jest szybszy, tym bardziej jeste\u015bmy w miejscu, najnowsze propozycje technologiczne ju\u017c na starcie s\u0105 anachroniczne i dawno zosta\u0142y wy\u015bmiane w s-f. Osuwamy si\u0119 w rzeczywisto\u015b\u0107, w kt\u00f3rej g\u0142\u00f3wn\u0105 si\u0142\u0105 nap\u0119dow\u0105 s\u0105, tak jak w procesie ewolucji, przypadkowe mutacje\/b\u0142\u0119dy. Im zawierzy\u0107 odbicie od punktu Nemo w kierunku przysz\u0142o\u015bci?<\/p>\n\n\n\n<h2 class=\"wp-block-heading\">Ex-centrum &#8211; zasada wyobra\u017ani<\/h2>\n\n\n\n<p>Na razie tak robimy, pandemia pokazuje, \u017ce maszerujemy dzielnie od b\u0142\u0119du do b\u0142\u0119du, licz\u0105c, \u017ce ich suma doprowadzi do w\u0142a\u015bciwego rozwi\u0105zania. W ksi\u0105\u017cce proponuj\u0119 jednak, \u017ceby lepiej pos\u0142u\u017cy\u0107 si\u0119 zasad\u0105 wyobra\u017ani i zacz\u0105\u0107 powa\u017cnie testowa\u0107, cho\u0107by tylko w kategorii eksperyment\u00f3w my\u015blowych, rozwi\u0105zania alternatywne, teoretycznie mo\u017cliwe i etycznie sprawiedliwe.<\/p>\n\n\n\n<p>St\u0105d projekt Ex-Centrum, kt\u00f3ry zainicjowa\u0142a 30 wrze\u015bnia Olga Tokarczuk esejem <a rel=\"noreferrer noopener\" aria-label=\"&quot;Cz\u0142owiek na kra\u0144cach \u015bwiata&quot; (opens in a new tab)\" href=\"https:\/\/www.polityka.pl\/opolityce\/1973856,1,ex-centrum.read\" target=\"_blank\">&#8222;Cz\u0142owiek na kra\u0144cach \u015bwiata&#8221;<\/a> opublikowanym w &#8222;Polityce&#8221;. Ex-Centrum dojrzewa\u0142o przez kilka ostatnich lat, m.in. podczas seminari\u00f3w, jakie na zaproszenie Pisarki organizowa\u0142em w Nowej Rudzie podczas festiwalu G\u00f3ry Literatury. Po Noblistce swoj\u0105 wizj\u0119 opublikowa\u0142a Agnieszka Holland, w najbli\u017cszej &#8222;Polityce&#8221; b\u0119dzie mo\u017cna przeczyta\u0107 esej Ewy Bi\u0144czyk. Zapraszam te\u017c\u00a0do ogl\u0105dania nagra\u0144 rozm\u00f3w z Autorkami i Autorami.<\/p>\n\n\n\n<h2 class=\"wp-block-heading\">W stron\u0119 przysz\u0142o\u015bci<\/h2>\n\n\n\n<p>Ja z kolei, reanimuj\u0105c &#8222;Antymatrix&#8221; po chwili wyciszenia, w p\u00f3\u0142 roku po ukazaniu si\u0119 &#8222;W Polsce, czyli wsz\u0119dzie&#8221;, podejm\u0119 si\u0119 pr\u00f3by odpowiedzi na uwagi i g\u0142osy krytyki, jakie pojawi\u0142y si\u0119 w recenzjach. Dyskusja z nimi to dobry punkt wyj\u015bcia z punktu Nemo.<\/p>\n","protected":false},"excerpt":{"rendered":"<p>Punkt Nemo, czyli biegun niedost\u0119pno\u015bci, to miejsce w r\u00f3wnym stopniu odleg\u0142e od sta\u0142ych l\u0105d\u00f3w. Je\u015bli potraktowa\u0107 go jako metafor\u0119 odnosz\u0105c\u0105 si\u0119 do czasu, b\u0119dzie oznacza\u0142 moment, w kt\u00f3rym znana przesz\u0142o\u015b\u0107 jest r\u00f3wnie odleg\u0142a jak nieznana jeszcze przysz\u0142o\u015b\u0107. To dzi\u015b.<\/p>\n","protected":false},"author":1,"featured_media":5467,"comment_status":"closed","ping_status":"closed","sticky":false,"template":"","format":"standard","meta":{"footnotes":""},"categories":[141,98,45,415,6],"tags":[370,418,390,233,417,416],"_links":{"self":[{"href":"https:\/\/blog.polityka.pl\/antymatrix\/wp-json\/wp\/v2\/posts\/5466"}],"collection":[{"href":"https:\/\/blog.polityka.pl\/antymatrix\/wp-json\/wp\/v2\/posts"}],"about":[{"href":"https:\/\/blog.polityka.pl\/antymatrix\/wp-json\/wp\/v2\/types\/post"}],"author":[{"embeddable":true,"href":"https:\/\/blog.polityka.pl\/antymatrix\/wp-json\/wp\/v2\/users\/1"}],"replies":[{"embeddable":true,"href":"https:\/\/blog.polityka.pl\/antymatrix\/wp-json\/wp\/v2\/comments?post=5466"}],"version-history":[{"count":4,"href":"https:\/\/blog.polityka.pl\/antymatrix\/wp-json\/wp\/v2\/posts\/5466\/revisions"}],"predecessor-version":[{"id":5479,"href":"https:\/\/blog.polityka.pl\/antymatrix\/wp-json\/wp\/v2\/posts\/5466\/revisions\/5479"}],"wp:featuredmedia":[{"embeddable":true,"href":"https:\/\/blog.polityka.pl\/antymatrix\/wp-json\/wp\/v2\/media\/5467"}],"wp:attachment":[{"href":"https:\/\/blog.polityka.pl\/antymatrix\/wp-json\/wp\/v2\/media?parent=5466"}],"wp:term":[{"taxonomy":"category","embeddable":true,"href":"https:\/\/blog.polityka.pl\/antymatrix\/wp-json\/wp\/v2\/categories?post=5466"},{"taxonomy":"post_tag","embeddable":true,"href":"https:\/\/blog.polityka.pl\/antymatrix\/wp-json\/wp\/v2\/tags?post=5466"}],"curies":[{"name":"wp","href":"https:\/\/api.w.org\/{rel}","templated":true}]}}