
{"id":5513,"date":"2020-11-08T15:46:17","date_gmt":"2020-11-08T14:46:17","guid":{"rendered":"http:\/\/antymatrix.blog.polityka.pl\/?p=5513"},"modified":"2020-11-08T20:07:57","modified_gmt":"2020-11-08T19:07:57","slug":"bunt-polski-lokalnej","status":"publish","type":"post","link":"https:\/\/blog.polityka.pl\/antymatrix\/2020\/11\/08\/bunt-polski-lokalnej\/","title":{"rendered":"Bunt Polski lokalnej"},"content":{"rendered":"\n<p>Trwaj\u0105ce w Polsce protesty mo\u017cna interpretowa\u0107 w r\u00f3\u017cny spos\u00f3b. Jedni podkre\u015blaj\u0105, \u017ce mamy do czynienia z mobilizacj\u0105 w obronie praw kobiet. Inni zwracaj\u0105&nbsp;uwag\u0119 na aspekt pokoleniowy i bezprecedensow\u0105 mobilizacj\u0119 m\u0142odzie\u017cy. Warto zwr\u00f3ci\u0107 uwag\u0119 na jeszcze jeden element. Mamy tak\u017ce do czynienia z buntem Polski lokalnej.<\/p>\n\n\n\n<!--more-->\n\n\n\n<p>Mia\u0142em okazje prowadzi\u0107 ostatnio dwie bardzo ciekawe debaty. Pierwsz\u0105, zatytu\u0142owan\u0105 &#8222;Polityka i prowokacja&#8221;, organizowa\u0142a Fundacja im. Stefana Batorego. Jej celem by\u0142a interpretacja polityki obozu w\u0142adzy, si\u0142\u0105 rzeczy jednak dotyka\u0142a tak\u017ce definicji momentu spo\u0142eczno-politycznego, w kt\u00f3rym si\u0119&nbsp;znale\u017ali\u015bmy.<\/p>\n\n\n\n<figure><iframe loading=\"lazy\" src=\"https:\/\/www.facebook.com\/plugins\/video.php?height=314&amp;href=https%3A%2F%2Fwww.facebook.com%2FFundacjaBatorego%2Fvideos%2F418627715816323%2F&amp;show_text=false&amp;width=560\" width=\"560\" height=\"314\" allowfullscreen=\"true\"><\/iframe><\/figure>\n\n\n\n<p>Wielu uczestnik\u00f3w zwraca\u0142o uwag\u0119, \u017ce jeste\u015bmy w momencie prze\u0142omowym, a protesty wykraczaj\u0105 poza kontestacj\u0119 polityki Jaros\u0142awa Kaczy\u0144skiego i rz\u0105du PiS. W istocie s\u0105&nbsp;wyrazem wypowiedzenia umowy spo\u0142ecznej i re\u017cimu politycznego PO-PiS, kt\u00f3rego fundamentem by\u0142 konserwatywny kompromis zbudowany na krzywdzie kobiet.<\/p>\n\n\n\n<h2 class=\"wp-block-heading\">Zerwanie umowy spo\u0142ecznej<\/h2>\n\n\n\n<p>Nie ma ju\u017c spo\u0142ecze\u0144stwa, kt\u00f3re by\u0142oby sk\u0142onne jeszcze akceptowa\u0107 podobn\u0105 umow\u0119, Kaczy\u0144ski, dotykaj\u0105c kwestii aborcji, ujawni\u0142 proces, jaki trwa\u0142 ju\u017c w spo\u0142ecze\u0144stwie i kwesti\u0105&nbsp;czasu by\u0142a erupcja gniewu zar\u00f3wno kobiet, jak i m\u0142odych, nierozumiej\u0105cych racjonalnych przes\u0142anek, jakie przed laty fundowa\u0142y \u00f3w &#8222;kompromis&#8221;.<\/p>\n\n\n\n<p>Polska polityka musi si\u0119 w konsekwencji zmieni\u0107, warto dobrze wykorzysta\u0107 czas, jaki pozosta\u0142 do wybor\u00f3w (o ile odb\u0119d\u0105 si\u0119 w normalnym terminie i o ile wcze\u015bniej Kaczy\u0144ski nie poci\u0105gnie nas i pa\u0144stwa do katastrofy).<\/p>\n\n\n\n<h2 class=\"wp-block-heading\">Zrozumie\u0107 m\u0142odych<\/h2>\n\n\n\n<p>Nast\u0119pnego dnia, w sobot\u0119&nbsp;7 listopada, prowadzi\u0142em dyskusj\u0119 z aktywistkami i aktywistami m\u0142odego pokolenia. Razem z lubelsk\u0105 Galeri\u0105&nbsp;Labirynt ju\u017c po raz kolejny zorganizowali\u015bmy debat\u0119 w rocznic\u0119 powstania Rz\u0105du Ludowego Ignacego Daszy\u0144skiego. W tym roku pytali\u015bmy aktywistki i aktywist\u00f3w z Lublina, Ostr\u00f3dy i Cieszyna (w wieku od 15 do 19 lat), o co walcz\u0105 i jak\u0105 Polsk\u0119 sobie wymarzyli.<\/p>\n\n\n\n<p>Warto <strong><a rel=\"noreferrer noopener\" aria-label=\"obejrze\u0107 nagranie tej rozmowy (opens in a new tab)\" href=\"https:\/\/www.facebook.com\/watch\/?v=377653826995001\" target=\"_blank\">obejrze\u0107 nagranie tej rozmowy<\/a><\/strong>, bo pokazuje niezwyk\u0142y szacunek, jaki ci m\u0142odzi ludzie maj\u0105 dla poj\u0119cia, kt\u00f3re zupe\u0142nie straci\u0142o znaczenie dla polityk\u00f3w, zw\u0142aszcza obecnie rz\u0105dz\u0105cych. To odpowiedzialno\u015b\u0107. Ale tak\u017ce godno\u015b\u0107, autonomia. I dojmuj\u0105ce do\u015bwiadczenie, \u017ce doro\u015bli, kt\u00f3rzy ukradli im przysz\u0142o\u015b\u0107, ci\u0105gle zachowuj\u0105 si\u0119 jak dzieci, jednocze\u015bnie nie chc\u0105c uzna\u0107 podmiotowo\u015bci m\u0142odych.<\/p>\n\n\n\n<h2 class=\"wp-block-heading\">&#8222;Prowincja&#8221; ma do\u015b\u0107<\/h2>\n\n\n\n<p>Mnie uderzy\u0142a jeszcze jedna wypowied\u017a. Na pytanie, co s\u0105dz\u0105 o Radzie Konsultacyjnej powo\u0142anej przez Og\u00f3lnopolski Strajk Kobiet, odpowiedzieli zgodnie, \u017ce po raz kolejny Warszawa\/Centrum pr\u00f3buje m\u00f3wi\u0107 &#8222;prowincji&#8221;, jak ma si\u0119 zachowywa\u0107&nbsp;i dzia\u0142a\u0107, nie s\u0142uchaj\u0105c zupe\u0142nie jej g\u0142osu.<\/p>\n\n\n\n<p>Rzeczywi\u015bcie, jak wyliczy\u0142 Jacek Rakowiecki, protesty wybuch\u0142y w 534 miejscowo\u015bciach, w wielu z nich po raz pierwszy od wielu dekad. R\u00f3wnie\u017c w tradycyjnych matecznikach prawicy. Po raz pierwszy tak g\u0142o\u015bno wypowiedzia\u0142a si\u0119 Polska lokalna. Stawiam wr\u0119cz tez\u0119, \u017ce w tym prote\u015bcie wa\u017cnym aspektem jest te\u017c powiedzenie &#8222;do\u015b\u0107&#8221; coraz bardziej nieodpowiedzialnej polityce centrum, kt\u00f3rej najwi\u0119kszy koszty p\u0142aci w\u0142a\u015bnie Polska lokalna.<\/p>\n\n\n\n<h2 class=\"wp-block-heading\">Upadek centrum<\/h2>\n\n\n\n<p>W\u0142adza pa\u0144stwowa i jej agendy w terenie praktycznie nie dzia\u0142aj\u0105: sanepid ledwo zipie; minister edukacji, zamiast zajmowa\u0107 si\u0119 edukacj\u0105 w czasach zdalnego nauczania i liczy\u0107 dzieci, kt\u00f3re wypad\u0142y z systemu, liczy protestuj\u0105cych; minister zdrowia, kt\u00f3ry zapomnia\u0142 przygotowa\u0107 system do drugiej fali epidemii, \u015ble teraz wojsko, by liczy\u0142o \u0142\u00f3\u017cka w szpitalach. Do tego nieomylny podobno prezes podrzuca z Nowogrodzkiej odklejone od aktualnego \u017cycia wrzutki: ustaw\u0119 futerkow\u0105, a teraz zaostrzenie prawa antyaborcyjnego.<\/p>\n\n\n\n<p>Ten bunt Polski lokalnej wida\u0107 ju\u017c by\u0142o podczas wybor\u00f3w samorz\u0105dowych w 2018 r., kiedy Kaczy\u0144skiemu nie uda\u0142o si\u0119 zastraszy\u0107 ani przekupi\u0107 mieszka\u0144c\u00f3w gmin i miasteczek. G\u0142osowali tak, jak uwa\u017cali za s\u0142uszne. P\u00f3\u017aniej wybrani w tych wyborach w\u00f3jtowie, burmistrzowie i prezydenci chronili ich przed niekompetencj\u0105 w\u0142adzy centralnej w czasie pandemii, a zw\u0142aszcza wtedy, gdy Kaczy\u0144ski upar\u0142 si\u0119 przeprowadzi\u0107 w maju wybory prezydenckie.<\/p>\n\n\n\n<h2 class=\"wp-block-heading\">Si\u0142a lokalno\u015bci<\/h2>\n\n\n\n<p>Nie ma zgody na centralizacj\u0119, niezale\u017cnie od tego, kto b\u0119dzie pr\u00f3bowa\u0142 centralizowa\u0107: czy rz\u0105d, czy sztab strajkowy. Charakterystyczna by\u0142a wypowied\u017a Alicji z Lublina wyra\u017caj\u0105ca istot\u0119 problemu: dlaczego OSK pr\u00f3buje narzuci\u0107, by\u015bmy protestowali w ka\u017cdy poniedzia\u0142ek, skoro w Lublinie nie jest to najlepszy dzie\u0144 do protest\u00f3w? Najwyra\u017aniej sko\u0144czy\u0142 si\u0119 zar\u00f3wno jeden wymy\u015blany w Warszawie model na walk\u0119 z pandemi\u0105, jak i na walk\u0119 z opresyjn\u0105, niedaj\u0105c\u0105 sobie rady z pandemi\u0105 w\u0142adz\u0105.<\/p>\n\n\n\n<p>Po prostu ka\u017cda lokalna wsp\u00f3lnota jest inna. W wielu miastach skrajnie prawicowe boj\u00f3wki posz\u0142y za wezwaniem Kaczy\u0144skiego i pr\u00f3bowa\u0142y atakowa\u0107&nbsp;protestuj\u0105cych. W Cieszynie narodowcy do\u0142\u0105czyli 1 listopada do zebranych na rynku i zaproponowali wsp\u00f3lne od\u015bpiewanie hymnu, co te\u017c si\u0119 sta\u0142o &#8211; przy blasku odpalonych rac.<\/p>\n\n\n\n<p>Przebudzenie Polski lokalnej mo\u017ce by\u0107 obok dostrzeganego w spos\u00f3b oczywisty buntu kobiet i niemniej oczywistego buntu m\u0142odych mniej oczywistym i zrozumia\u0142ym, ale r\u00f3wnie rewolucyjnym aspektem tego, co z tak\u0105&nbsp;uwag\u0105 obserwujemy w Polsce od 22 pa\u017adziernika.<\/p>\n","protected":false},"excerpt":{"rendered":"<p>Trwaj\u0105ce w Polsce protesty mo\u017cna interpretowa\u0107 w r\u00f3\u017cny spos\u00f3b. Jedni podkre\u015blaj\u0105, \u017ce mamy do czynienia z mobilizacj\u0105 w obronie praw kobiet. Inni zwracaj\u0105&nbsp;uwag\u0119 na aspekt pokoleniowy i bezprecedensow\u0105 mobilizacj\u0119 m\u0142odzie\u017cy. Warto zwr\u00f3ci\u0107 uwag\u0119 na jeszcze jeden element. Mamy tak\u017ce do czynienia z buntem Polski lokalnej.<\/p>\n","protected":false},"author":1,"featured_media":5514,"comment_status":"closed","ping_status":"closed","sticky":false,"template":"","format":"standard","meta":{"footnotes":""},"categories":[98,279,286,92,189,257,49,120,258,95,6,124,296,273,73,294,94,70],"tags":[424,425,280],"_links":{"self":[{"href":"https:\/\/blog.polityka.pl\/antymatrix\/wp-json\/wp\/v2\/posts\/5513"}],"collection":[{"href":"https:\/\/blog.polityka.pl\/antymatrix\/wp-json\/wp\/v2\/posts"}],"about":[{"href":"https:\/\/blog.polityka.pl\/antymatrix\/wp-json\/wp\/v2\/types\/post"}],"author":[{"embeddable":true,"href":"https:\/\/blog.polityka.pl\/antymatrix\/wp-json\/wp\/v2\/users\/1"}],"replies":[{"embeddable":true,"href":"https:\/\/blog.polityka.pl\/antymatrix\/wp-json\/wp\/v2\/comments?post=5513"}],"version-history":[{"count":4,"href":"https:\/\/blog.polityka.pl\/antymatrix\/wp-json\/wp\/v2\/posts\/5513\/revisions"}],"predecessor-version":[{"id":5518,"href":"https:\/\/blog.polityka.pl\/antymatrix\/wp-json\/wp\/v2\/posts\/5513\/revisions\/5518"}],"wp:featuredmedia":[{"embeddable":true,"href":"https:\/\/blog.polityka.pl\/antymatrix\/wp-json\/wp\/v2\/media\/5514"}],"wp:attachment":[{"href":"https:\/\/blog.polityka.pl\/antymatrix\/wp-json\/wp\/v2\/media?parent=5513"}],"wp:term":[{"taxonomy":"category","embeddable":true,"href":"https:\/\/blog.polityka.pl\/antymatrix\/wp-json\/wp\/v2\/categories?post=5513"},{"taxonomy":"post_tag","embeddable":true,"href":"https:\/\/blog.polityka.pl\/antymatrix\/wp-json\/wp\/v2\/tags?post=5513"}],"curies":[{"name":"wp","href":"https:\/\/api.w.org\/{rel}","templated":true}]}}