
{"id":5547,"date":"2021-01-02T17:09:11","date_gmt":"2021-01-02T16:09:11","guid":{"rendered":"http:\/\/antymatrix.blog.polityka.pl\/?p=5547"},"modified":"2021-01-02T19:17:15","modified_gmt":"2021-01-02T18:17:15","slug":"dekada-leku-i-nadziei","status":"publish","type":"post","link":"https:\/\/blog.polityka.pl\/antymatrix\/2021\/01\/02\/dekada-leku-i-nadziei\/","title":{"rendered":"Dekada l\u0119ku i nadziei"},"content":{"rendered":"\n<p>Po niezwyk\u0142ym 2020 r. rozpocz\u0105\u0142 si\u0119, mo\u017cna mie\u0107 pewno\u015b\u0107, nie mniej niezwyk\u0142y 2021. Wraz z nim wkraczamy w prze\u0142omow\u0105 dekad\u0119, czas l\u0119ku ale i nadziei.<\/p>\n\n\n\n<!--more-->\n\n\n\n<p>Na pocz\u0105tku roku nie b\u0119d\u0119 obci\u0105\u017ca\u0142 Czytelniczek i Czytelnik\u00f3w &#8222;Antymatriksa&#8221; nadmiarem nowych s\u0142\u00f3w. W zamian proponuj\u0119&nbsp;ma\u0142y remanent tekst\u00f3w, kt\u00f3re powsta\u0142y pod koniec roku. B\u0119d\u0105 dla mnie punktem odniesienia w dalszej pracy, z kt\u00f3rej b\u0119d\u0119 sk\u0142ada\u0142 raporty w &#8222;Antymatriksie&#8221;.<\/p>\n\n\n\n<h2 class=\"wp-block-heading\">O nowej dekadzie w OKO.press<\/h2>\n\n\n\n<p>Po pierwsze wi\u0119c, <strong><a rel=\"noreferrer noopener\" aria-label=\"artyku\u0142 jakim Oko.press (opens in a new tab)\" href=\"https:\/\/oko.press\/beda-kolejne-pandemie-bendyk-o-przyszlosci-swiata\/\" target=\"_blank\">artyku\u0142, jakim OKO.press<\/a><\/strong> przywita\u0142o nowy rok. Przedstawiam w nim w syntetyczny spos\u00f3b najwa\u017cniejsze wyzwania na rozpoczynaj\u0105c\u0105 si\u0119 dekad\u0119. Pokazuj\u0119, \u017ce powrotu do normalno\u015bci rozumianej jako <em>status quo ante<\/em> nie ma, nadszed\u0142 czas na wypracowanie nowego modelu rozwoju opartego na pokoju spo\u0142ecznym i pokoju z natur\u0105.<\/p>\n\n\n\n<figure class=\"wp-block-image\"><img loading=\"lazy\" decoding=\"async\" width=\"1024\" height=\"618\" src=\"\/wp-content\/uploads\/2021\/01\/Oko_Bendyk-1024x618.png\" alt=\"\" class=\"wp-image-5548\" srcset=\"\/antymatrix\/wp-content\/uploads\/2021\/01\/Oko_Bendyk-1024x618.png 1024w, \/antymatrix\/wp-content\/uploads\/2021\/01\/Oko_Bendyk-300x181.png 300w, \/antymatrix\/wp-content\/uploads\/2021\/01\/Oko_Bendyk-768x464.png 768w\" sizes=\"(max-width: 1024px) 100vw, 1024px\" \/><\/figure>\n\n\n\n<h2 class=\"wp-block-heading\">O barierach rozwoju w &#8222;Polityce&#8221;<\/h2>\n\n\n\n<p>Dalej: <strong><a rel=\"noreferrer noopener\" aria-label=\"&quot;Wielkie uproszczenie&quot;, czyli tekst w noworocznej POLITYCE. (opens in a new tab)\" href=\"https:\/\/www.polityka.pl\/tygodnikpolityka\/nauka\/2028046,1,zabojcze-ocieplenie-mozna-zatrzymac.read\" target=\"_blank\">&#8222;Wielkie uproszczenie&#8221;, czyli tekst w noworocznej &#8222;Polityce&#8221;.<\/a><\/strong> Przedstawiam w nim g\u0142\u00f3wne wyzwanie przysz\u0142o\u015bci &#8211; czy mo\u017cliwy jest dalszy rozw\u00f3j cywilizacji, kt\u00f3rego aspektem jest nie tylko ilo\u015bciowy wzrost gospodarczy, ale te\u017c wzrost z\u0142o\u017cono\u015bci spo\u0142ecznej i strukturalnej z jednoczesn\u0105\u00a0realizacj\u0105 cel\u00f3w \u015brodowiskowych?<\/p>\n\n\n\n<figure class=\"wp-block-image\"><img loading=\"lazy\" decoding=\"async\" width=\"1024\" height=\"647\" src=\"\/wp-content\/uploads\/2021\/01\/Uproszczenie-1024x647.jpg\" alt=\"\" class=\"wp-image-5549\" srcset=\"\/antymatrix\/wp-content\/uploads\/2021\/01\/Uproszczenie-1024x647.jpg 1024w, \/antymatrix\/wp-content\/uploads\/2021\/01\/Uproszczenie-300x190.jpg 300w, \/antymatrix\/wp-content\/uploads\/2021\/01\/Uproszczenie-768x485.jpg 768w\" sizes=\"(max-width: 1024px) 100vw, 1024px\" \/><\/figure>\n\n\n\n<h2 class=\"wp-block-heading\">Koniec epoki nafty<\/h2>\n\n\n\n<p><strong><a rel=\"noreferrer noopener\" aria-label=\"&quot;Koniec epoki nafty&quot;  (opens in a new tab)\" href=\"https:\/\/www.polityka.pl\/tygodnikpolityka\/rynek\/1981630,1,koniec-epoki-nafty.read\" target=\"_blank\">&#8222;Koniec epoki nafty&#8221;<\/a><\/strong> &#8211; o konkretnym wymiarze cywilizacyjnego prze\u0142omu &#8211; pocz\u0105tku ko\u0144ca epoki ropy naftowej i jego nieoczywistych konsekwencjach. Znowu w &#8222;Polityce&#8221;.<\/p>\n\n\n\n<figure class=\"wp-block-image\"><img loading=\"lazy\" decoding=\"async\" width=\"1024\" height=\"821\" src=\"\/wp-content\/uploads\/2021\/01\/Nafta-1024x821.jpg\" alt=\"\" class=\"wp-image-5550\" srcset=\"\/antymatrix\/wp-content\/uploads\/2021\/01\/Nafta-1024x821.jpg 1024w, \/antymatrix\/wp-content\/uploads\/2021\/01\/Nafta-300x240.jpg 300w, \/antymatrix\/wp-content\/uploads\/2021\/01\/Nafta-768x616.jpg 768w, \/antymatrix\/wp-content\/uploads\/2021\/01\/Nafta.jpg 1986w\" sizes=\"(max-width: 1024px) 100vw, 1024px\" \/><\/figure>\n\n\n\n<h2 class=\"wp-block-heading\">O po-wolno\u015bci w &#8222;Ex-Centrum&#8221;<\/h2>\n\n\n\n<p><strong><a rel=\"noreferrer noopener\" aria-label=\"&quot;Punkt Nemo. Skok do krainy po-wolno\u015bci&quot; (opens in a new tab)\" href=\"https:\/\/www.polityka.pl\/tygodnikpolityka\/spoleczenstwo\/1976380,1,skok-do-krainy-po-wolnosci.read\" target=\"_blank\">&#8222;Punkt Nemo. Skok do krainy po-wolno\u015bci&#8221;<\/a><\/strong> opublikowany w &#8222;Polityce&#8221; w ramach projektu &#8222;Ex-Centrum&#8221; zainicjowanego przez Olg\u0119\u00a0Tokarczuk.<\/p>\n\n\n\n<figure class=\"wp-block-image\"><img loading=\"lazy\" decoding=\"async\" width=\"1024\" height=\"925\" src=\"\/wp-content\/uploads\/2021\/01\/Nemo-1024x925.jpg\" alt=\"\" class=\"wp-image-5551\" srcset=\"\/antymatrix\/wp-content\/uploads\/2021\/01\/Nemo-1024x925.jpg 1024w, \/antymatrix\/wp-content\/uploads\/2021\/01\/Nemo-300x271.jpg 300w, \/antymatrix\/wp-content\/uploads\/2021\/01\/Nemo-768x694.jpg 768w, \/antymatrix\/wp-content\/uploads\/2021\/01\/Nemo.jpg 2016w\" sizes=\"(max-width: 1024px) 100vw, 1024px\" \/><\/figure>\n\n\n\n<h2 class=\"wp-block-heading\">O ko\u0144cu \u015bwiata &#8211; rozmowa z Jaros\u0142awem Makowskim<\/h2>\n\n\n\n<p>Na zako\u0144czenie zapraszam do obejrzenia rozmowy, jak\u0105 przeprowadzi\u0142 ze mn\u0105 na koniec roku Jaros\u0142aw Makowski, szef Instytutu Obywatelskiego.<\/p>\n\n\n\n<figure class=\"wp-block-embed-youtube wp-block-embed is-type-video is-provider-youtube wp-embed-aspect-16-9 wp-has-aspect-ratio\"><div class=\"wp-block-embed__wrapper\">\n<iframe loading=\"lazy\" title=\"PODCAST IO #5 Edwin Bendyk | Czy to rzeczywi\u015bcie koniec \u015bwiata, jaki znamy?\" width=\"1778\" height=\"1000\" src=\"https:\/\/www.youtube.com\/embed\/CuU5n8Co4VY?feature=oembed\" frameborder=\"0\" allow=\"accelerometer; autoplay; clipboard-write; encrypted-media; gyroscope; picture-in-picture\" allowfullscreen><\/iframe>\n<\/div><\/figure>\n\n\n\n<p>Tyle na pocz\u0105tek roku wystarczy. W kolejnych wpisach \u015bwie\u017ce produkcje.<\/p>\n","protected":false},"excerpt":{"rendered":"<p>Po niezwyk\u0142ym roku 2020 rozpocz\u0105\u0142 si\u0119, mo\u017cna mie\u0107 pewno\u015b\u0107, nie mniej niezwyk\u0142y rok 2021. Wraz z nim wkraczamy w prze\u0142omow\u0105 dekad\u0119, czas l\u0119ku ale i nadziei.<\/p>\n","protected":false},"author":1,"featured_media":0,"comment_status":"closed","ping_status":"closed","sticky":false,"template":"","format":"standard","meta":{"footnotes":""},"categories":[6],"tags":[],"_links":{"self":[{"href":"https:\/\/blog.polityka.pl\/antymatrix\/wp-json\/wp\/v2\/posts\/5547"}],"collection":[{"href":"https:\/\/blog.polityka.pl\/antymatrix\/wp-json\/wp\/v2\/posts"}],"about":[{"href":"https:\/\/blog.polityka.pl\/antymatrix\/wp-json\/wp\/v2\/types\/post"}],"author":[{"embeddable":true,"href":"https:\/\/blog.polityka.pl\/antymatrix\/wp-json\/wp\/v2\/users\/1"}],"replies":[{"embeddable":true,"href":"https:\/\/blog.polityka.pl\/antymatrix\/wp-json\/wp\/v2\/comments?post=5547"}],"version-history":[{"count":3,"href":"https:\/\/blog.polityka.pl\/antymatrix\/wp-json\/wp\/v2\/posts\/5547\/revisions"}],"predecessor-version":[{"id":5555,"href":"https:\/\/blog.polityka.pl\/antymatrix\/wp-json\/wp\/v2\/posts\/5547\/revisions\/5555"}],"wp:attachment":[{"href":"https:\/\/blog.polityka.pl\/antymatrix\/wp-json\/wp\/v2\/media?parent=5547"}],"wp:term":[{"taxonomy":"category","embeddable":true,"href":"https:\/\/blog.polityka.pl\/antymatrix\/wp-json\/wp\/v2\/categories?post=5547"},{"taxonomy":"post_tag","embeddable":true,"href":"https:\/\/blog.polityka.pl\/antymatrix\/wp-json\/wp\/v2\/tags?post=5547"}],"curies":[{"name":"wp","href":"https:\/\/api.w.org\/{rel}","templated":true}]}}