
{"id":5628,"date":"2021-06-07T10:34:25","date_gmt":"2021-06-07T08:34:25","guid":{"rendered":"http:\/\/antymatrix.blog.polityka.pl\/?p=5628"},"modified":"2021-06-07T12:31:29","modified_gmt":"2021-06-07T10:31:29","slug":"opuszczone-pokolenie","status":"publish","type":"post","link":"https:\/\/blog.polityka.pl\/antymatrix\/2021\/06\/07\/opuszczone-pokolenie\/","title":{"rendered":"Opuszczone pokolenie"},"content":{"rendered":"\n<p>Pandemiczne restrykcje ust\u0119puj\u0105, nie ustaj\u0105 jednak pytania o to, co dalej. Zw\u0142aszcza z lud\u017ami m\u0142odymi, bo cho\u0107 byli najmniej zagro\u017ceni pod wzgl\u0119dem zdrowotnym, to najbardziej odczuli i b\u0119d\u0105 odczuwa\u0107 skutki kryzysu.<\/p>\n\n\n\n<!--more-->\n\n\n\n<p><strong><a rel=\"noreferrer noopener\" aria-label=\"Temat pokolenia Covid-19 podj\u0105\u0142 brytyjski &quot;Guardian&quot; (opens in a new tab)\" href=\"https:\/\/www.theguardian.com\/world\/ng-interactive\/2021\/jun\/02\/so-many-revolutions-to-lead-europe-generation-z-on-their-post-covid-future\" target=\"_blank\">Temat pokolenia covid-19 podj\u0105\u0142 brytyjski &#8222;Guardian&#8221;<\/a><\/strong> wsp\u00f3lnie z kilkoma innymi europejskimi redakcjami. Dziennikarze przeprowadzili dziesi\u0105tki rozm\u00f3w z uczniami i studentami z ca\u0142ej Europy, wykorzystali tak\u017ce niepublikowane badania fundacji Eurofound.<\/p>\n\n\n\n<h2 class=\"wp-block-heading\">Po\u015bwi\u0119cone pokolenie<\/h2>\n\n\n\n<p>M\u0142odzi m\u00f3wi\u0105 o sobie jako o &#8222;po\u015bwi\u0119conym pokoleniu&#8221; &#8211; zostawieni przez bezradne w\u0142adze publiczne, kt\u00f3re uzna\u0142y, \u017ce maj\u0105 wa\u017cniejsze priorytety ni\u017c troska o tych, kt\u00f3rzy w\u0142a\u015bnie wchodz\u0105 w doros\u0142e \u017cycie. Pandemia, zamro\u017cenie \u017cycia spo\u0142ecznego, kulturalnego i fikcja zdalnej edukacji po\u0142o\u017cy\u0142y si\u0119 trwa\u0142ym cieniem na \u017cyciu milion\u00f3w ludzi potrzebuj\u0105cych najbardziej intensywnych relacji, by si\u0119 normalnie rozwija\u0107.<\/p>\n\n\n\n<p>Koszty psychologiczne doskonale pokazuj\u0105 analizy oceniaj\u0105ce, \u017ce 64 proc. os\u00f3b w wieku 18-34 lata jest zagro\u017conych depresj\u0105. Ekonomi\u015bci szacuj\u0105, jakie konsekwencje b\u0119dzie mia\u0142a zdalna edukacja na przysz\u0142e kariery zawodowe i na wzrost gospodarczy. Socjologowie przygl\u0105daj\u0105 si\u0119 radykalizacji postaw m\u0142odych widocznej ju\u017c przed pandemi\u0105 w zwi\u0105zku z opiesza\u0142o\u015bci\u0105 polityk\u00f3w i doros\u0142ych w takich sprawach jak walka z kryzysem klimatycznym.<\/p>\n\n\n\n<h2 class=\"wp-block-heading\">M\u0142odzi 2022<\/h2>\n\n\n\n<p>Ciekawym uzupe\u0142nieniem tej europejskiej debaty o m\u0142odych jest raport <strong><a rel=\"noreferrer noopener\" aria-label=\"&quot;M\u0142odzi 2020. W poszukiwaniu to\u017csamo\u015bci&quot; (opens in a new tab)\" href=\"https:\/\/www.batory.org.pl\/wp-content\/uploads\/2021\/05\/Mlodzi_2020.pdf\" target=\"_blank\">&#8222;M\u0142odzi 2020. W poszukiwaniu to\u017csamo\u015bci&#8221;<\/a><\/strong> opublikowany przez Fundacj\u0119 Batorego. Powsta\u0142 on w wyniku wielomiesi\u0119cznego projektu zainicjowanego jeszcze w 2019 r. przez Micha\u0142a Boniego, spiritus movens wcze\u015bniejszych opracowa\u0144 &#8222;M\u0142odzi 2011&#8221; i &#8222;M\u0142odzi 2018&#8221;.<\/p>\n\n\n\n<p>Raport pokazuje z\u0142o\u017cono\u015b\u0107 wyzwa\u0144, z jakimi musz\u0105 si\u0119 mierzy\u0107 sami m\u0142odzi w starzej\u0105cym si\u0119 szybko spo\u0142ecze\u0144stwie, z kt\u00f3rych z kolei wynikaj\u0105 wyzwania dla niem\u0142odych kontroluj\u0105cych najwa\u017cniejsze pozycje w strukturze spo\u0142ecznej. Kwestia solidarno\u015bci mi\u0119dzypokoleniowej staje si\u0119 coraz pilniejsza, jak jednak o niej m\u00f3wi\u0107, skoro w elektoracie partii rz\u0105dz\u0105cej zaledwie 2 proc. to ludzie m\u0142odzi, a 55 proc. to niepracuj\u0105cy?<\/p>\n\n\n\n<h2 class=\"wp-block-heading\">Polska, kraj nie dla m\u0142odych ludzi<\/h2>\n\n\n\n<p>Efekty wida\u0107 &#8211; partia w\u0142adzy, zamiast rozwi\u0105zywa\u0107 problemy, kt\u00f3re zadecyduj\u0105 o przysz\u0142o\u015bci, pog\u0142\u0119bia je. Wystarczy wspomnie\u0107 prowokacj\u0119, jak\u0105 by\u0142 wyrok Trybuna\u0142u Julii Przy\u0142\u0119bskiej w sprawie aborcji, czy dzia\u0142ania ministra edukacji, dla kt\u00f3rego g\u0142\u00f3wnym priorytetem jest ideologiczna konsolidacja systemu edukacji.<\/p>\n\n\n\n<p>Rezultaty takiego podej\u015bcia pokazuj\u0105 ponure wyniki <strong><a rel=\"noreferrer noopener\" aria-label=\"sonda\u017cu OKO.press (opens in a new tab)\" href=\"https:\/\/oko.press\/to-nie-jest-kraj-dla-mlodych-ludzi-drastyczny-wynik-sondazu-oko-press\/\" target=\"_blank\">sonda\u017cu OKO.press<\/a><\/strong>, z kt\u00f3rych wynika, \u017ce 69 proc. ludzi w wieku 18-29 lat ocenia Polsk\u0119 jako kraj nieszcz\u0119\u015bliwy, a 71 proc. nie ma w\u0105tpliwo\u015bci, \u017ce sytuacja po 2015 r. pogorszy\u0142a si\u0119.<\/p>\n\n\n\n<h2 class=\"wp-block-heading\">\u015awiadomo\u015b\u0107 i podmiotowo\u015b\u0107<\/h2>\n\n\n\n<p>\u017beby jednak nie ko\u0144czy\u0107 ponuro, warto zwr\u00f3ci\u0107 uwag\u0119 na konkluzje raportu &#8222;M\u0142odzi 2020&#8221; &#8211; mimo wszystkich problem\u00f3w i wyzwa\u0144 ludzie m\u0142odzi s\u0105 dzi\u015b niezwykle \u015bwiadomi swojej podmiotowo\u015bci i wielu z nich aktywnie z niej korzysta, podejmuj\u0105c dzia\u0142ania na rzecz wa\u017cnych dla nich spraw, od klimatu przez prawa uczni\u00f3w po prawa kobiet. Nie wszystko wi\u0119c stracone.<\/p>\n\n\n\n<p>Polecam nagranie <strong><a href=\"https:\/\/www.facebook.com\/311766890555\/videos\/3963527457029377\" target=\"_blank\" rel=\"noreferrer noopener\" aria-label=\"wideo debaty o raporcie &quot;M\u0142odzi 2020&quot; (opens in a new tab)\">wideo debaty o raporcie &#8222;M\u0142odzi 2020&#8221;<\/a><\/strong> oraz <strong><a rel=\"noreferrer noopener\" aria-label=\"podcast z Micha\u0142em Bonim (opens in a new tab)\" href=\"https:\/\/open.spotify.com\/episode\/2T2LA1ceF0Fdl4yttt5TrC\" target=\"_blank\">podcast z Micha\u0142em Bonim<\/a><\/strong>.<\/p>\n\n\n\n<figure class=\"wp-block-image\"><img loading=\"lazy\" decoding=\"async\" width=\"1024\" height=\"1024\" src=\"\/wp-content\/uploads\/2021\/06\/Zrzut-ekranu-2021-06-7-o-10.30.06-1024x1024.png\" alt=\"\" class=\"wp-image-5629\" srcset=\"\/antymatrix\/wp-content\/uploads\/2021\/06\/Zrzut-ekranu-2021-06-7-o-10.30.06-1024x1024.png 1024w, \/antymatrix\/wp-content\/uploads\/2021\/06\/Zrzut-ekranu-2021-06-7-o-10.30.06-150x150.png 150w, \/antymatrix\/wp-content\/uploads\/2021\/06\/Zrzut-ekranu-2021-06-7-o-10.30.06-300x300.png 300w, \/antymatrix\/wp-content\/uploads\/2021\/06\/Zrzut-ekranu-2021-06-7-o-10.30.06-768x768.png 768w, \/antymatrix\/wp-content\/uploads\/2021\/06\/Zrzut-ekranu-2021-06-7-o-10.30.06.png 1206w\" sizes=\"(max-width: 1024px) 100vw, 1024px\" \/><\/figure>\n","protected":false},"excerpt":{"rendered":"<p>Pandemiczne restrykcje ust\u0119puj\u0105, nie ustaj\u0105 jednak pytania o to, co dalej. Zw\u0142aszcza z lud\u017ami m\u0142odymi, bo cho\u0107 byli najmniej zagro\u017ceni pod wzgl\u0119dem zdrowotnym, to jednak oni najbardziej odczuli i b\u0119d\u0105 odczuwa\u0107 skutki kryzysu.<\/p>\n","protected":false},"author":1,"featured_media":5633,"comment_status":"closed","ping_status":"closed","sticky":false,"template":"","format":"standard","meta":{"footnotes":""},"categories":[189,120],"tags":[439,449,448,233],"_links":{"self":[{"href":"https:\/\/blog.polityka.pl\/antymatrix\/wp-json\/wp\/v2\/posts\/5628"}],"collection":[{"href":"https:\/\/blog.polityka.pl\/antymatrix\/wp-json\/wp\/v2\/posts"}],"about":[{"href":"https:\/\/blog.polityka.pl\/antymatrix\/wp-json\/wp\/v2\/types\/post"}],"author":[{"embeddable":true,"href":"https:\/\/blog.polityka.pl\/antymatrix\/wp-json\/wp\/v2\/users\/1"}],"replies":[{"embeddable":true,"href":"https:\/\/blog.polityka.pl\/antymatrix\/wp-json\/wp\/v2\/comments?post=5628"}],"version-history":[{"count":2,"href":"https:\/\/blog.polityka.pl\/antymatrix\/wp-json\/wp\/v2\/posts\/5628\/revisions"}],"predecessor-version":[{"id":5634,"href":"https:\/\/blog.polityka.pl\/antymatrix\/wp-json\/wp\/v2\/posts\/5628\/revisions\/5634"}],"wp:featuredmedia":[{"embeddable":true,"href":"https:\/\/blog.polityka.pl\/antymatrix\/wp-json\/wp\/v2\/media\/5633"}],"wp:attachment":[{"href":"https:\/\/blog.polityka.pl\/antymatrix\/wp-json\/wp\/v2\/media?parent=5628"}],"wp:term":[{"taxonomy":"category","embeddable":true,"href":"https:\/\/blog.polityka.pl\/antymatrix\/wp-json\/wp\/v2\/categories?post=5628"},{"taxonomy":"post_tag","embeddable":true,"href":"https:\/\/blog.polityka.pl\/antymatrix\/wp-json\/wp\/v2\/tags?post=5628"}],"curies":[{"name":"wp","href":"https:\/\/api.w.org\/{rel}","templated":true}]}}