
{"id":5662,"date":"2021-10-02T20:52:39","date_gmt":"2021-10-02T18:52:39","guid":{"rendered":"http:\/\/antymatrix.blog.polityka.pl\/?p=5662"},"modified":"2021-10-02T23:25:53","modified_gmt":"2021-10-02T21:25:53","slug":"kobieta-z-automatem","status":"publish","type":"post","link":"https:\/\/blog.polityka.pl\/antymatrix\/2021\/10\/02\/kobieta-z-automatem\/","title":{"rendered":"Kobieta z automatem"},"content":{"rendered":"\n<p>&#8222;Frau mit automat&#8221;, kapitalny spektakl bia\u0142oruskiego teatru Kry\u0142y Ha\u0142opa, wie\u0144czy\u0142 tegoroczn\u0105 Wiosk\u0119 Teatraln\u0105. W\u0119gajty znowu przez kilka dni by\u0142y ma\u0142ym-wielkim centrum \u015bwiata.<\/p>\n\n\n\n<!--more-->\n\n\n\n<p>Festiwal Wioska Teatralna zazwyczaj odbywa si\u0119\u00a0w lipcu, ale pandemia zburzy\u0142a coroczn\u0105 rutyn\u0119. Tegoroczny festiwal odbywa\u0142 si\u0119 na raty, z kulminacj\u0105 we wrze\u015bniu, akurat w tym samym czasie, gdy w Gdyni trwa\u0142 festiwal filmowy.<\/p>\n\n\n\n<p>Zbie\u017cno\u015b\u0107 o tyle istotna, \u017ce do W\u0119gajt zajecha\u0142 Daniel Rycharski, bohater &#8222;Wszystkich naszych strach\u00f3w&#8221; \u0141ukasza Rondudy i \u0141ukasza Gutta. I w W\u0119gajtach, cho\u0107 ju\u017c bez Rycharskiego, ale z Tomaszem Rakowskim, konsultantem filmu, \u015bwi\u0119towali\u015bmy Z\u0142ote Lwy. Trofeum jak najbardziej zas\u0142u\u017cone, o filmie pisa\u0142em w poprzednim wpisie.<\/p>\n\n\n\n<p>W\u0119gajty nie Gdynia, co nie znaczy, \u017ce w czymkolwiek ust\u0119puj\u0105, je\u015bli chodzi o wag\u0119 podejmowanych spraw i intensywno\u015b\u0107 dyskusji. Ju\u017c o tym pisa\u0142em, \u017ce Mutka i Wac\u0142aw Sobaszkowie maj\u0105 zdolno\u015b\u0107 wychwytywania temat\u00f3w i przyci\u0105gania go\u015bci, kt\u00f3rzy zamieniaj\u0105 stodo\u0142\u0119 w warmi\u0144skim lesie w centrum \u015bwiata.<\/p>\n\n\n\n<p>W tym roku wydarzeniem by\u0142 spektakl &#8222;Frau mit automat&#8221; bia\u0142oruskiego teatru Kry\u0142y Ha\u0142opa. Niezwyk\u0142a opowie\u015b\u0107 o przemianie kobiecego podmiotu, od uleg\u0142o\u015bci i podporz\u0105dkowania po w pe\u0142ni samo\u015bwiadomy podmiot polityczny, gotowy realizowa\u0107 t\u0119 podmiotowo\u015b\u0107 w ka\u017cdych warunkach.<\/p>\n\n\n\n<figure class=\"wp-block-image\"><img loading=\"lazy\" decoding=\"async\" width=\"1024\" height=\"768\" src=\"\/wp-content\/uploads\/2021\/10\/IMG_20210925_213708-1024x768.jpg\" alt=\"\" class=\"wp-image-5666\" srcset=\"\/antymatrix\/wp-content\/uploads\/2021\/10\/IMG_20210925_213708-1024x768.jpg 1024w, \/antymatrix\/wp-content\/uploads\/2021\/10\/IMG_20210925_213708-300x225.jpg 300w, \/antymatrix\/wp-content\/uploads\/2021\/10\/IMG_20210925_213708-768x576.jpg 768w\" sizes=\"(max-width: 1024px) 100vw, 1024px\" \/><figcaption>fot. Edwin Bendyk<\/figcaption><\/figure>\n\n\n\n<p>Sztuka mocna tre\u015bci, r\u00f3wnie mocna estetycznie, dodatkowo wzmocniona przez kontekst i sytuacj\u0119 na Bia\u0142orusi, kt\u00f3rej aktorki teatru i sam teatr s\u0105 ofiarami. Czy i kiedy wr\u00f3c\u0105 do ojczyzny, nie wiadomo &#8211; dalej jednak prowadz\u0105 swoj\u0105 walk\u0119 z m\u0119skim, patriarchalnym \u015bwiatem, kt\u00f3rego \u0141ukaszenka jest jednym z najbardziej zwyrodnia\u0142ych uciele\u015bnie\u0144.<\/p>\n\n\n\n<p>&#8222;Frau mit automat&#8221; &#8211; kobieta z automatem &#8211; to legendarna bojowniczka z Twierdzy Brze\u015b\u0107, kt\u00f3ra podobno jeszcze po upadku umocnie\u0144 w 1941 r. przez wiele tygodni pojawia\u0142a si\u0119 znienacka, dokonuj\u0105c egzekucji na niemieckich okupantach. Przetrwa\u0142a jako bezimienna legenda, kt\u00f3r\u0105 spektakl Kry\u0142y Ha\u0142opa nie tylko przypomina, ale nadaje nowy sens, wpisuj\u0105c w histori\u0119 zmaga\u0144 o kobiec\u0105 autonomi\u0119 sprawczo\u015b\u0107\u00a0 i podmiotowo\u015b\u0107.<\/p>\n\n\n\n<p>Tegoroczna Wioska zbieg\u0142a si\u0119 z festiwalem Sztuka w Obej\u015bciu, kt\u00f3ry anga\u017cuje dziesi\u0105tki miejsc w gminie Jonkowo oferuj\u0105cych spotkanie ze sztuk\u0105, lokaln\u0105 go\u015bcinno\u015bci\u0105 i gastronomi\u0105. Mocnym punktem by\u0142 koncert &#8222;Wczesna polifonia&#8221; po\u0142\u0105czonych si\u0142 Scholi W\u0119gajty i scholi parafialnej.<\/p>\n\n\n\n<p>Z kolei w plenerze wok\u00f3\u0142 Teatru W\u0119gajty dzia\u0142 si\u0119 Poranek Walpurgii, czyli zwie\u0144czenie Nocy Walpurgii, jaka mia\u0142a miejsce w nocy z 30 kwietnia na 1 maja: &#8222;grupa ponad dwustu kobiet tw\u00f3rczych spotka\u0142a si\u0119 za po\u015brednictwem Facebooka, \u017ceby pokaza\u0107 sobie wzajemnie swoje prace artystyczne, przekazywa\u0107 sobie opinie i przemy\u015blenia, poznawa\u0107 si\u0119 wzajemnie i czerpa\u0107 inspiracje&#8221;. Poranek Walpurgii by\u0142 okazj\u0105 do spotkania w realu.<\/p>\n\n\n\n<p>Dzia\u0142o si\u0119 wi\u0119c w W\u0119gajtach i nie tylko. Polecam przy okazji <strong><a rel=\"noreferrer noopener\" aria-label=\"tekst jaki napisa\u0142em do &quot;Performera&quot; zainspirowany &quot;Spiskami \u017cyciowymi&quot; Wac\u0142awa Sobaszka. (opens in a new tab)\" href=\"https:\/\/grotowski.net\/performer\/performer-21\/spiskowanie-jako-sposob-zycia\" target=\"_blank\">tekst, jaki napisa\u0142em do &#8222;Performera&#8221; zainspirowany &#8222;Spiskami \u017cyciowymi&#8221; Wac\u0142awa Sobaszka<\/a><\/strong>.<\/p>\n","protected":false},"excerpt":{"rendered":"<p>&#8222;Frau mit automat&#8221;, kapitalny spektakl bia\u0142oruskiego teatru Kry\u0142y Ha\u0142opa, wie\u0144czy\u0142 tegoroczn\u0105 Wiosk\u0119 Teatraln\u0105. W\u0119gajty znowu przez kilka dni by\u0142y ma\u0142ym-wielkim centrum \u015bwiata.<\/p>\n","protected":false},"author":1,"featured_media":5665,"comment_status":"closed","ping_status":"closed","sticky":false,"template":"","format":"standard","meta":{"footnotes":""},"categories":[1,286,56,294,44,82],"tags":[414,236,241,456,458,81,457],"_links":{"self":[{"href":"https:\/\/blog.polityka.pl\/antymatrix\/wp-json\/wp\/v2\/posts\/5662"}],"collection":[{"href":"https:\/\/blog.polityka.pl\/antymatrix\/wp-json\/wp\/v2\/posts"}],"about":[{"href":"https:\/\/blog.polityka.pl\/antymatrix\/wp-json\/wp\/v2\/types\/post"}],"author":[{"embeddable":true,"href":"https:\/\/blog.polityka.pl\/antymatrix\/wp-json\/wp\/v2\/users\/1"}],"replies":[{"embeddable":true,"href":"https:\/\/blog.polityka.pl\/antymatrix\/wp-json\/wp\/v2\/comments?post=5662"}],"version-history":[{"count":2,"href":"https:\/\/blog.polityka.pl\/antymatrix\/wp-json\/wp\/v2\/posts\/5662\/revisions"}],"predecessor-version":[{"id":5668,"href":"https:\/\/blog.polityka.pl\/antymatrix\/wp-json\/wp\/v2\/posts\/5662\/revisions\/5668"}],"wp:featuredmedia":[{"embeddable":true,"href":"https:\/\/blog.polityka.pl\/antymatrix\/wp-json\/wp\/v2\/media\/5665"}],"wp:attachment":[{"href":"https:\/\/blog.polityka.pl\/antymatrix\/wp-json\/wp\/v2\/media?parent=5662"}],"wp:term":[{"taxonomy":"category","embeddable":true,"href":"https:\/\/blog.polityka.pl\/antymatrix\/wp-json\/wp\/v2\/categories?post=5662"},{"taxonomy":"post_tag","embeddable":true,"href":"https:\/\/blog.polityka.pl\/antymatrix\/wp-json\/wp\/v2\/tags?post=5662"}],"curies":[{"name":"wp","href":"https:\/\/api.w.org\/{rel}","templated":true}]}}