
{"id":5712,"date":"2022-02-10T09:22:27","date_gmt":"2022-02-10T08:22:27","guid":{"rendered":"http:\/\/antymatrix.blog.polityka.pl\/?p=5712"},"modified":"2022-02-10T10:52:36","modified_gmt":"2022-02-10T09:52:36","slug":"lex-czarnek-szkola-ofiara-polityki","status":"publish","type":"post","link":"https:\/\/blog.polityka.pl\/antymatrix\/2022\/02\/10\/lex-czarnek-szkola-ofiara-polityki\/","title":{"rendered":"Lex Czarnek &#8211; szko\u0142a ofiar\u0105 polityki"},"content":{"rendered":"\n<p>Lex Czarnek przyj\u0119te przez Sejm, Jaros\u0142aw Kaczy\u0144ski pokaza\u0142, \u017ce jest w stanie mobilizowa\u0107 wi\u0119kszo\u015b\u0107. Za by\u0142y 233 g\u0142osy, tak samo jak podczas g\u0142osowania nad kandydatur\u0105 Bogdana \u015awi\u0119czkowskiego na s\u0119dziego TK.<\/p>\n\n\n\n<!--more-->\n\n\n\n<p>I o te 233 g\u0142osy w\u0142a\u015bnie chodzi, niezale\u017cnie, jaka jest ich dok\u0142adna arytmetyka &#8211; po og\u0142oszeniu pocz\u0105tku ko\u0144ca rozk\u0142adu obozu w\u0142adzy po przegranym g\u0142osowaniu w sprawie &#8222;lex konfident&#8221; PiS si\u0119\u00a0pozbiera\u0142 i pokazuje, \u017ce jest w stanie dalej forsowa\u0107 swoje pomys\u0142y.<\/p>\n\n\n\n<h2 class=\"wp-block-heading\">Kontrolowana katastrofa<\/h2>\n\n\n\n<p>Ba, owo fiasko &#8222;lex konfident&#8221; fiaskiem wcale by\u0107 nie musia\u0142o, cho\u0107 rzeczywi\u015bcie wizerunkowo wygl\u0105da\u0142o to kiepsko. Rz\u0105d zyska\u0142 jednak \u015bwietn\u0105 wym\u00f3wk\u0119, by nie walczy\u0107 z pandemi\u0105 wbrew nastrojom spo\u0142ecznym. Min\u0119\u0142o zaledwie kilka dni, a ju\u017c wyszed\u0142 z ukrycia minister zdrowia i zamiast poda\u0107 si\u0119 do dymisji &#8211; wszak nie dosta\u0142 niezb\u0119dnego, jak g\u0142osi\u0142, narz\u0119dzia &#8211; zapowiada koniec pandemii i z\u0142agodzenie re\u017cimu.<\/p>\n\n\n\n<p>Z kolei pos\u0142owie, kt\u00f3rzy g\u0142osowali przeciwko ustawie firmowanej osobi\u015bcie przez prezesa, wiedz\u0105, \u017ce dzie\u0144 dziecka si\u0119 sko\u0144czy\u0142, koniec brykania i musz\u0105 zacz\u0105\u0107 si\u0119 stara\u0107\u00a0bardziej ni\u017c wcze\u015bniej. Co pokazali podczas g\u0142osowania nad odrzuceniem senackiego weta w sprawie lex Czarnek. Ilu z nich zastanawia\u0142o si\u0119 nad sam\u0105 tre\u015bci\u0105? Pewno niewielu, od strajku o\u015bwiatowego w 2019 r. wiadomo, \u017ce elektorat partii w\u0142adzy nie solidaryzuje si\u0119 z nauczycielami, a edukacja nie jest dla niego priorytetem.<\/p>\n\n\n\n<h2 class=\"wp-block-heading\">Sp\u00f3jno\u015b\u0107 ideologiczna<\/h2>\n\n\n\n<p>Edukacja jest natomiast jednym z priorytet\u00f3w zapowiedzianej w 2016 r. przez Jaros\u0142awa Kaczy\u0144skiego prawicowej rewolucji kulturowej, kt\u00f3rej pe\u0142ny wyk\u0142ad znalaz\u0142 wyraz w programie wyborczym z 2019 r. Pisa\u0142em ju\u017c w &#8222;Antymatriksie&#8221;, \u017ce Przemys\u0142aw Czarnek, cho\u0107\u00a0wydaje si\u0119 radykalnym ekstremist\u0105, \u017cadnym przypadkiem na stanowisku ministra edukacji nie jest. Realizuje dok\u0142adnie to, co w programie PiS napisa\u0142 najprawdopodobniej osobi\u015bcie Jaros\u0142aw Kaczy\u0144ski.<\/p>\n\n\n\n<p>To oczywi\u015bcie z\u0142a wiadomo\u015b\u0107 dla polskiej szko\u0142y, dzieci i m\u0142odzie\u017cy, dla wszystkich &#8211; od Jana Zamoyskiego wiemy, jakie znaczenie ma m\u0142odzie\u017cy chowanie. Analizy konsekwencji wdro\u017cenia nowej ustawy przedstawili organizatorzy <a rel=\"noreferrer noopener\" aria-label=\"akcji &quot;Wolna Szko\u0142a&quot;  (opens in a new tab)\" href=\"https:\/\/www.wolnaszkola.org\/\" target=\"_blank\"><strong>akcji &#8222;Wolna Szko\u0142a&#8221;<\/strong><\/a>. Nie o argumenty jednak w tej grze chodzi\u0142o, mo\u017cna stwierdzi\u0107, \u017ce wr\u0119cz przeciwnie &#8211; te same argumenty, jakie eksperci &#8222;Wolnej Szko\u0142y&#8221; formu\u0142owali przeciwko zmianom ustawowym, dla zwolennik\u00f3w zmian by\u0142y argumentami potwierdzaj\u0105cym s\u0142uszno\u015b\u0107 ich zamiar\u00f3w.<\/p>\n\n\n\n<h2 class=\"wp-block-heading\">Opozycja w defensywie<\/h2>\n\n\n\n<p>W istocie jednak w tym momencie pierwszoplanowe dla Jaros\u0142awa Kaczy\u0144skiego by\u0142o odzyskanie sprawczo\u015bci i odbudowa morale we w\u0142asnej ekipie. Mobilizacja jest niezb\u0119dna, \u017ceby jak najszybciej naprawi\u0107 luki w Polskim \u0141adzie (je\u015bli to mo\u017cliwe), by za kilka miesi\u0119cy nikt, a przynajmniej nikt w elektoracie nie pami\u0119ta\u0142 o k\u0142opotach i bardziej zwraca\u0142 uwag\u0119 na korzy\u015bci.<\/p>\n\n\n\n<p>A opozycja znowu da\u0142a si\u0119 zepchn\u0105\u0107 do defensywy &#8211; zamiast sejmowej komisji \u015bledczej w sprawie Pegasusa jest lex Czarnek &#8211; w\u015br\u00f3d 233 g\u0142osuj\u0105cych za odrzuceniem senackiego weta by\u0142 Pawe\u0142 Kukiz. Smutn\u0105\u00a0miar\u0105 tej defensywy jest fakt, \u017ce ostatni\u0105 nadziej\u0105 w walce z lex Czarnek sta\u0142 si\u0119 prezydent Andrzej Duda. W\u0105t\u0142a to nadzieja, poleganie na niej, podobnie jak poleganie na Pawle Kukizie, jest kosztowne politycznie.<\/p>\n","protected":false},"excerpt":{"rendered":"<p>Lex Czarnek przyj\u0119te przez Sejm, Jaros\u0142aw Kaczy\u0144ski pokaza\u0142, \u017ce jest w stanie mobilizowa\u0107 wi\u0119kszo\u015b\u0107. Za by\u0142y 233 g\u0142osy, tak samo jak podczas g\u0142osowania nad kandydatur\u0105 Bogdana \u015awi\u0119czkowskiego na s\u0119dziego TK.<\/p>\n","protected":false},"author":1,"featured_media":5713,"comment_status":"closed","ping_status":"closed","sticky":false,"template":"","format":"standard","meta":{"footnotes":""},"categories":[65,49,120],"tags":[468,470,471,460,469],"_links":{"self":[{"href":"https:\/\/blog.polityka.pl\/antymatrix\/wp-json\/wp\/v2\/posts\/5712"}],"collection":[{"href":"https:\/\/blog.polityka.pl\/antymatrix\/wp-json\/wp\/v2\/posts"}],"about":[{"href":"https:\/\/blog.polityka.pl\/antymatrix\/wp-json\/wp\/v2\/types\/post"}],"author":[{"embeddable":true,"href":"https:\/\/blog.polityka.pl\/antymatrix\/wp-json\/wp\/v2\/users\/1"}],"replies":[{"embeddable":true,"href":"https:\/\/blog.polityka.pl\/antymatrix\/wp-json\/wp\/v2\/comments?post=5712"}],"version-history":[{"count":2,"href":"https:\/\/blog.polityka.pl\/antymatrix\/wp-json\/wp\/v2\/posts\/5712\/revisions"}],"predecessor-version":[{"id":5715,"href":"https:\/\/blog.polityka.pl\/antymatrix\/wp-json\/wp\/v2\/posts\/5712\/revisions\/5715"}],"wp:featuredmedia":[{"embeddable":true,"href":"https:\/\/blog.polityka.pl\/antymatrix\/wp-json\/wp\/v2\/media\/5713"}],"wp:attachment":[{"href":"https:\/\/blog.polityka.pl\/antymatrix\/wp-json\/wp\/v2\/media?parent=5712"}],"wp:term":[{"taxonomy":"category","embeddable":true,"href":"https:\/\/blog.polityka.pl\/antymatrix\/wp-json\/wp\/v2\/categories?post=5712"},{"taxonomy":"post_tag","embeddable":true,"href":"https:\/\/blog.polityka.pl\/antymatrix\/wp-json\/wp\/v2\/tags?post=5712"}],"curies":[{"name":"wp","href":"https:\/\/api.w.org\/{rel}","templated":true}]}}