
{"id":5716,"date":"2022-02-11T15:17:51","date_gmt":"2022-02-11T14:17:51","guid":{"rendered":"http:\/\/antymatrix.blog.polityka.pl\/?p=5716"},"modified":"2022-02-13T10:39:58","modified_gmt":"2022-02-13T09:39:58","slug":"robiac-swoje","status":"publish","type":"post","link":"https:\/\/blog.polityka.pl\/antymatrix\/2022\/02\/11\/robiac-swoje\/","title":{"rendered":"Robi\u0105c swoje"},"content":{"rendered":"\n<p>W polityce krajowej nowe zwroty. Na froncie walki z pandemi\u0105 rz\u0105d og\u0142asza kolejne zwyci\u0119stwa. W Polskim \u0141adzie pogubi\u0142 si\u0119 nawet Marek Suski. Opu\u015b\u0107my na chwil\u0119 t\u0119 przestrze\u0144 chaosu, by spojrze\u0107 na inny wymiar \u017cycia, tam gdzie rz\u0105dzi konkret, a twardej rzeczywisto\u015bci nie da si\u0119 zagada\u0107. <\/p>\n\n\n\n<!--more-->\n\n\n\n<p>To poziom lokalnych wsp\u00f3lnot, kt\u00f3re radzi\u0107 sobie musz\u0105 z potrzebami swoich mieszka\u0144c\u00f3w i pomys\u0142ami oraz decyzjami podejmowanymi przez rz\u0105d i parlament w Warszawie. Rozjazd mi\u0119dzy praktyk\u0105 lokaln\u0105 a centraln\u0105&nbsp;dezynwoltur\u0105 wida\u0107 szczeg\u00f3lnie wyrazi\u015bcie podczas pandemii. Zw\u0142aszcza pocz\u0105tkowy jej okres by\u0142 dojmuj\u0105cy, gdy dopiero poznawali\u015bmy zagro\u017cenie.<\/p>\n\n\n\n<h2 class=\"wp-block-heading\">Szok pandemii<\/h2>\n\n\n\n<p>Brak maseczek i materia\u0142\u00f3w ochronnych, dezorganizacja wynikaj\u0105ca z &#8222;zamra\u017cania&#8221; gospodarki i \u017cycia spo\u0142ecznego, brak infrastruktury do prowadzenia zdalnej edukacji &#8211; zaskoczeni byli wszyscy, co zgodnie przyznawali w pierwszych tygodniach pandemii uczestnicy Akademii Samorz\u0105dowej Fundacji Batorego. To samorz\u0105dowcy wywodz\u0105cy si\u0119 z programu &#8222;Masz G\u0142os&#8221; wspieraj\u0105cego inicjatywy lokalnego aktywizmu.<\/p>\n\n\n\n<p>Burmistrzowie, w\u00f3jtowie, radne i radni dzielili si\u0119 podczas spotka\u0144 online do\u015bwiadczeniami: jak organizowali materia\u0142y (s\u0142ynne szycie maseczek w o\u015brodkach kultury i w ko\u0142ach gospody\u0144 wiejskich), jak koordynowali pomoc dla potrzebuj\u0105cych, jak zapewniali codzienne funkcjonowanie swoich gmin, jak komunikowali si\u0119 z mieszka\u0144cami, wolontariuszami, organizacjami spo\u0142ecznymi w warunkach lockdownu.<\/p>\n\n\n\n<h2 class=\"wp-block-heading\">Dzia\u0142ania nadzwyczajne<\/h2>\n\n\n\n<p>W nadzwyczajnej sytuacji zwyczajne dzia\u0142ania cz\u0119sto by\u0142y niemo\u017cliwe. Dlatego zdecydowali\u015bmy si\u0119 w fundacji przeprowadzi\u0107 ankiet\u0119 sprawdzaj\u0105c\u0105, jakie niestandardowe dzia\u0142ania podejmowali samorz\u0105dowcy i mieszka\u0144cy lokalnych wsp\u00f3lnot, by sobie poradzi\u0107 z wyzwaniami stwarzanymi przez pandemi\u0119 i jej konsekwencje. W efekcie powsta\u0142 raport <a rel=\"noreferrer noopener\" aria-label=\"&quot;Lokalne spo\u0142eczno\u015bci a pandemia. Przyk\u0142ady innowacji spo\u0142ecznych&quot; (opens in a new tab)\" href=\"https:\/\/www.batory.org.pl\/wp-content\/uploads\/2022\/02\/Lokalne-spolecznosci-a-pandemia.-Przyklady-innowacji-spolecznych.pdf\" target=\"_blank\"><strong>&#8222;Lokalne spo\u0142eczno\u015bci a pandemia. Przyk\u0142ady innowacji spo\u0142ecznych&#8221;<\/strong><\/a> opracowany przez Ryszarda \u0141uczyna.<\/p>\n\n\n\n<p>Opracowanie nie ma wyczerpuj\u0105cego charakteru, nie jest te\u017c reprezentatywne dla ca\u0142ej Polski &#8211; to po prostu ciekawe przyk\u0142ady, mo\u017cna by ich na pewno wskaza\u0107 znacznie wi\u0119cej, do czego zapraszam. Chodzi\u0142o o sprawdzenie, czy sytuacja niepewno\u015bci i ryzyka raczej b\u0119dzie sk\u0142ania\u0107 do postaw zachowawczych (zmniejszanie ryzyka przez unikanie zmiany), czy przeciwnie &#8211; do \u015bwiadomego podejmowania nowych form dzia\u0142ania.<\/p>\n\n\n\n<h2 class=\"wp-block-heading\">Mapa innowacji<\/h2>\n\n\n\n<p>Odpowied\u017a nie jest wcale oczywista, strategie innowacyjne zawsze wi\u0105\u017c\u0105 si\u0119 z dodatkowym ryzykiem, wi\u0119c unika si\u0119 ich, gdy uog\u00f3lniony poziom ryzyka jest wysoki. Tak w\u0142a\u015bnie w swej masie dzia\u0142a\u0142y polskie ma\u0142e i \u015brednie przedsi\u0119biorstwa w czasie pandemii. Poradzi\u0142y sobie z trudnym czasem najlepiej w Unii Europejskiej, ale dominuj\u0105ca strategia polega\u0142a na zachowawczo\u015bci i unikaniu innowacji (ten poziom zachowawczo\u015bci wyr\u00f3\u017cnia\u0142 polskie M\u015aP na tle Europy).<\/p>\n\n\n\n<p>Na poziomie samorz\u0105dowym by\u0142o inaczej, cho\u0107 opracowanie Ryszarda \u0141uczyna nie ma charakteru ilo\u015bciowego, ale dobrze opisuje charakter inicjatyw: &#8222;widzialna r\u0119ka&#8221;, &#8222;dobronosze&#8221;, &#8222;szczepibus&#8221; to tylko kilka z dzia\u0142a\u0144, kt\u00f3re sk\u0142adaj\u0105 si\u0119 na map\u0119 Polski lokalnej w czasie pandemii. Inicjatywy te uporz\u0105dkowane zosta\u0142y wed\u0142ug nast\u0119puj\u0105cych kategorii:<\/p>\n\n\n\n<p>1. Artyku\u0142y medyczne i wsparcie szczepie\u0144<br>2. Wsparcie dla mieszka\u0144c\u00f3w <br>3. Edukacja <br>4. Kultura i sztuka <br>5. Funkcjonowanie urz\u0119d\u00f3w i w\u0142adz <br>6. Przedsi\u0119biorczo\u015b\u0107<\/p>\n\n\n\n<p>Powsta\u0142a te\u017c pierwsza wersja mapy pokazuj\u0105cej geograficzny rozk\u0142ad analizowanych innowacji, zamieszczam j\u0105 poni\u017cej i zach\u0119cam do uzupe\u0142niania przez nadsy\u0142anie propozycji na adres Antoniego Wierzejskiego z Fundacji Batorego (awierzejski@batory.org.pl):<\/p>\n\n\n\n<iframe loading=\"lazy\" src=\"https:\/\/www.google.com\/maps\/d\/embed?mid=1sWnO-EGhAPcs9GxtqVxyBXYSF_bzt-JX&amp;ehbc=2E312F\" width=\"640\" height=\"480\"><\/iframe>\n\n\n\n<p>Zach\u0119cam te\u017c do lektury komentarza Dawida Sze\u015bci\u0142y <a rel=\"noreferrer noopener\" aria-label=\"&quot;Lokalne reakcje na pandemi\u0119 \u2013 bez fajerwerk\u00f3w, ale z efektami&quot; (opens in a new tab)\" href=\"https:\/\/www.batory.org.pl\/blog_wpis\/lokalne-reakcje-na-pandemie-bez-fajerwerkow-ale-z-efektami\/\" target=\"_blank\"><strong>&#8222;Lokalne reakcje na pandemi\u0119 \u2013 bez fajerwerk\u00f3w, ale z efektami&#8221;<\/strong><\/a>.<\/p>\n","protected":false},"excerpt":{"rendered":"<p>W polityce krajowej kolejne zwroty. Na froncie walki z pandemi\u0105 rz\u0105d og\u0142asza kolejne zwyci\u0119stwa. W Polskim \u0141adzie pogubi\u0142 si\u0119 nawet Marek Suski. Opu\u015b\u0107my na chwil\u0119 t\u0119 przestrze\u0144 chaosu, by spojrze\u0107 na inny wymiar \u017cycia, tam gdzie rz\u0105dzi konkret, a twardej rzeczywisto\u015bci nie da si\u0119 zagada\u0107. To poziom lokalnych wsp\u00f3lnot.<\/p>\n","protected":false},"author":1,"featured_media":5717,"comment_status":"closed","ping_status":"closed","sticky":false,"template":"","format":"standard","meta":{"footnotes":""},"categories":[98,413,219,120,296,273,73,294],"tags":[220,390,472,302],"_links":{"self":[{"href":"https:\/\/blog.polityka.pl\/antymatrix\/wp-json\/wp\/v2\/posts\/5716"}],"collection":[{"href":"https:\/\/blog.polityka.pl\/antymatrix\/wp-json\/wp\/v2\/posts"}],"about":[{"href":"https:\/\/blog.polityka.pl\/antymatrix\/wp-json\/wp\/v2\/types\/post"}],"author":[{"embeddable":true,"href":"https:\/\/blog.polityka.pl\/antymatrix\/wp-json\/wp\/v2\/users\/1"}],"replies":[{"embeddable":true,"href":"https:\/\/blog.polityka.pl\/antymatrix\/wp-json\/wp\/v2\/comments?post=5716"}],"version-history":[{"count":5,"href":"https:\/\/blog.polityka.pl\/antymatrix\/wp-json\/wp\/v2\/posts\/5716\/revisions"}],"predecessor-version":[{"id":5723,"href":"https:\/\/blog.polityka.pl\/antymatrix\/wp-json\/wp\/v2\/posts\/5716\/revisions\/5723"}],"wp:featuredmedia":[{"embeddable":true,"href":"https:\/\/blog.polityka.pl\/antymatrix\/wp-json\/wp\/v2\/media\/5717"}],"wp:attachment":[{"href":"https:\/\/blog.polityka.pl\/antymatrix\/wp-json\/wp\/v2\/media?parent=5716"}],"wp:term":[{"taxonomy":"category","embeddable":true,"href":"https:\/\/blog.polityka.pl\/antymatrix\/wp-json\/wp\/v2\/categories?post=5716"},{"taxonomy":"post_tag","embeddable":true,"href":"https:\/\/blog.polityka.pl\/antymatrix\/wp-json\/wp\/v2\/tags?post=5716"}],"curies":[{"name":"wp","href":"https:\/\/api.w.org\/{rel}","templated":true}]}}