
{"id":5806,"date":"2022-03-07T07:42:11","date_gmt":"2022-03-07T06:42:11","guid":{"rendered":"http:\/\/antymatrix.blog.polityka.pl\/?p=5806"},"modified":"2022-03-07T11:28:24","modified_gmt":"2022-03-07T10:28:24","slug":"putin-posmiertny-projekt-polityczny","status":"publish","type":"post","link":"https:\/\/blog.polityka.pl\/antymatrix\/2022\/03\/07\/putin-posmiertny-projekt-polityczny\/","title":{"rendered":"Putin. Po\u015bmiertny projekt polityczny"},"content":{"rendered":"\n<p>Tytu\u0142 skopiowa\u0142em z rosyjskiej &#8222;Nowoj Gazety&#8221;, kt\u00f3ra opublikowa\u0142a kr\u00f3tki wywiad o przysz\u0142o\u015bci Ukrainy z rosyjskim poet\u0105 Dmitrijem Bykowem. Rozmow\u0119 ze znanym liberalnym krytykiem Kremla zdj\u0119\u0142a cenzura, wywo\u0142a\u0142 tak\u017ce polemik\u0119 w Ukrainie.<\/p>\n\n\n\n<!--more-->\n\n\n\n<p>Bykow jest przekonany, \u017ce Putin mo\u017ce jeszcze troch\u0119\u00a0porz\u0105dzi\u0107, wojna mo\u017ce potrwa\u0107, ale przysz\u0142o\u015b\u0107 ju\u017c si\u0119 rozstrzygn\u0119\u0142a. Ko\u0144czy si\u0119 mianowicie moskiewski etap historii s\u0142owia\u0144szczyzny i zaczyna kijowski. Ukrai\u0144cy, stawiaj\u0105c op\u00f3r Moskwie, udowodnili, \u017ce s\u0105 w stanie podj\u0105\u0107 si\u0119 roli przyw\u00f3dczej wobec s\u0142owia\u0144szczyzny w XXI w.<\/p>\n\n\n\n<p>Wo\u0142odymyr Ze\u0142enski okaza\u0142 si\u0119 tricksterem, klownem, kt\u00f3ry wyr\u00f3s\u0142 na bohatera i ogrywa napuszonego, zakochanego w sobie Putina. Up\u00f3r, ironia, dystans do siebie to cechy wyr\u00f3\u017cniaj\u0105cego Ze\u0142enskiego, ale te\u017c wyra\u017caj\u0105ce ukrai\u0144ski charakter podczas dziejowej pr\u00f3by. Je\u015bli tylko Ukrai\u0144cy nie pope\u0142ni\u0105 b\u0142\u0119du, kt\u00f3ry zgubi\u0142 Rosjan &#8211; b\u0142\u0119du samouwielbienia &#8211; to stan\u0105 si\u0119 wzorem.<\/p>\n\n\n\n<p>Podczas wojny z Rosj\u0105 udowodnili, \u017ce dysponuj\u0105 (wywiad ukaza\u0142 si\u0119 1 marca, wojna trwa w najlepsze) najwa\u017cniejsz\u0105 umiej\u0119tno\u015bci\u0105 w XXI w. &#8211; zdolno\u015bci\u0105 do samoorganizacji &#8211; i pokazali, \u017ce najwa\u017cniejszym zasobem jest cz\u0142owiek jako autonomiczny podmiot.<\/p>\n\n\n\n<p>Rewelacje Bykowa spotka\u0142y si\u0119 z odpowiedzi\u0105 znanego ukrai\u0144skiego historyka Jaros\u0142awa Hrycaka. <a rel=\"noreferrer noopener\" aria-label=\"Na \u0142amach &quot;Ukrai\u0144skiej Prawdy&quot; (opens in a new tab)\" href=\"https:\/\/www.pravda.com.ua\/columns\/2022\/03\/5\/7328570\/\" target=\"_blank\"><strong>Na \u0142amach &#8222;Ukrai\u0144skiej Prawdy&#8221;<\/strong><\/a> napisa\u0142, \u017ce owszem, Rusi Moskiewskiej ju\u017c nie ma, ale Kijowskiej nie b\u0119dzie. Bo s\u0142owia\u0144szczyzna to wiele narod\u00f3w, z kt\u00f3rych zdecydowana wi\u0119kszo\u015b\u0107, z Ukrain\u0105 w\u0142\u0105cznie, dokona\u0142a wyboru &#8211; nie chc\u0105 odr\u0119bnego S\u0142owia\u0144skiego \u015awiata, tylko przynale\u017cno\u015bci do Zachodu i Europy.<\/p>\n\n\n\n<p>Hrycak wprost atakuje Bykowa jako emanacj\u0119 rosyjskiego liberalnego my\u015blenia, kt\u00f3re lokuje w Ukrainie marzenie o lepszej Rosji, kt\u00f3rej nie uda\u0142o si\u0119 zbudowa\u0107 w Rosji w\u0142a\u015bciwej. W istocie to wariant tego samego imperialnego my\u015blenia, kt\u00f3re nap\u0119dza Kreml. Jednak Rosj\u0119, nawet w jej liberalnym wydaniu, i Ukrain\u0119 dzieli przepa\u015b\u0107, to dwa \u015bwiaty, kt\u00f3re nie wiadomo czy kiedykolwiek si\u0119 zejd\u0105.<\/p>\n\n\n\n<p>Jeszcze gwa\u0142towniej zareagowa\u0142 na wyw\u00f3d Bykowa poeta O\u0142eksandr Irwane\u0107 w eseju <a rel=\"noreferrer noopener\" aria-label=\"&quot;Poszukuj\u0105c rosyjskiego Jaspersa&quot; (opublikowa\u0142em go w swoim przek\u0142adzie w poprzednim wpisie) (opens in a new tab)\" href=\"https:\/\/antymatrix.blog.polityka.pl\/2022\/03\/06\/rosja-problem-winy\/\" target=\"_blank\"><strong>&#8222;Poszukuj\u0105c rosyjskiego Jaspersa&#8221; (opublikowa\u0142em go w swoim przek\u0142adzie w poprzednim wpisie)<\/strong><\/a>. Pomys\u0142y ludzi takich jak Bykow por\u00f3wnuje do skutk\u00f3w rozwolnienia i pyta o rzecz znacznie wa\u017cniejsz\u0105: czy w\u015br\u00f3d rosyjskich libera\u0142\u00f3w znajdzie si\u0119 ktokolwiek zdolny do postawienia Rosjan wobec faktu podstawowego, jaki uprzytomni\u0142a agresja na Ukrain\u0119: \u017ce s\u0105 narodem zbrodniarzy i musz\u0105 zmierzy\u0107 si\u0119, jak Niemcy po II wojnie \u015bwiatowej, z problemem winy.<\/p>\n\n\n\n<p>To niezwykle ciekawa dyskusja, bo rzeczywi\u015bcie pokazuje, jak wielka odleg\u0142o\u015b\u0107 dzieli wyobra\u017ani\u0119 historyczn\u0105\u00a0i polityczn\u0105 Rosjan i Ukrai\u0144c\u00f3w. Bo w przypadku Ukrainy krytyka rosyjskich libera\u0142\u00f3w nie ko\u0144czy si\u0119 na Hrycaku i Irwa\u0144cu, r\u00f3wnie ostro wypowiada\u0142a si\u0119 o nich zawsze Oksana Zabu\u017cko i wielu innych intelektualist\u00f3w.<\/p>\n\n\n\n<p>W tym momencie jednak dochodzi do ciekawego przesilenia, kt\u00f3re najmocniej wyra\u017ca esej Irwa\u0144ca. Dotychczas Ukrai\u0144cy starali si\u0119 oddziela\u0107 pa\u0144stwo rosyjskie ze swoj\u0105 zbrodnicz\u0105\u00a0polityk\u0105\u00a0od samych Rosjan. Napa\u015b\u0107 na Ukrain\u0119 zmieni\u0142a wszystko, nie ma ju\u017c niewinnych Rosjan. Pozostaje problem winy. Wcze\u015bniej jednak trzeba zako\u0144czy\u0107 wojn\u0119.<\/p>\n","protected":false},"excerpt":{"rendered":"<p>Tytu\u0142 skopiowa\u0142em z rosyjskiej &#8222;Nowoj Gazety&#8221; kt\u00f3ra opublikowa\u0142a kr\u00f3tki wywiad o przysz\u0142o\u015bci Ukrainy z rosyjskim poet\u0105 Dmitrijem Bykowem. Rozmow\u0119 ze znanym liberalnym krytykiem Kremla zdj\u0119\u0142a cenzura, wywo\u0142a\u0142 tak\u017ce polemik\u0119 w Ukrainie.<\/p>\n","protected":false},"author":1,"featured_media":5776,"comment_status":"closed","ping_status":"closed","sticky":false,"template":"","format":"standard","meta":{"footnotes":""},"categories":[21,6,296,78],"tags":[437,246,491,490,240,251],"_links":{"self":[{"href":"https:\/\/blog.polityka.pl\/antymatrix\/wp-json\/wp\/v2\/posts\/5806"}],"collection":[{"href":"https:\/\/blog.polityka.pl\/antymatrix\/wp-json\/wp\/v2\/posts"}],"about":[{"href":"https:\/\/blog.polityka.pl\/antymatrix\/wp-json\/wp\/v2\/types\/post"}],"author":[{"embeddable":true,"href":"https:\/\/blog.polityka.pl\/antymatrix\/wp-json\/wp\/v2\/users\/1"}],"replies":[{"embeddable":true,"href":"https:\/\/blog.polityka.pl\/antymatrix\/wp-json\/wp\/v2\/comments?post=5806"}],"version-history":[{"count":2,"href":"https:\/\/blog.polityka.pl\/antymatrix\/wp-json\/wp\/v2\/posts\/5806\/revisions"}],"predecessor-version":[{"id":5808,"href":"https:\/\/blog.polityka.pl\/antymatrix\/wp-json\/wp\/v2\/posts\/5806\/revisions\/5808"}],"wp:featuredmedia":[{"embeddable":true,"href":"https:\/\/blog.polityka.pl\/antymatrix\/wp-json\/wp\/v2\/media\/5776"}],"wp:attachment":[{"href":"https:\/\/blog.polityka.pl\/antymatrix\/wp-json\/wp\/v2\/media?parent=5806"}],"wp:term":[{"taxonomy":"category","embeddable":true,"href":"https:\/\/blog.polityka.pl\/antymatrix\/wp-json\/wp\/v2\/categories?post=5806"},{"taxonomy":"post_tag","embeddable":true,"href":"https:\/\/blog.polityka.pl\/antymatrix\/wp-json\/wp\/v2\/tags?post=5806"}],"curies":[{"name":"wp","href":"https:\/\/api.w.org\/{rel}","templated":true}]}}