
{"id":5864,"date":"2022-03-27T18:49:52","date_gmt":"2022-03-27T16:49:52","guid":{"rendered":"http:\/\/antymatrix.blog.polityka.pl\/?p=5864"},"modified":"2022-03-28T03:07:44","modified_gmt":"2022-03-28T01:07:44","slug":"walka-potrwa-dlugo","status":"publish","type":"post","link":"https:\/\/blog.polityka.pl\/antymatrix\/2022\/03\/27\/walka-potrwa-dlugo\/","title":{"rendered":"Walka potrwa d\u0142ugo"},"content":{"rendered":"\n<p>To by\u0142 tydzie\u0144 dw\u00f3ch niezwyk\u0142ych wyst\u0105pie\u0144. Pierwsze, m\u00f3wi\u0105 o nim wszyscy, to <a rel=\"noreferrer noopener\" aria-label=\"przem\u00f3wienie Joe Bidena na Zamku Kr\u00f3lewskim (opens in a new tab)\" href=\"https:\/\/www.whitehouse.gov\/briefing-room\/speeches-remarks\/2022\/03\/26\/remarks-by-president-biden-on-the-united-efforts-of-the-free-world-to-support-the-people-of-ukraine\/\" target=\"_blank\"><strong>przem\u00f3wienie Joe Bidena na Zamku Kr\u00f3lewskim<\/strong><\/a>. Drugie, mniej spektakularne, cho\u0107 nie mniej wa\u017cne. Jego autorem nie by\u0142 polityk, lecz \u015bwiadek historii Marian Turski. W auli Uniwersytetu Marii Curie-Sk\u0142odowskiej w Lublinie m\u00f3wi\u0142 o powstaniu w getcie warszawskim, szukaj\u0105c odpowiedzi na pytanie: dlaczego wybuch\u0142o tak p\u00f3\u017ano?<\/p>\n\n\n\n<!--more-->\n\n\n\n<p>To poszukiwanie okaza\u0142o si\u0119 lekcj\u0105 historii ekstremalnej, kiedy stawk\u0105 pr\u00f3by staje si\u0119 wszystko: \u017cycie jednostek, spo\u0142eczno\u015bci, kultury, istota cz\u0142owiecze\u0144stwa. W wyk\u0142adzie (powodem by\u0142o nadanie tytu\u0142u doktora honoris causa) wyg\u0142aszanym w miesi\u0105c po napa\u015bci Rosji na Ukrain\u0119 nie mog\u0142o zabrakn\u0105\u0107 odniesie\u0144 do wojny. O nowych mitach, kt\u00f3re przejd\u0105 do historii niczym przypisywana Pierre&#8217;owi Cambronne&#8217;owi odpowied\u017a na wezwanie do poddania si\u0119 pod Waterloo.<\/p>\n\n\n\n<p>Mo\u017cna by\u0142o si\u0119 spodziewa\u0107, \u017ce jako \u015bwiadek powtarzaj\u0105cej si\u0119 historii Marian Turski odwo\u0142a si\u0119 do s\u0142\u00f3w innego Ocalonego Primo Leviego, kt\u00f3ry napisa\u0142: &#8222;To si\u0119 wydarzy\u0142o. To znaczy, \u017ce si\u0119 mo\u017ce wydarzy\u0107 wsz\u0119dzie, na ca\u0142ej ziemi&#8221;. Marian si\u0119gn\u0105\u0142 jednak do swego przyjaciela i bojownika z getta Marka Edelmana: &#8222;Najwa\u017cniejsze jest \u017cycie. A kiedy ma si\u0119 \u017cycie, to najwa\u017cniejsza jest wolno\u015b\u0107. I dla tej wolno\u015bci przychodzi odda\u0107 \u017cycie&#8221;.<\/p>\n\n\n\n<p>Co to znaczy &#8222;mie\u0107 \u017cycie&#8221;, t\u0142umaczy\u0142 Marian Turski, opowiadaj\u0105c o do\u015bwiadczeniu getta, g\u0142odu prowadz\u0105cego do choroby g\u0142odowej pozbawiaj\u0105cej woli dzia\u0142ania i o tym, jak cz\u0119sto, os\u0105dzaj\u0105c wydarzenia historyczne, pope\u0142niamy b\u0142\u0105d anachronizmu, nie uwzgl\u0119dniaj\u0105c, \u017ce ci, co podejmowali decyzje 10, 50 czy 100 lat temu, dysponowali inn\u0105 wiedz\u0105, ni\u017c jest dost\u0119pna w wersji syntetycznej dzi\u015b.<\/p>\n\n\n\n<p>Polecam wyk\u0142ad Mariana Turskiego w ca\u0142o\u015bci. Co jednak \u0142\u0105czy go z przem\u00f3wieniem Joe Bidena? Tym \u0142\u0105cznikiem jest konkluzja, s\u0142owa Marka Edelmana o \u017cyciu i wolno\u015bci przywo\u0142ane w kontek\u015bcie wojny w Ukrainie i moment\u00f3w ju\u017c mitycznych, jak Wyspa W\u0119\u017cy, Konotop czy obrona Mariupola i Charkowa.<\/p>\n\n\n\n<figure class=\"wp-block-embed-youtube wp-block-embed is-type-video is-provider-youtube wp-embed-aspect-16-9 wp-has-aspect-ratio\"><div class=\"wp-block-embed__wrapper\">\n<iframe loading=\"lazy\" title=\"Doktor Honoris Causa Marian Turski\" width=\"1778\" height=\"1000\" src=\"https:\/\/www.youtube.com\/embed\/mSeQytytpok?start=3855&#038;feature=oembed\" frameborder=\"0\" allow=\"accelerometer; autoplay; clipboard-write; encrypted-media; gyroscope; picture-in-picture\" allowfullscreen><\/iframe>\n<\/div><\/figure>\n\n\n\n<p>O czym w istocie m\u00f3wi\u0142 prezydent USA? Nie brakuje interpretacji, ja zwr\u00f3c\u0119 uwag\u0119 na dwa wymiary. Pierwszy, metapolityczny, okre\u015blaj\u0105cy stawk\u0119 trwaj\u0105cej wojny w Ukrainie. Tak, trzeba j\u0105 zako\u0144czy\u0107, ale pami\u0119taj\u0105c, \u017ce jest jedynie etapem znacznie d\u0142u\u017cszej walki demokracji z podnosz\u0105cymi g\u0142ow\u0119 autokracjami. \u0179r\u00f3d\u0142em mocy w tej walce nie jest si\u0142a, lecz prawo.<\/p>\n\n\n\n<p>W tym kontek\u015bcie NATO nie jest aliansem militarnym o charakterze ekspansjonistycznym, lecz sojuszem powo\u0142anym do zbrojnej obrony pa\u0144stw &#8211; cz\u0142onk\u00f3w, kt\u00f3re \u0142\u0105czy nie tylko interes, ale i warto\u015bci le\u017c\u0105ce u podstaw funkcjonowania system\u00f3w demokratycznych: praworz\u0105dno\u015b\u0107, r\u00f3wno\u015b\u0107, wolno\u015b\u0107, kt\u00f3rej kluczowym elementem jest wolno\u015b\u0107\u00a0s\u0142owa i medi\u00f3w.<\/p>\n\n\n\n<p>Ta walka b\u0119dzie d\u0142uga, nie wystarczy w niej zjednoczy\u0107 si\u0119 przeciwko ludziom takim jak Putin, trzeba j\u0105 tak\u017ce prowadzi\u0107 u siebie, na w\u0142asnym podw\u00f3rku, zar\u00f3wno w Polsce, jak i w Stanach Zjednoczonych. Przes\u0142anie jasne, ale czy zrozumia\u0142e w kr\u0119gach w\u0142adzy przekonanych, \u017ce wojna uniewa\u017cni\u0142a krytyk\u0119 projektu politycznego opartego na kwestionowaniu warto\u015bci spajaj\u0105cych euroatlantyck\u0105 przestrze\u0144?<\/p>\n\n\n\n<p>Do tego pytania b\u0119d\u0119 wraca\u0142, teraz wa\u017cniejsze jest bie\u017c\u0105ce polityczne przes\u0142anie Joe Bidena. Komunikat wyj\u015bciowy jest taki, \u017ce Putin pope\u0142ni\u0142 b\u0142\u0105d strategiczny, licz\u0105c na podzia\u0142 Zachodu i s\u0142abo\u015b\u0107 NATO. Uzyska\u0142 przeciwny efekt, konsolidacj\u0119 &#8211; cho\u0107 z wieloma rysami, co wybrzmiewa\u0142o z przem\u00f3wienia &#8211; i wzmocnienie obecno\u015bci NATO na granicy strefy konfliktu.<\/p>\n\n\n\n<p>To kapita\u0142 zgromadzony do owej d\u0142ugotrwa\u0142ej walki, kt\u00f3ra dzi\u015b toczy si\u0119 na gor\u0105cym froncie Ukrainy. I Ukraina mo\u017ce liczy\u0107 na wsparcie, ale jej zwyci\u0119stwo nie jest, jakkolwiek brutalnie to brzmi, celem samym w sobie. Celem jest zmiana re\u017cimu w Rosji, stawk\u0105 nie jest wygrana Ukrainy na gruzach Rosji, stawk\u0105 jest zwyci\u0119stwo Ukrainy i przegrana Putina, by przysz\u0142y \u0142ad \u015bwiatowy budowa\u0107 wsp\u00f3lnie nie tylko z Ukrain\u0105, ale i Rosj\u0105.<\/p>\n\n\n\n<p>Bo celem jest \u00f3w przysz\u0142y \u015bwiat, kt\u00f3ry musi poradzi\u0107 sobie z wieloma wyzwaniami, do najwa\u017cniejszych nale\u017cy przetrwanie planety, zadanie, kt\u00f3rego nie mo\u017cna od\u0142\u0105cza\u0107\u00a0od kwestii bezpiecze\u0144stwa narodowego. St\u0105d tak du\u017ce znaczenie transformacji energetycznej i odej\u015bcie od paliw kopalnych. Niestety, ten w\u0105tek mowy Bidena nie wywo\u0142a\u0142 specjalnego entuzjazmu, cho\u0107 w\u0142a\u015bciwie lokowa\u0142 z\u0142o\u017cono\u015b\u0107 wyzwa\u0144 bie\u017c\u0105cych i d\u0142ugofalowych.<\/p>\n\n\n\n<p>Ukraina wi\u0119c nie mo\u017ce liczy\u0107 na bezpo\u015brednie zaanga\u017cowanie NATO, Rosjanie z kolei mog\u0105&nbsp;liczy\u0107 na &#8222;amnesti\u0119&#8221;, czyli powr\u00f3t do spo\u0142eczno\u015bci mi\u0119dzynarodowej, je\u015bli pozb\u0119d\u0105 si\u0119 Putina. Trudno si\u0119&nbsp;dziwi\u0107, \u017ce tak skonstruowane przem\u00f3wienie odbi\u0142o si\u0119 s\u0142abym echem w Ukrainie, raczej wywo\u0142a\u0142o irytacj\u0119.<\/p>\n\n\n\n<p>Na stwierdzenie Bidena, \u017ce nie wierzy, by Rosjanie popierali t\u0119 wojn\u0119, kt\u00f3rej prawdziwym winowajc\u0105 jest Putin, przypominaj\u0105 badania socjologiczne wskazuj\u0105ce na masow\u0105 wr\u0119cz akceptacj\u0119 awantury rosyjskich w\u0142adz. W Ukrainie bli\u017csza jest optyka winy ca\u0142ego narodu rosyjskiego i konieczno\u015b\u0107\u00a0jego deputinizacji po wojnie. Biden z przyczyn politycznych nie zak\u0142ada scenariusza bezwarunkowej kapitulacji, tylko politycznej.<\/p>\n\n\n\n<p><a rel=\"noreferrer noopener\" aria-label=\"Wyraz swojej irytacji da\u0142 tak\u017ce Wo\u0142odymyr Ze\u0142enski (opens in a new tab)\" href=\"https:\/\/www.president.gov.ua\/news\/rosijski-vijska-znishuyut-use-sho-robit-nas-narodom-ale-za-c-73873\" target=\"_blank\"><strong>Wyraz swojej irytacji da\u0142 tak\u017ce Wo\u0142odymyr Ze\u0142enski<\/strong><\/a>, kt\u00f3ry w sobotnim wieczornym wyst\u0105pieniu do narodu w og\u00f3le nie odni\u00f3s\u0142 si\u0119 do przem\u00f3wienia Bidena. Owszem, wspomnia\u0142 jego spotkanie w Warszawie z ministrami obrony i spraw zagranicznych, bez wi\u0119kszego jednak znaczenia dla rzeczywistej potrzeby Ukrainy &#8211; dostaw broni ofensywnej. Ze\u0142enski wprost oskar\u017cy\u0142 pa\u0144stwa NATO, wskazuj\u0105c te\u017c imiennie Polsk\u0119, o tch\u00f3rzostwo.<\/p>\n\n\n\n<p>Przypomnia\u0142,\u00a0\u017ce liderzy S\u0142owenii, Czech, Polski byli w Kijowie ju\u017c jaki\u015b czas temu i co z tego wynik\u0142o? Czy NATO kierowane jest z Moskwy? Tak ostro wobec Zachodu prezydent Ukrainy jeszcze si\u0119\u00a0nie wypowiada\u0142. Zapewne liczy\u0142 na wi\u0119cej, kiedy w po\u0142owie marca zadeklarowa\u0142, \u017ce Ukraina zdaje sobie spraw\u0119 z nierealno\u015bci akcesji do NATO.<\/p>\n\n\n\n<p>Kwesti\u0119 t\u0119 w wi\u0119kszych detalach podj\u0105\u0142 w pi\u0105tek doradca szefa kancelarii prezydenta <a rel=\"noreferrer noopener\" aria-label=\"O\u0142eksij Arestowycz w wywiadzie dla tygodnika &quot;Nowoje Wremia&quot; (opens in a new tab)\" href=\"https:\/\/nv.ua\/ukr\/world\/geopolitics\/arestovich-interv-yu-pro-situaciyu-na-frontah-viyni-rosiji-v-ukrajini-video-ostanni-novini-50228452.html\" target=\"_blank\">O\u0142eksij Arestowycz w wywiadzie dla tygodnika &#8222;Nowoje Wremia&#8221;<\/a>. Dziennikarze wyci\u0105gn\u0119li jego komentarz z 2019 r., kiedy trwa\u0142a debata o wpisaniu akcesji do NATO do konstytucji. Arestowycz nie mia\u0142 w\u0105tpliwo\u015bci, \u017ce niezale\u017cnie od prawomocno\u015bci roszcze\u0144 Ukrainy b\u0119dzie to czerwona linia w stosunkach z Rosj\u0105, bez wzgl\u0119du na to, kto b\u0119dzie ni\u0105 rz\u0105dzi\u0142.<\/p>\n\n\n\n<p>Za swe roszczenia Ukrai\u0144cy zap\u0142acili krwi\u0105, czy pa\u0144stwa NATO s\u0105\u00a0gotowe na r\u00f3wnie silne przeciwstawienie si\u0119 Moskwie? Zach\u00f3d chce unikn\u0105\u0107 wojny i dlatego konsoliduje si\u0142y NATO, ale w spos\u00f3b defensywny. Ukraina za\u015b straci\u0142a z\u0142udzenia, wi\u0119c NATO sobie odpuszcza, co jest z kolei sygna\u0142em dla Moskwy &#8211; <em>casus belli<\/em> przestaje istnie\u0107. Mo\u017cna negocjowa\u0107 warunki pokoju.<\/p>\n\n\n\n<p>Ukraina chcia\u0142aby w zamian innych gwarancji bezpiecze\u0144stwa, wyra\u017conych przez Ze\u0142enskiego pod has\u0142em U24 &#8211; to system polegaj\u0105cy na tym, \u017ce pa\u0144stwa wspieraj\u0105ce Ukrain\u0119 zobowi\u0105\u017c\u0105 si\u0119 do odpowiedzi i wsparcia w ci\u0105gu 24 godzin od aktu agresji. Takie NATO bez NATO. Mimo kilkukrotnego powt\u00f3rzenia tej propozycji (po raz pierwszy podczas pami\u0119tnego wyst\u0105pienia przed Kongresem USA) nie spotka\u0142a si\u0119\u00a0ona z powa\u017cn\u0105 odpowiedzi\u0105. A w swym przem\u00f3wieniu Joe Biden nawet nie zaj\u0105kn\u0105\u0142 si\u0119 o gwarancjach bezpiecze\u0144stwa dla Ukrainy.<\/p>\n\n\n\n<p>Sytuacja jest wi\u0119c co najmniej z\u0142o\u017cona i wszystko zale\u017cy teraz z jednej strony od dalszej zdolno\u015bci Ukrainy do stawiania oporu, z drugiej za\u015b od dynamiki procesu dekompozycji systemu w\u0142adzy, jaki pewno ju\u017c trwa w Moskwie. Dekompozycja nie musi wszak\u017ce zako\u0144czy\u0107 si\u0119\u00a0upadkiem Putina, tylko rekompozycj\u0105.<\/p>\n\n\n\n<p>Tak, przed nami d\u0142uga wojna, w kt\u00f3rej warto\u015bci mieszaj\u0105 si\u0119 z interesami i tworz\u0105&nbsp;tak z\u0142o\u017cony splot, \u017ce nikt nie panuje nad sytuacj\u0105. Co \u0142atwiej zrozumie\u0107, gdy spojrzy si\u0119 na ca\u0142o\u015b\u0107 z perspektywy, jak\u0105 zaproponowa\u0142 Marian Turski.<\/p>\n","protected":false},"excerpt":{"rendered":"<p>To by\u0142 tydzie\u0144 dw\u00f3ch niezwyk\u0142ych wyst\u0105pie\u0144. Pierwsze, m\u00f3wi\u0105 o nim wszyscy, to przem\u00f3wienie Joe Bidena na Zamku Kr\u00f3lewskim. Drugie, mniej spektakularne cho\u0107 niemniej wa\u017cne. Jego autorem nie by\u0142 polityk lecz \u015bwiadek historii, Marian Turski. W auli Uniwersytetu Marii Curie-Sk\u0142odowskiej w Lublinie m\u00f3wi\u0142 o powstaniu w getcie warszawskim szukaj\u0105c odpowiedzi na pytanie: dlaczego wybuch\u0142o tak p\u00f3\u017ano? <\/p>\n","protected":false},"author":1,"featured_media":5871,"comment_status":"closed","ping_status":"closed","sticky":false,"template":"","format":"standard","meta":{"footnotes":""},"categories":[98,49,120,6,78,50,165,167],"tags":[482,248,246,240,250,251],"_links":{"self":[{"href":"https:\/\/blog.polityka.pl\/antymatrix\/wp-json\/wp\/v2\/posts\/5864"}],"collection":[{"href":"https:\/\/blog.polityka.pl\/antymatrix\/wp-json\/wp\/v2\/posts"}],"about":[{"href":"https:\/\/blog.polityka.pl\/antymatrix\/wp-json\/wp\/v2\/types\/post"}],"author":[{"embeddable":true,"href":"https:\/\/blog.polityka.pl\/antymatrix\/wp-json\/wp\/v2\/users\/1"}],"replies":[{"embeddable":true,"href":"https:\/\/blog.polityka.pl\/antymatrix\/wp-json\/wp\/v2\/comments?post=5864"}],"version-history":[{"count":6,"href":"https:\/\/blog.polityka.pl\/antymatrix\/wp-json\/wp\/v2\/posts\/5864\/revisions"}],"predecessor-version":[{"id":5874,"href":"https:\/\/blog.polityka.pl\/antymatrix\/wp-json\/wp\/v2\/posts\/5864\/revisions\/5874"}],"wp:featuredmedia":[{"embeddable":true,"href":"https:\/\/blog.polityka.pl\/antymatrix\/wp-json\/wp\/v2\/media\/5871"}],"wp:attachment":[{"href":"https:\/\/blog.polityka.pl\/antymatrix\/wp-json\/wp\/v2\/media?parent=5864"}],"wp:term":[{"taxonomy":"category","embeddable":true,"href":"https:\/\/blog.polityka.pl\/antymatrix\/wp-json\/wp\/v2\/categories?post=5864"},{"taxonomy":"post_tag","embeddable":true,"href":"https:\/\/blog.polityka.pl\/antymatrix\/wp-json\/wp\/v2\/tags?post=5864"}],"curies":[{"name":"wp","href":"https:\/\/api.w.org\/{rel}","templated":true}]}}