
{"id":6067,"date":"2022-09-08T12:27:32","date_gmt":"2022-09-08T10:27:32","guid":{"rendered":"http:\/\/antymatrix.blog.polityka.pl\/?p=6067"},"modified":"2022-09-08T13:31:59","modified_gmt":"2022-09-08T11:31:59","slug":"zobaczyc-wieden-i-umrzec","status":"publish","type":"post","link":"https:\/\/blog.polityka.pl\/antymatrix\/2022\/09\/08\/zobaczyc-wieden-i-umrzec\/","title":{"rendered":"Zobaczy\u0107 Wiede\u0144 i umrze\u0107"},"content":{"rendered":"\n<p>Jaros\u0142aw Kaczy\u0144ski zobaczy\u0142 33 lata temu Wiede\u0144, a to, co widzia\u0142, jeszcze dzi\u015b budzi zgorszenie. I doda\u0142 podczas debaty na Forum Ekonomicznym w Karpaczu, \u017ce od samego pocz\u0105tku on wraz ze swoim \u015brodowiskiem czuli obco\u015b\u0107 kulturow\u0105 Zachodu. Pewno z wzajemno\u015bci\u0105.<\/p>\n\n\n\n<!--more-->\n\n\n\n<p>Martwi mnie tylko, \u017ce Polsk\u0105 rz\u0105dz\u0105 ludzie, kt\u00f3rzy czuj\u0105 si\u0119 obco r\u00f3wnie\u017c w swoim kraju &#8211; wszak kultura tworzona w Polsce by\u0142a i jest zachodnia. Dzi\u0119ki temu mo\u017cemy uczestniczy\u0107 w procesie nieustannej ewolucji cywilizacji Zachodu. Jej kluczow\u0105 cech\u0105 jest metakultura nowo\u015bci (poj\u0119cie to\u00a0opisa\u0142 antropolog Greg Urban), uznaj\u0105ca za warto\u015b\u0107 rozw\u00f3j polegaj\u0105cy na innowacyjno\u015bci i kreatywno\u015bci we wszystkich sferach \u017cycia, od kultury i  nauki po technik\u0119 i polityk\u0119.<\/p>\n\n\n\n<p>Zmiany cywilizacyjne, jakich podmiotem i przedmiotem jednocze\u015bnie jest Zach\u00f3d i zachodnie spo\u0142ecze\u0144stwa, nie musz\u0105 si\u0119 wszystkim podoba\u0107. Autokrytyka i autorefleksja by\u0142y zreszt\u0105, obok metakultury nowo\u015bci, drugim istotnym elementem zachodniej kultury. Zmienno\u015b\u0107 rzeczywisto\u015bci spo\u0142ecznej nie jest wymys\u0142em lewicy, uznaj\u0105 j\u0105 za oczywist\u0105 r\u00f3wnie\u017c francuscy czy brytyjscy konserwaty\u015bci. To za prezydentury Valery&#8217;ego Giscarda d&#8217;Estainga Francja zalegalizowa\u0142a aborcj\u0119, a w Wielkiej Brytanii to konserwaty\u015bci rz\u0105dz\u0105cy krajem uznali ma\u0142\u017ce\u0144stwa par jednop\u0142ciowych, zamiast uznawa\u0107, \u017ce s\u0105 wyrazem in\u017cynierii spo\u0142ecznej i budowy nowego cz\u0142owieka.<\/p>\n\n\n\n<p>Trudno, \u017ceby Jaros\u0142aw Kaczy\u0144ski nie czu\u0142 si\u0119 w takim \u015bwiecie obco, bli\u017cej mu do Marine Le Pen, Matteo Salviniego i oczywi\u015bcie Viktora Orb\u00e1na. Premier W\u0119gier jeszcze dobitniej wypowiada\u0142 si\u0119 na temat Zachodu w swym przem\u00f3wieniu podczas szko\u0142y letniej w B\u0103ile Tu\u015fnad. Przekonywa\u0142, \u017ce na Zachodzie nie ma ju\u017c zachodnich warto\u015bci, tylko postzachodnie, a to dlatego, \u017ce dosz\u0142o do rasowego zmieszania lud\u00f3w.<\/p>\n\n\n\n<p>W efekcie nie ma tam ju\u017c narod\u00f3w, tylko w\u0142a\u015bnie ludy zmieszane rasowo, kt\u00f3re nie mog\u0105 by\u0107 no\u015bnikiem europejskiej, zachodniej kultury i zachodnich warto\u015bci. Te przechowa\u0142y si\u0119 jeszcze w Europie \u015arodkowej, lecz trzeba si\u0119 broni\u0107 przed rasowym zmieszaniem i kulturowym zast\u0105pieniem przez migrant\u00f3w, kt\u00f3rzy nap\u0142ywa\u0107 b\u0119d\u0105 nie tylko z Po\u0142udnia, ale tak\u017ce z postzachodniego Zachodu. Odpowiedzi\u0105 ma by\u0107 strategia lokalnej wyj\u0105tkowo\u015bci wzmacniana przez ideologi\u0119 chrze\u015bcija\u0144skiego nacjonalizmu (poj\u0119cia tego u\u017cy\u0142 jeden z ameryka\u0144skich komentator\u00f3w).<\/p>\n\n\n\n<p>Ciekawy komentarz do pomys\u0142\u00f3w tworzenia &#8222;alternatywnej Europy&#8221; opublikowa\u0142a w kwietniu  rosyjska &#8222;Niezawisimaja Gazeta&#8221; pi\u00f3rem Romana \u0141unkina. Analizuje on blisko\u015b\u0107 poszczeg\u00f3lnych tradycjonalistycznych si\u0142 w Europie z ideologi\u0105 Moskwy. Polska prawica by\u0142aby ca\u0142kiem-ca\u0142kiem pod wzgl\u0119dem ideowym, ale zawsze b\u0119dzie problem z antyrosyjskim idiomem polskiej polityki. Le Pen jest jednak mimo swego konserwatyzmu zbyt laicka. Wychodzi na to, \u017ce najbli\u017cszy sercu Rosji jest Viktor Orb\u00e1n. Podsumowuj\u0105c, wobec naszej prawicy mo\u017cna u\u017cy\u0107 dialektycznej formu\u0142y, \u017ce subiektywnie jest antyrosyjska, obiektywnie jednak wspomaga antyzachodni\u0105 i antyeuropejsk\u0105 polityk\u0119 Rosji, legitymizuj\u0105c jej ideologiczne za\u0142o\u017cenia.<\/p>\n\n\n\n<p>W przypadku W\u0119gier i Orb\u00e1na polityczna tre\u015b\u0107 jest zgodna z kulturow\u0105 form\u0105, na dodatek w\u0119gierski premier w niedawnych wyborach uzyska\u0142 niekwestionowany mandat wynikaj\u0105cy z poparcia zdecydowanej wi\u0119kszo\u015bci wyborc\u00f3w. Jaros\u0142aw Kaczy\u0144ski i jego akolici maj\u0105 ten problem, \u017ce m\u00f3wi\u0105 w imieniu mniejszo\u015bci spo\u0142ecze\u0144stwa, a rzeczywista polityka rozje\u017cd\u017ca si\u0119 im z ideologicznymi fantazjami. Przyzna\u0142 to zreszt\u0105 z \u017calem prezes PiS, narzekaj\u0105c, \u017ce najbli\u017cszy sojusznik Polski, Wielka Brytania, jest w awangardzie antykultury i antycywilizacji. Podobnie USA za rz\u0105d\u00f3w Joe Bidena.<\/p>\n\n\n\n<p>Wylewaj\u0105c te \u017cale, Jaros\u0142aw Kaczy\u0144ski przyzna\u0142, \u017ce nawet je\u015bli we\u017amie si\u0119 pod r\u0119ce z Orb\u00e1nem i Salvinim, a wspiera\u0107 ich b\u0119d\u0105 my\u015bl\u0105 Zdzis\u0142aw Krasnod\u0119bski, Ryszard Legutko i Bronis\u0142aw Wildstein, to i tak b\u0119d\u0105 miota\u0107 si\u0119 na marginesie \u017cycia politycznego, kulturalnego i intelektualnego, w jakim zanurzona jest wi\u0119kszo\u015b\u0107 mieszka\u0144c\u00f3w Zachodu, Europy, a wi\u0119c i Polski. Pozostaje nadzieja, \u017ce ten dysonans uda si\u0119 rozwi\u0105za\u0107 podczas najbli\u017cszych wybor\u00f3w.<\/p>\n","protected":false},"excerpt":{"rendered":"<p>Jaros\u0142aw Kaczy\u0144ski zobaczy\u0142 33 lata temu Wiede\u0144, a to co widzia\u0142 jeszcze dzi\u015b budzi zgorszenie. I doda\u0142 podczas debaty na Forum w Ekonomicznym w Karpaczu, \u017ce od samego pocz\u0105tku on wraz ze swoim \u015brodowiskiem czuli obco\u015b\u0107 kulturow\u0105 Zachodu. Pewno z wzajemno\u015bci\u0105. <\/p>\n","protected":false},"author":1,"featured_media":6075,"comment_status":"closed","ping_status":"closed","sticky":false,"template":"","format":"standard","meta":{"footnotes":""},"categories":[56,24,49,120,8,258,9,294,50,165],"tags":[],"_links":{"self":[{"href":"https:\/\/blog.polityka.pl\/antymatrix\/wp-json\/wp\/v2\/posts\/6067"}],"collection":[{"href":"https:\/\/blog.polityka.pl\/antymatrix\/wp-json\/wp\/v2\/posts"}],"about":[{"href":"https:\/\/blog.polityka.pl\/antymatrix\/wp-json\/wp\/v2\/types\/post"}],"author":[{"embeddable":true,"href":"https:\/\/blog.polityka.pl\/antymatrix\/wp-json\/wp\/v2\/users\/1"}],"replies":[{"embeddable":true,"href":"https:\/\/blog.polityka.pl\/antymatrix\/wp-json\/wp\/v2\/comments?post=6067"}],"version-history":[{"count":4,"href":"https:\/\/blog.polityka.pl\/antymatrix\/wp-json\/wp\/v2\/posts\/6067\/revisions"}],"predecessor-version":[{"id":6074,"href":"https:\/\/blog.polityka.pl\/antymatrix\/wp-json\/wp\/v2\/posts\/6067\/revisions\/6074"}],"wp:featuredmedia":[{"embeddable":true,"href":"https:\/\/blog.polityka.pl\/antymatrix\/wp-json\/wp\/v2\/media\/6075"}],"wp:attachment":[{"href":"https:\/\/blog.polityka.pl\/antymatrix\/wp-json\/wp\/v2\/media?parent=6067"}],"wp:term":[{"taxonomy":"category","embeddable":true,"href":"https:\/\/blog.polityka.pl\/antymatrix\/wp-json\/wp\/v2\/categories?post=6067"},{"taxonomy":"post_tag","embeddable":true,"href":"https:\/\/blog.polityka.pl\/antymatrix\/wp-json\/wp\/v2\/tags?post=6067"}],"curies":[{"name":"wp","href":"https:\/\/api.w.org\/{rel}","templated":true}]}}