
{"id":6130,"date":"2022-10-24T08:30:12","date_gmt":"2022-10-24T06:30:12","guid":{"rendered":"http:\/\/antymatrix.blog.polityka.pl\/?p=6130"},"modified":"2022-10-24T10:59:42","modified_gmt":"2022-10-24T08:59:42","slug":"powrot-planowania","status":"publish","type":"post","link":"https:\/\/blog.polityka.pl\/antymatrix\/2022\/10\/24\/powrot-planowania\/","title":{"rendered":"Francja b\u0119dzie klimatycznie neutralna"},"content":{"rendered":"\n<p>Francja wraca do planowania. Elisabeth Borne og\u0142osi\u0142a program &#8222;Francja &#8211; zielony nar\u00f3d&#8221;, kt\u00f3rego celem jest &#8222;generalna mobilizacja nie tylko pa\u0144stwa ale tak\u017ce przedsi\u0119biorstw, wsp\u00f3lnot lokalnych i gospodarstw domowych.&#8221; Szefowa francuskiego rz\u0105du wskaza\u0142a sze\u015b\u0107 osi i 22 wielkie &#8222;budowy&#8221;, kt\u00f3re maj\u0105 doprowadzi\u0107, \u017ce w 2030 r. Francja zmniejszy emisje o 55%, a do 2050 r. stanie si\u0119 neutralna klimatycznie.<\/p>\n\n\n\n<!--more-->\n\n\n\n<p>Planowanie ekologiczne by\u0142o od lat has\u0142em Jean-Luc M\u00e9lenchona, kt\u00f3ry dekad\u0119 temu stwierdzi\u0142, \u017ce dobrym sposobem na o\u017cywienie radykalnego lewicowego projektu jest dodanie do niego &#8222;zielonej regu\u0142y&#8221; i po\u0142\u0105czenie walki o sprawiedliwo\u015b\u0107 spo\u0142eczn\u0105 z trosk\u0105 o \u015brodowisko. Taka strategia przynios\u0142a niez\u0142e efekty podczas ostatnich wybor\u00f3w prezydenckich, M\u00e9lenchon o w\u0142os tylko przegra\u0142 w I rundzie z Marine Le Pen. <\/p>\n\n\n\n<p>Emmanuel Macron wyci\u0105gn\u0105\u0142 szybko wnioski z wynik\u00f3w kandydata &#8222;Francji nieuleg\u0142ej&#8221; i szybko zazieleni\u0142 swoj\u0105 kampani\u0119, by\u00a0zwi\u0119kszy\u0107 sw\u0105 atrakcyjno\u015b\u0107 dla elektoratu proekologicznego oraz g\u0142osuj\u0105cych w I turze na M\u00e9lenchona. Podczas s\u0142ynnego ju\u017c przem\u00f3wienia w Marsylii 16 kwietnia zapowiedzia\u0142 przyspieszenie zielonej zmiany, czemu ma s\u0142u\u017cy\u0107 nic innego, jak planowanie ekologiczne. <\/p>\n\n\n\n<p>W wymiarze politycznym odpowiedzialno\u015b\u0107 za nie ponosi\u0107 ma premier, bo zielona transformacja ma by\u0107 wyzwaniem horyzontalnym, ca\u0142ego rz\u0105du a nie wyspecjalizowanego resortu. W zadaniu tym pomaga\u0107 b\u0119dzie Sekretariat generalny ds. planowania ekologicznego. Planowanie za\u015b jest potrzebne, \u017ceby przyspieszy\u0107 proces transformacji &#8211; jak m\u00f3wi\u0142a premierka Francji, w osiem lat trzeba zrobi\u0107 tyle, ile zdzia\u0142ano w ci\u0105gu 32. To za\u015b si\u0119 uda, je\u015bli do roboty wezm\u0105 si\u0119 wszyscy aktorzy: rz\u0105d, spo\u0142ecze\u0144stwo obywatelskie, wsp\u00f3lnoty lokalne, przedsi\u0119biorstwa i b\u0119d\u0105 dzia\u0142a\u0107 w spos\u00f3b skoordynowany.<\/p>\n\n\n\n<p>Nie chodzi wszak\u017ce o zarz\u0105dzanie nakazowo-rozdzielcze znane z kraj\u00f3w realnego socjalizmu, tylko uczestnicz\u0105ce, anga\u017cuj\u0105ce wszystkie podmioty. To wszystko po to, \u017ceby zmniejszy\u0107 emisje gaz\u00f3w cieplarnianych o 55% do roku 2030 i uzyska\u0107 neutralno\u015b\u0107 klimatyczn\u0105 w 2050. Ponadto chodzi o adaptacj\u0119 do konsekwencji zmian klimatycznych, odnow\u0119 bior\u00f3\u017cnorodno\u015bci, zmniejszenie wykorzystania zasob\u00f3w naturalnych do zr\u00f3wnowa\u017conego poziomu i zmniejszenie zanieczyszcze\u0144 \u015brodowiska.<\/p>\n\n\n\n<p>Program &#8222;Zielonego narodu&#8221; wyznacza sze\u015b\u0107\u00a0osi: lepiej si\u0119 przemieszcza\u0107; lepiej chroni\u0107 ekosystemy; lepiej si\u0119 od\u017cywia\u0107; lepiej wytwarza\u0107; lepiej mieszka\u0107 i lepiej konsumowa\u0107. Osi z kolei przek\u0142adaj\u0105\u00a0si\u0119 na 22 &#8222;wielkie budowy&#8221;, m.in. dekarbonizacj\u0119\u00a0przemys\u0142u, termomodernizacj\u0119  budynk\u00f3w, wytwarzanie energii w spos\u00f3b niskoemisyjny.<\/p>\n\n\n\n<figure class=\"wp-block-image\"><img loading=\"lazy\" decoding=\"async\" width=\"1024\" height=\"575\" src=\"\/wp-content\/uploads\/2022\/10\/Zrzut-ekranu-2022-10-23-o-20.27.36-1024x575.png\" alt=\"\" class=\"wp-image-6141\" srcset=\"\/antymatrix\/wp-content\/uploads\/2022\/10\/Zrzut-ekranu-2022-10-23-o-20.27.36-1024x575.png 1024w, \/antymatrix\/wp-content\/uploads\/2022\/10\/Zrzut-ekranu-2022-10-23-o-20.27.36-300x168.png 300w, \/antymatrix\/wp-content\/uploads\/2022\/10\/Zrzut-ekranu-2022-10-23-o-20.27.36-768x431.png 768w, \/antymatrix\/wp-content\/uploads\/2022\/10\/Zrzut-ekranu-2022-10-23-o-20.27.36.png 1996w\" sizes=\"(max-width: 1024px) 100vw, 1024px\" \/><\/figure>\n\n\n\n<p>Program &#8222;Francja zielony nar\u00f3d&#8221; ci\u0105gle jest do\u015b\u0107 og\u00f3lnikowy, to raczej wyraz woli politycznej i zarys rzeczywistego planu, kt\u00f3ry ma powstawa\u0107 w najbli\u017cszych miesi\u0105cach. W ciekawy spos\u00f3b ilustruje ewolucj\u0119 francuskiego systemu politycznego i jego  &#8222;zazielenianie&#8221;. Inaczej ni\u017c w Niemczech niewielk\u0105 rol\u0119 odgrywa we Francji formacja zielonych, zupe\u0142nie zmarginalizowana w czasie wybor\u00f3w prezydenckich i p\u00f3\u017aniejszych parlamentarnych.<\/p>\n\n\n\n<p>Tematyk\u0119 ekologiczn\u0105 przej\u0105\u0142 skutecznie Jean-Luc M\u00e9lenchon rekonstruuj\u0105c program lewicy, czy zmusi\u0142 do &#8222;zielonej&#8221;rekacji Emmanuela Macrona. Ciekawie o tym pisz\u0105 Mi\u0142osz Tatara i Olivier Schneider, autorzy analizy <a rel=\"noreferrer noopener\" aria-label=\"&quot;Ekologia we francuskich wyborach 2022 roku (opens in a new tab)\" href=\"https:\/\/www.batory.org.pl\/publikacja\/ekologia-we-francuskich-wyborach-2022-roku\/\" target=\"_blank\"><strong>&#8222;Ekologia we francuskich wyborach 2022 roku<\/strong><\/a>&#8221; opublikowanej przez Fundacj\u0119\u00a0Batorego. <\/p>\n\n\n\n<p>Pomys\u0142 planowania ekologicznego w kontek\u015bcie francuskim te\u017c nie jest a\u017c taki nowatorski, wszak od 1946 do 2006 r. istnia\u0142 Komisariat Generalny ds. Planu, potem zast\u0105piony przez Centrum Analiz Strategicznych. W 2020 r. powsta\u0142o we francuskim rz\u0105dzie stanowisko Wysokiego Komisarza ds. Planu, kt\u00f3re obj\u0105\u0142 Fran\u00e7ois Bayrou. Sekretariat ds. planowania ekologicznego jednak mu nie podlega, tylko jak wspomnia\u0142em, jest cz\u0119\u015bci\u0105 administracji premier rz\u0105du.<\/p>\n\n\n\n<figure class=\"wp-block-embed-youtube wp-block-embed is-type-video is-provider-youtube wp-embed-aspect-16-9 wp-has-aspect-ratio\"><div class=\"wp-block-embed__wrapper\">\n<iframe loading=\"lazy\" title=\"Planification \u00e9cologique : d\u00e9claration d\u2019\u00c9lisabeth Borne depuis La Recyclerie \u00e0 Paris\" width=\"1778\" height=\"1000\" src=\"https:\/\/www.youtube.com\/embed\/djOxciR1FVU?feature=oembed\" frameborder=\"0\" allow=\"accelerometer; autoplay; clipboard-write; encrypted-media; gyroscope; picture-in-picture\" allowfullscreen><\/iframe>\n<\/div><\/figure>\n","protected":false},"excerpt":{"rendered":"<p>Francja wraca do planowania. Elisabeth Borne og\u0142osi\u0142a program &#8222;Francja &#8211; zielony nar\u00f3d&#8221;, kt\u00f3rego celem jest &#8222;generalna mobilizacja nie tylko pa\u0144stwa ale tak\u017ce przedsi\u0119biorstw, wsp\u00f3lnot lokalnych i gospodarstw domowych.&#8221; Szefowa francuskiego rz\u0105du wskaza\u0142a sze\u015b\u0107 osi i 22 wielkie &#8222;budowy&#8221;, kt\u00f3re maj\u0105 doprowadzi\u0107, \u017ce w 2030 r. Francja zmniejszy emisje o 55%, a do 2050 r. stanie si\u0119 neutralna klimatycznie.<\/p>\n","protected":false},"author":1,"featured_media":6140,"comment_status":"closed","ping_status":"closed","sticky":false,"template":"","format":"standard","meta":{"footnotes":""},"categories":[1,45,96,114,6],"tags":[245,545,546,547],"_links":{"self":[{"href":"https:\/\/blog.polityka.pl\/antymatrix\/wp-json\/wp\/v2\/posts\/6130"}],"collection":[{"href":"https:\/\/blog.polityka.pl\/antymatrix\/wp-json\/wp\/v2\/posts"}],"about":[{"href":"https:\/\/blog.polityka.pl\/antymatrix\/wp-json\/wp\/v2\/types\/post"}],"author":[{"embeddable":true,"href":"https:\/\/blog.polityka.pl\/antymatrix\/wp-json\/wp\/v2\/users\/1"}],"replies":[{"embeddable":true,"href":"https:\/\/blog.polityka.pl\/antymatrix\/wp-json\/wp\/v2\/comments?post=6130"}],"version-history":[{"count":4,"href":"https:\/\/blog.polityka.pl\/antymatrix\/wp-json\/wp\/v2\/posts\/6130\/revisions"}],"predecessor-version":[{"id":6147,"href":"https:\/\/blog.polityka.pl\/antymatrix\/wp-json\/wp\/v2\/posts\/6130\/revisions\/6147"}],"wp:featuredmedia":[{"embeddable":true,"href":"https:\/\/blog.polityka.pl\/antymatrix\/wp-json\/wp\/v2\/media\/6140"}],"wp:attachment":[{"href":"https:\/\/blog.polityka.pl\/antymatrix\/wp-json\/wp\/v2\/media?parent=6130"}],"wp:term":[{"taxonomy":"category","embeddable":true,"href":"https:\/\/blog.polityka.pl\/antymatrix\/wp-json\/wp\/v2\/categories?post=6130"},{"taxonomy":"post_tag","embeddable":true,"href":"https:\/\/blog.polityka.pl\/antymatrix\/wp-json\/wp\/v2\/tags?post=6130"}],"curies":[{"name":"wp","href":"https:\/\/api.w.org\/{rel}","templated":true}]}}