
{"id":6131,"date":"2022-10-23T12:20:25","date_gmt":"2022-10-23T10:20:25","guid":{"rendered":"http:\/\/antymatrix.blog.polityka.pl\/?p=6131"},"modified":"2022-10-23T19:58:10","modified_gmt":"2022-10-23T17:58:10","slug":"6131","status":"publish","type":"post","link":"https:\/\/blog.polityka.pl\/antymatrix\/2022\/10\/23\/6131\/","title":{"rendered":"Obywatelska narada w sprawie energii"},"content":{"rendered":"\n<p>Ruszy\u0142 <strong><a rel=\"noreferrer noopener\" aria-label=\"Og\u00f3lnopolski panel obywatelski o kosztach energii. (opens in a new tab)\" href=\"https:\/\/naradaoenergii.pl\/\" target=\"_blank\">og\u00f3lnopolski panel obywatelski o kosztach energii<\/a><\/strong>. W sobot\u0119 22 pa\u017adziernika w Centrum Nauki Kopernik odby\u0142o si\u0119 spotkanie inauguracyjne, na kt\u00f3re przyjechali paneli\u015bci i panelistki. Setka os\u00f3b wybranych losowo z ca\u0142ego kraju w taki spos\u00f3b, by ich sk\u0142ad jak najbardziej reprezentatywnie odzwierciedla\u0142 struktur\u0119 polskiego spo\u0142ecze\u0144stwa.<\/p>\n\n\n\n<!--more-->\n\n\n\n<p>Kiedy Fundacja Stocznia zacz\u0119\u0142a przymierza\u0107 si\u0119 do tego przedsi\u0119wzi\u0119cia, nikt jeszcze nie przewidywa\u0142 rosyjskiej agresji na Ukrain\u0119 ani kryzysu energetycznego, jaki rozpocz\u0105\u0142 si\u0119 ju\u017c jesieni\u0105 2021 r. i pod wp\u0142ywem wojny nasili\u0142.<\/p>\n\n\n\n<p>Pierwotnie chodzi\u0142o o zaj\u0119cie si\u0119\u00a0tematem, kt\u00f3ry mo\u017cna jasno sformu\u0142owa\u0107 i dotyczy konkretnego problemu spo\u0142ecznego. Takiego jednak problemu, kt\u00f3rego nie da si\u0119 za\u0142atwi\u0107 prostymi dzia\u0142aniami w\u0142adzy publicznej, bo wymaga szerokiej wiedzy nie tylko eksperckiej, ale i spo\u0142ecznej. Przed laty takim problemem okaza\u0142a si\u0119 czysto\u015b\u0107\u00a0powietrza &#8211; walka ze smogiem wymaga\u0142a stosowania lokalnych rozwi\u0105za\u0144, bo inne s\u0105 przyczyny i struktura problemu w Krakowie, inne w Warszawie, a inne jeszcze w \u017bywcu.<\/p>\n\n\n\n<p>Problem koszt\u00f3w energii i zwi\u0105zanego z nim ub\u00f3stwa energetycznego jeszcze przed kryzysem dotyka\u0142 ok. 15 proc. mieszka\u0144c\u00f3w Polski. W tej chwili brakuje dok\u0142adnych danych, nie wiadomo te\u017c, jak rozwinie si\u0119 sytuacja, ale dost\u0119p do energii i ciep\u0142a niepokoi dzi\u015b chyba wszystkich. I niemniej niepokoj\u0105 chaotyczne dzia\u0142ania w\u0142adz publicznych, zw\u0142aszcza rz\u0105du.<\/p>\n\n\n\n<p>Panel oczywi\u015bcie nie rozwi\u0105\u017ce problemu &#8211; jego celem jest deliberacja nad rozwi\u0105zaniami, jakie podpowiada\u0107 i wyja\u015bnia\u0107 b\u0119d\u0105 eksperci. Jak pisz\u0105 organizatorzy w podr\u0119czniku wspieraj\u0105cym przedsi\u0119wzi\u0119cie:<\/p>\n\n\n\n<blockquote class=\"wp-block-quote is-layout-flow wp-block-quote-is-layout-flow\"><p>&#8230;nasz panel obywatelski nie zast\u0119puje instytucji, kt\u00f3rych zadaniem jest podejmowanie decyzji i rozwi\u0105zywanie problem\u00f3w. Nie podejmuje on wi\u0105\u017c\u0105cej decyzji dla w\u0142adzy wykonawczej, ale wskazuje kierunek, jaki powinna obra\u0107 polityka tych w\u0142adz. Jest wi\u0119c swego rodzaju g\u0142osem opinii publicznej na temat pal\u0105cego obecnie problemu, jakim jest ub\u00f3stwo energetyczne.<\/p><\/blockquote>\n\n\n\n<p>Weekend inauguruj\u0105cy panel uczestnicy po\u015bwi\u0119c\u0105 na edukacj\u0119, na pocz\u0105tku listopada spotkaj\u0105 si\u0119 ponownie, by deliberowa\u0107. 16 listopada odb\u0119dzie si\u0119\u00a0g\u0142osowanie nad rekomendacjami maj\u0105cymi odpowiada\u0107 na problem koszt\u00f3w energii i ub\u00f3stwa energetycznego. Kryzys nie sko\u0144czy si\u0119\u00a0wiosn\u0105, eksperci nie maj\u0105\u00a0w\u0105tpliwo\u015bci, \u017ce kolejna zima nie b\u0119dzie wiele \u0142atwiejsza. Wi\u0119c dobrze uzbroi\u0107 si\u0119 w przemy\u015blane propozycje rozwi\u0105za\u0144. Jeszcze lepiej by\u0142oby z tych rozwi\u0105za\u0144 skorzysta\u0107.<\/p>\n\n\n\n<p>Panele obywatelskie nie s\u0105 w Polsce nowo\u015bci\u0105, po t\u0119 metod\u0119 deliberacji si\u0119gn\u0105\u0142 jako pierwszy Gda\u0144sk, potem Lublin, Wroc\u0142aw, Warszawa. Po raz pierwszy jednak mo\u017cemy przygl\u0105da\u0107 si\u0119 panelowi og\u00f3lnopolskiemu. Inauguracja wygl\u0105da\u0142a obiecuj\u0105co, pierwsze spotkania z ekspertami, energia uczestnik\u00f3w i uczestniczek dobrze rokuj\u0105.<\/p>\n\n\n\n<p>Warto przyjrze\u0107 si\u0119 do\u015bwiadczeniom innych kraj\u00f3w. Irlandia si\u0119ga\u0142a po metod\u0119 panelu, by przygotowa\u0107 referenda w sprawie aborcji i zwi\u0105zk\u00f3w jednop\u0142ciowych. Deliberacja poprzedzaj\u0105ca referendum s\u0142u\u017cy\u0142a depolaryzacji debaty poprzez jej poszerzenie i oparcie na wi\u0119kszych zestawach argument\u00f3w ni\u017c sprowadzaj\u0105cych si\u0119 do prostego wyboru &#8222;za&#8221; lub &#8222;przeciw&#8221;.<\/p>\n\n\n\n<p>Francuski panel w sprawie klimatu opisywa\u0142em, przyni\u00f3s\u0142 on bardzo ciekawe wyniki merytoryczne. Niestety, zako\u0144czy\u0142 si\u0119 te\u017c rozczarowaniem wielu uczestnik\u00f3w, gdy okaza\u0142o si\u0119, \u017ce mimo zapewnie\u0144 prezydenta Emmanuela Macrona rz\u0105dz\u0105cy politycy nie maj\u0105 wcale zamiaru tak ch\u0119tnie wdra\u017ca\u0107 wypracowane spo\u0142ecznie rekomendacje. Mimo to Francja szykuje si\u0119 do kolejnego panelu, tym razem tematem b\u0119dzie kwestia eutanazji.<\/p>\n\n\n\n<p>Trudno w tej chwili przewidywa\u0107 wyniki polskiego panelu, jeszcze trudniej ich recepcj\u0119. Warto zrobi\u0107 wszystko, \u017ceby wybrzmia\u0142y w debacie publicznej, nawet je\u015bli nie b\u0119d\u0105 wygodne dla polityk\u00f3w.<\/p>\n\n\n\n<p>Relacj\u0119 z panelu mo\u017cna ogl\u0105da\u0107 na YouTubie:<\/p>\n\n\n\n<figure class=\"wp-block-embed-youtube wp-block-embed is-type-video is-provider-youtube wp-embed-aspect-16-9 wp-has-aspect-ratio\"><div class=\"wp-block-embed__wrapper\">\n<iframe loading=\"lazy\" title=\"Og\u00f3lnopolski panel obywatelski o kosztach energii  - cz\u0119\u015b\u0107 edukacyjna \/ dzie\u0144 1\" width=\"1778\" height=\"1000\" src=\"https:\/\/www.youtube.com\/embed\/sONBYUZZCD0?feature=oembed\" frameborder=\"0\" allow=\"accelerometer; autoplay; clipboard-write; encrypted-media; gyroscope; picture-in-picture\" allowfullscreen><\/iframe>\n<\/div><\/figure>\n","protected":false},"excerpt":{"rendered":"<p>Ruszy\u0142 Og\u00f3lnopolski panel obywatelski o kosztach energii. W sobot\u0119 22 pa\u017adziernika w Centrum Nauki Kopernik odby\u0142o si\u0119 spotkanie inauguracyjne, na kt\u00f3re przyjechali paneli\u015bci i panelistki. Setka os\u00f3b wybranych losowo z ca\u0142ego kraju w taki spos\u00f3b, by ich sk\u0142ad jak najbardziej reprezentatywnie odzwierciedla\u0142 struktur\u0119 polskiego spo\u0142ecze\u0144stwa.  <\/p>\n","protected":false},"author":1,"featured_media":6134,"comment_status":"closed","ping_status":"closed","sticky":false,"template":"","format":"standard","meta":{"footnotes":""},"categories":[98,187,120,73,294],"tags":[544,466,398,542,543],"_links":{"self":[{"href":"https:\/\/blog.polityka.pl\/antymatrix\/wp-json\/wp\/v2\/posts\/6131"}],"collection":[{"href":"https:\/\/blog.polityka.pl\/antymatrix\/wp-json\/wp\/v2\/posts"}],"about":[{"href":"https:\/\/blog.polityka.pl\/antymatrix\/wp-json\/wp\/v2\/types\/post"}],"author":[{"embeddable":true,"href":"https:\/\/blog.polityka.pl\/antymatrix\/wp-json\/wp\/v2\/users\/1"}],"replies":[{"embeddable":true,"href":"https:\/\/blog.polityka.pl\/antymatrix\/wp-json\/wp\/v2\/comments?post=6131"}],"version-history":[{"count":5,"href":"https:\/\/blog.polityka.pl\/antymatrix\/wp-json\/wp\/v2\/posts\/6131\/revisions"}],"predecessor-version":[{"id":6139,"href":"https:\/\/blog.polityka.pl\/antymatrix\/wp-json\/wp\/v2\/posts\/6131\/revisions\/6139"}],"wp:featuredmedia":[{"embeddable":true,"href":"https:\/\/blog.polityka.pl\/antymatrix\/wp-json\/wp\/v2\/media\/6134"}],"wp:attachment":[{"href":"https:\/\/blog.polityka.pl\/antymatrix\/wp-json\/wp\/v2\/media?parent=6131"}],"wp:term":[{"taxonomy":"category","embeddable":true,"href":"https:\/\/blog.polityka.pl\/antymatrix\/wp-json\/wp\/v2\/categories?post=6131"},{"taxonomy":"post_tag","embeddable":true,"href":"https:\/\/blog.polityka.pl\/antymatrix\/wp-json\/wp\/v2\/tags?post=6131"}],"curies":[{"name":"wp","href":"https:\/\/api.w.org\/{rel}","templated":true}]}}