
{"id":6163,"date":"2022-11-29T14:01:16","date_gmt":"2022-11-29T13:01:16","guid":{"rendered":"http:\/\/antymatrix.blog.polityka.pl\/?p=6163"},"modified":"2022-11-29T16:30:14","modified_gmt":"2022-11-29T15:30:14","slug":"imperium-zdechlo","status":"publish","type":"post","link":"https:\/\/blog.polityka.pl\/antymatrix\/2022\/11\/29\/imperium-zdechlo\/","title":{"rendered":"Imperium zdech\u0142o"},"content":{"rendered":"\n<p>Imperium zdech\u0142o 24 lutego, przekonuj\u0105 ukrai\u0144skie artystki i arty\u015bci, kt\u00f3rych prace mo\u017cna obejrze\u0107 w lubelskiej Galerii Labirynt. Wojna jest straszna, ale przysz\u0142o\u015b\u0107 nale\u017cy do nas &#8211; m\u00f3wili podczas dyskusji o Ukrainie, wojnie, sztuce i przysz\u0142o\u015bci.<\/p>\n\n\n\n<!--more-->\n\n\n\n<p>Od pocz\u0105tku rosyjskiej agresji na Ukrain\u0119\u00a0mam problem z badaniami opisuj\u0105cymi ukrai\u0144skie spo\u0142ecze\u0144stwo. Zaskakuje niezwyk\u0142a wiara w przysz\u0142o\u015b\u0107 i przekonanie, \u017ce sprawy id\u0105 w dobrym kierunku. Tak regularnie twierdzi ponad 80 proc. respondent\u00f3w sonda\u017cy realizowanych przez Rating Group. W badaniach opublikowanych 28 listopada przez <a rel=\"noreferrer noopener\" aria-label=\"Centrum Razumkowa (opens in a new tab)\" href=\"https:\/\/razumkov.org.ua\/napriamky\/sotsiologichni-doslidzhennia\/otsinka-gromadianamy-sytuatsii-v-kraini-dovira-do-sotsialnykh-instytutiv-politykoideologichni-oriientatsii-gromadian-ukrainy-v-umovakh-rosiiskoi-agresii-veresen-zhovten-2022r\" target=\"_blank\"><strong>Centrum Razumkowa<\/strong><\/a> odsetek uwa\u017caj\u0105cych, \u017ce sprawy id\u0105 w dobr\u0105 stron\u0119, tak\u017ce przekracza po\u0142ow\u0119.<\/p>\n\n\n\n<p>Ten optymizm dobrze koreluje z przekonaniem \u017cywionym przez 90 proc. ankietowanych, \u017ce Ukraina t\u0119 wojn\u0119 wygra. Dla 55 proc. warunkiem pokoju jest odepchni\u0119cie agresora poza granice z 2014 r. Badania Centrum Razumkowa ujawniaj\u0105 tak\u017ce wiele innych ciekawych informacji o ukrai\u0144skim spo\u0142ecze\u0144stwie po dziewi\u0119ciu miesi\u0105cach wojny.<\/p>\n\n\n\n<p>Z najwa\u017cniejszych to rekordowo wysokie poparcie dla demokracji jako najbardziej po\u017c\u0105danego ustroju pa\u0144stwa &#8211; twierdzi tak 68 proc., odsetek wybieraj\u0105cych autorytaryzm te\u017c spad\u0142 do rekordowo niskiego poziomu 11,5 proc. Na podobne pytanie, jaki system polityczny jest dobry dla ich kraju, 90 proc. odpowiedzia\u0142o, wskazuj\u0105c demokracj\u0119. Mimo wojny 69 proc. odrzuca mo\u017cliwo\u015b\u0107 w\u0142adzy sprawowanej przez wojskowych.<\/p>\n\n\n\n<p>Je\u015bli chodzi o model rozwoju, 70 proc. wskazuje na europejski, tylko 1 proc. na rosyjski. A maj\u0105c do wyboru wolno\u015b\u0107 i r\u00f3wno\u015b\u0107, 71 proc. wybiera wolno\u015b\u0107, 28 proc. r\u00f3wno\u015b\u0107. Alternatywa wolno\u015b\u0107 i bezpiecze\u0144stwo odsuwa wolno\u015b\u0107 na drugi plan, wolno\u015b\u0107 zyskuje 44 proc. zwolennik\u00f3w, bezpiecze\u0144stwo &#8211; 56 proc.<\/p>\n\n\n\n<p>Ci\u0105gle na wysokim poziomie utrzymuje si\u0119 zaufanie do instytucji publicznych. Armia cieszy si\u0119 zaufaniem 96 proc. spo\u0142ecze\u0144stwa, prezydent ponad 80 proc., organizacje humanitarne i dobroczynne &#8211; blisko 80 proc. To szybki przegl\u0105d znacznie obszerniejszych bada\u0144. Odwo\u0142uj\u0119 si\u0119 do nich w kontek\u015bcie wystaw <a rel=\"noreferrer noopener\" aria-label=\"&quot;\u015ani\u0142y mi si\u0119 bestie&quot; (opens in a new tab)\" href=\"https:\/\/labirynt.com\/2022\/11\/07\/snily-mi-sie-bestie\/\" target=\"_blank\"><strong>&#8222;\u015ani\u0142y mi si\u0119 bestie&#8221;<\/strong><\/a> Kateryny Iakovlenko i Halyny Hleby oraz <a rel=\"noreferrer noopener\" aria-label=\"&quot;Powtarzajcie za mn\u0105&quot; (opens in a new tab)\" href=\"https:\/\/labirynt.com\/2022\/11\/08\/open-group-powtarzajcie-za-mna\/\" target=\"_blank\"><strong>&#8222;Powtarzajcie za mn\u0105&#8221;<\/strong><\/a> Open Group, kt\u00f3r\u0105 reprezentowa\u0142 Yuriy Biley, otwartych w lubelskiej Galerii Labirynt.<\/p>\n\n\n\n<p>Podczas dyskusji z artystkami pyta\u0142em, jak zrozumie\u0107 dysonans mi\u0119dzy przekazem ich dzie\u0142 a nadziej\u0105 i optymizmem, jaki wybija z bada\u0144 socjologicznych prowadzonych od pocz\u0105tku wojny. Prace po\u015bwi\u0119cone wojnie &#8211; czy te pokazywane w Labiryncie, czy na zako\u0144czonej w\u0142a\u015bnie wystawie w Galerii Arsena\u0142 w Bia\u0142ymstoku &#8211; przedstawiaj\u0105 brutalno\u015b\u0107\u00a0i okrucie\u0144stwo wojny. \u015amier\u0107 i przemoc to ich nieusuwalny kontekst, a tak\u017ce przekonanie, \u017ce do\u015bwiadczenie wojny jest niewyra\u017calne, a wi\u0119c i niezrozumia\u0142e dla tych, kt\u00f3rzy go bezpo\u015brednio nie do\u015bwiadczaj\u0105.<\/p>\n\n\n\n<p>Pad\u0142a zaskakuj\u0105ca odpowied\u017a &#8211; przecie\u017c nasze prace s\u0105 pe\u0142ne nadziei, bije z has\u0142a &#8222;imperium zdech\u0142o&#8221;. Zdech\u0142o 24 lutego, gnij\u0105ce truch\u0142o zatruwa jeszcze \u015bwiat i ci\u0105gle budzi groz\u0119, ale nie zmienia to faktu, \u017ce nadej\u015bcie postimperialnego \u015bwiata jest pewne. I ten \u015bwiat ju\u017c w Ukrainie powstaje &#8211; poprzez codzienne praktykowanie nowych form \u017cycia razem, samoorganizacji, wspierania si\u0119, organizowania oporu, zaanga\u017cowania w walk\u0119 na froncie.<\/p>\n\n\n\n<p>Wtedy zrozumia\u0142em, \u017ce rzeczywi\u015bcie co\u015b w tym ukrai\u0144skim do\u015bwiadczeniu jest. Postimperialny \u015bwiat b\u0119dzie tak\u017ce \u015bwiatem postapokaliptycznym, Ukraina i ukrai\u0144skie spo\u0142ecze\u0144stwo, prze\u017cywaj\u0105c te wszystkie trudno\u015bci, pokazuje, jak \u017cy\u0107 w przysz\u0142o\u015bci po &#8222;ko\u0144cu obfito\u015bci&#8221;, w czasach trwa\u0142ego kryzysu energetycznego i sytuacji materialnych niedobor\u00f3w. Jak w takich warunkach zachowa\u0107 nadziej\u0119, wiar\u0119 w demokratyczne i liberalne warto\u015bci, wiar\u0119 w cz\u0142owiecze\u0144stwo, kt\u00f3rego wyrazem jest nie tylko stosunek do innych, do zmar\u0142ych, ale tak\u017ce do zwierz\u0105t. Troska o zwi\u0119rz\u0119ta ewakuowane razem z lud\u017ami sta\u0142a si\u0119 znakiem charakterystycznym tej wojny.<\/p>\n\n\n\n<p>Mam wra\u017cenie, \u017ce podczas tej dyskusji w ko\u0144cu zrozumia\u0142em to, o czym wielokrotnie ju\u017c m\u00f3wi\u0142em, lecz brakowa\u0142o odpowiednich obraz\u00f3w. To przekonanie, \u017ce najpierw rewolucja godno\u015bci, a potem wojna s\u0105 wi\u0119cej ni\u017c wydarzeniem historii lokalnej. W Ukrainie dzieje si\u0119 historia uniwersalna i kszta\u0142tuj\u0105 wzory \u017cycia spo\u0142ecznego przysz\u0142o\u015bci. Nie chodzi o spo\u0142ecze\u0144stwo idealne, jak\u0105\u015b utopi\u0119. Ukrainki i Ukrai\u0144cy walcz\u0105 z najbardziej brutaln\u0105\u00a0rzeczywisto\u015bci\u0105, kt\u00f3ra jest bezwzgl\u0119dnym kryterium oceny wszystkich ich dzia\u0142a\u0144.<\/p>\n\n\n\n<p>Nam na tzw. kolektywnym Zachodzie ci\u0105gle wydaje si\u0119, \u017ce to do\u015bwiadczenie nas nie dotyczy, oddzielili\u015bmy si\u0119\u00a0od niego granic\u0105 NATO. To jednak nie tak i nie chodzi o ryzyko rozlania wojny poza ukrai\u0144skie granice. Przed \u015bwiatem, jaki nadchodzi, \u017cadne granice nie ochroni\u0105.<\/p>\n","protected":false},"excerpt":{"rendered":"<p>Imperium zdech\u0142o 24 lutego, przekonuj\u0105 ukrai\u0144skie artystki i arty\u015bci, kt\u00f3rych prace mo\u017cna obejrze\u0107 w lubelskiej Galerii Labirynt. Wojna jest straszna ale przysz\u0142o\u015b\u0107 nale\u017cy do nas, m\u00f3wili podczas dyskusji o Ukrainie, wojnie, sztuce i przysz\u0142o\u015bci.<\/p>\n","protected":false},"author":1,"featured_media":6165,"comment_status":"closed","ping_status":"closed","sticky":false,"template":"","format":"standard","meta":{"footnotes":""},"categories":[1,56,6,44,78,50,167,70],"tags":[515,275,548,246,236,240,251],"_links":{"self":[{"href":"https:\/\/blog.polityka.pl\/antymatrix\/wp-json\/wp\/v2\/posts\/6163"}],"collection":[{"href":"https:\/\/blog.polityka.pl\/antymatrix\/wp-json\/wp\/v2\/posts"}],"about":[{"href":"https:\/\/blog.polityka.pl\/antymatrix\/wp-json\/wp\/v2\/types\/post"}],"author":[{"embeddable":true,"href":"https:\/\/blog.polityka.pl\/antymatrix\/wp-json\/wp\/v2\/users\/1"}],"replies":[{"embeddable":true,"href":"https:\/\/blog.polityka.pl\/antymatrix\/wp-json\/wp\/v2\/comments?post=6163"}],"version-history":[{"count":2,"href":"https:\/\/blog.polityka.pl\/antymatrix\/wp-json\/wp\/v2\/posts\/6163\/revisions"}],"predecessor-version":[{"id":6168,"href":"https:\/\/blog.polityka.pl\/antymatrix\/wp-json\/wp\/v2\/posts\/6163\/revisions\/6168"}],"wp:featuredmedia":[{"embeddable":true,"href":"https:\/\/blog.polityka.pl\/antymatrix\/wp-json\/wp\/v2\/media\/6165"}],"wp:attachment":[{"href":"https:\/\/blog.polityka.pl\/antymatrix\/wp-json\/wp\/v2\/media?parent=6163"}],"wp:term":[{"taxonomy":"category","embeddable":true,"href":"https:\/\/blog.polityka.pl\/antymatrix\/wp-json\/wp\/v2\/categories?post=6163"},{"taxonomy":"post_tag","embeddable":true,"href":"https:\/\/blog.polityka.pl\/antymatrix\/wp-json\/wp\/v2\/tags?post=6163"}],"curies":[{"name":"wp","href":"https:\/\/api.w.org\/{rel}","templated":true}]}}