
{"id":6292,"date":"2023-07-04T10:14:28","date_gmt":"2023-07-04T08:14:28","guid":{"rendered":"http:\/\/antymatrix.blog.polityka.pl\/?p=6292"},"modified":"2023-07-04T17:09:04","modified_gmt":"2023-07-04T15:09:04","slug":"francuskie-paradoksy","status":"publish","type":"post","link":"https:\/\/blog.polityka.pl\/antymatrix\/2023\/07\/04\/francuskie-paradoksy\/","title":{"rendered":"Francuskie paradoksy"},"content":{"rendered":"\n<p>Ogie\u0144 rewolty we Francji wygasa, policja informuje, \u017ce ju\u017c druga noc min\u0119\u0142a bez wi\u0119kszych incydent\u00f3w. Wiele wskazuje na to, \u017ce ju\u017c niebawem 13 lipca w stra\u017cackich remizach jak co roku odb\u0119d\u0105 si\u0119 bale ludowe, a dzie\u0144 p\u00f3\u017aniej \u015bwi\u0119to rewolucji odznaczy defilada wojskowa na Champs Elys\u00e9es, koncert i sztuczne ognie na Polach Marsowych.<\/p>\n\n\n\n<!--more-->\n\n\n\n<p>Republika jest jedna i niepodzielna, w jakiej jest jednak kondycji? Czy rzeczywi\u015bcie, jak lubi\u0105 fantazjowa\u0107 przedstawiciele polskiej prawicy, Francja upada pod naporem migrant\u00f3w i nieuchronnej &#8222;wielkiej wymiany&#8221;? Wszak koncepcj\u0119 t\u0119 sformu\u0142owa\u0142 Francuz Jean Raspail &#8211; jego &#8222;Ob\u00f3z \u015bwi\u0119tych&#8221; to ulubiona lektura Viktora Orb\u00e1na.<\/p>\n\n\n\n<p>Kto woli lepsz\u0105\u00a0literatur\u0119, mo\u017ce si\u0119gn\u0105\u0107 po Michela Houellebecqa, by potwierdzi\u0107 swoje przekonanie, \u017ce <em>douce France<\/em>, s\u0142odka Francja, si\u0119 ko\u0144czy. Najpoczytniejszy, a przynajmniej najbardziej znany francuski pisarz podbija reakcyjn\u0105 narracj\u0119 blisk\u0105 takim politykom jak Eric Zemmour i Marine Le Pen, cho\u0107\u00a0przecie\u017c przyja\u017ani si\u0119 tak\u017ce z Bruno Le Mairem, ministrem gospodarki i finans\u00f3w, a w wolnym czasie pisarzem. Le Maire jest nawet bohaterem najnowszej powie\u015bci Houellebecqa.<\/p>\n\n\n\n<p>Jak jest wi\u0119c z Francj\u0105? Szukanie odpowiedzi to ulubione zaj\u0119cie Francuz\u00f3w, narodu bardzo niezadowolonego ze swojego \u017cycia, s\u0142yn\u0105cego z wysokiego spo\u017cycia antydepresant\u00f3w i jednocze\u015bnie z kultu sztuki \u017cycia polegaj\u0105cego na r\u00f3wnowa\u017ceniu pracy i konwiwialno\u015bci, towarzysko\u015bci polegaj\u0105cej na wsp\u00f3lnym jedzeniu, uczestnictwie w kulturze i innych cielesnych przyjemno\u015bciach.<\/p>\n\n\n\n<p>Francuzi sp\u0119dzaj\u0105 dwie godziny 11 minut dziennie na jedzeniu, piciu i siedzeniu przy stole, rekord w\u015br\u00f3d kraj\u00f3w OECD (dane z 2018 r.). <em>Le repas gastronomique des Fran\u00e7ais<\/em>, czyli wystawny posi\u0142ek po\u0142\u0105czony z celebr\u0105, zosta\u0142 w 2010 r. wpisany na list\u0119 dziedzictwa kulturalnego UNESCO. Towarzysko\u015b\u0107 nie przeszkadza jednak Francuzom efektywnie pracowa\u0107 &#8211; produktywno\u015b\u0107 pracy ci\u0105gle plasuje ich w \u015bwiatowej czo\u0142\u00f3wce.<\/p>\n\n\n\n<p>Francja te\u017c mo\u017ce pochwali\u0107 si\u0119 firm\u0105 o najwy\u017cszej wycenie gie\u0142dowej w Europie &#8211; to koncern LVMH wart 430 mld euro. Zajmuje si\u0119 produkcj\u0105\u00a0i dystrybucj\u0105 d\u00f3br luksusowych, od torebek po szampana. Wida\u0107 Francuzi potrafi\u0105 zamieni\u0107 swoj\u0105 sztuk\u0119 \u017cycia w dobry biznes. Bernard Arnault, szef LVMH, dysponuje drug\u0105 po Elonie Musku fortun\u0105 na \u015bwiecie, czasami nawet go wyprzedza. Warto te\u017c doda\u0107, \u017ce Francja jest krajem najch\u0119tniej odwiedzanym przez turyst\u00f3w, zjecha\u0142o ich tam w 2022 r. 82,6 mln.<\/p>\n\n\n\n<p>O przywi\u0105zaniu Francuz\u00f3w do tradycyjnych form kultury ju\u017c pisa\u0142em, analizuj\u0105c fenomen niskiego czytelnictwa ksi\u0105\u017cek w Polsce. We Francji ci\u0105gle si\u0119 czyta na pot\u0119g\u0119, nawet przeci\u0119tny gimnazjalista czyta grubo ponad 20 ksi\u0105\u017cek rocznie. I masowo chodz\u0105 Francuzi do kina &#8211; w 2022 r. sprzeda\u0142o si\u0119 we Francji 152 mln bilet\u00f3w, sporo, ale do \u015bredniej przedcovidowej, czyli ponad 200 mln, jeszcze troch\u0119 brak (w Polsce w 2022 r. sprzeda\u0142o si\u0119 42,8 mln bilet\u00f3w).<\/p>\n\n\n\n<p>Jak te fragmenty opisu pogodzi\u0107 z tym, co w ostatnich dniach by\u0142o wida\u0107 na ulicach Francji po \u015bmierci Nahela, nastolatka zastrzelonego przez policjanta? Telewizyjne obrazy szokuj\u0105, liczby tak\u017ce &#8211; blisko 6 tys. podpalonych samochod\u00f3w, ponad tysi\u0105c budynk\u00f3w, ponad 10 tys. \u015bmietnik\u00f3w, ponad 700 rannych policjant\u00f3w i \u017candarm\u00f3w. Szokuj\u0105, czy jednak mog\u0105 dziwi\u0107? Wystarczy przypomnie\u0107 sobie film &#8222;N\u0119dznicy&#8221; Ladja Ly czy &#8222;Athena&#8221; Romaine Gavrasa.<\/p>\n\n\n\n<p>Kto ma wi\u0119cej zapa\u0142u, mo\u017ce si\u0119gn\u0105\u0107 po literatur\u0119 socjologiczn\u0105 &#8211; dobrze opisuje przemiany francuskiego spo\u0142ecze\u0144stwa i wynikaj\u0105ce st\u0105d napi\u0119cia oraz konflikty. Wiele z nich ujawni\u0142o si\u0119 z pe\u0142n\u0105 moc\u0105 podczas prezydentury Emmanuela Macrona &#8211; \u017c\u00f3\u0142te kamizelki, czyli bunt prowincji i pauperyzuj\u0105cej si\u0119 ni\u017cszej klasy \u015bredniej; protesty pracownicze przeciwko podwy\u017cce wieku emerytalnego; teraz bunt m\u0142odzie\u017cy pochodzenia imigranckiego przeciwko wykluczeniu.<\/p>\n\n\n\n<p>Do\u0142o\u017cy\u0107 jeszcze nale\u017cy nowe ruchy, zw\u0142aszcza inspirowane ekologi\u0105 z <em>Soul\u00e8vement de la terre<\/em> na czele. Ruch zosta\u0142 niedawno rozwi\u0105zany przez rz\u0105d za nadmierny radykalizm, <a rel=\"noreferrer noopener\" aria-label=\"pisa\u0142em o tym w Antymatriksie (opens in a new tab)\" href=\"https:\/\/antymatrix.blog.polityka.pl\/2023\/06\/22\/ekologia-przemoc-wladza\/\" target=\"_blank\"><strong>pisa\u0142em o tym w Antymatriksie<\/strong><\/a>. C\u00f3\u017c, Francja jako jedno z centr\u00f3w nowoczesnego \u015bwiata i kapitalizmu jest tak\u017ce miejscem, gdzie w pierwszej kolejno\u015bci ujawniaj\u0105 si\u0119 symptomy systemowego kryzysu, w jaki wsp\u00f3\u0142czesny kapitalizm osuwa si\u0119 od lat.<\/p>\n\n\n\n<p>Tyle \u017ce te uniwersalne symptomy zatarcia silnika akumulacji wyra\u017caj\u0105 si\u0119 w lokalnym kodzie, kt\u00f3rego najwa\u017cniejsz\u0105 we Francji cech\u0105 jest rewolucyjna tradycja uprawiania polityki polegaj\u0105ca na silnym zaanga\u017cowaniu, silnych emocjach i gotowo\u015bci na mniej lub bardziej bezpo\u015brednie u\u017cycie przemocy. Rewolucyjna przemoc protestuj\u0105cych spotyka si\u0119 z przemoc\u0105 s\u0142u\u017cb policyjnych, co prowadzi do eskalacji rzadko spotykanych w innych pa\u0144stwach demokratycznych.<\/p>\n\n\n\n<p>Jednocze\u015bnie ci\u0105gle energia konfliktu nie wychodzi poza ramy republika\u0144skiej wsp\u00f3lnoty i \u015bwieckiej religii polegaj\u0105cej na przekonaniu, \u017ce Republika jest jedna i niepodzielna. Jak d\u0142ugo trwa\u0107 b\u0119dzie to przekonanie, Francja b\u0119dzie sobie radzi\u0107 z wybuchami gniewu, traktuj\u0105c je jako spos\u00f3b politycznego komunikowania napi\u0119\u0107 wymagaj\u0105cych reform systemu. I ta przebudowa systemu polegaj\u0105ca na ci\u0105g\u0142ym eksperymentowaniu z r\u00f3\u017cnymi formami demokratycznego partycypowania na poziomie lokalnym i krajowym trwa.<\/p>\n\n\n\n<p>Jednocze\u015bnie trwaj\u0105 pr\u00f3by konsolidacji systemu kapitalistycznego poszukuj\u0105cego nowego re\u017cimu akumulacji, co z kolei sk\u0142ania elity polityczne do si\u0119gania po coraz bardziej autorytarne sposoby dyscyplinowania grup niezadowolonych z nowych form podzia\u0142u pracy, kapita\u0142u i wynikaj\u0105cych st\u0105d nier\u00f3wno\u015bci. To wszystko do czasu, gdy napi\u0119cia nie urosn\u0105\u00a0do rewolucyjnego poziomu. Gdyby nawet jednak dosz\u0142o do rewolucji, odb\u0119dzie si\u0119 ona w ramach Republiki, a nie przeciwko niej.<\/p>\n\n\n\n<p>Emmanuel Macron, ubiegaj\u0105c si\u0119 o prezydentur\u0119, po raz pierwszy wyst\u0119powa\u0142 pod has\u0142em rewolucji. Szybko z roli naczelnego rewolucjonisty przekszta\u0142ci\u0142 si\u0119 w wielkiego pacyfikatora zajmuj\u0105cego si\u0119 u\u015bmierzaniem spo\u0142ecznego gniewu. Je\u015bli ograniczy si\u0119 tylko do tego, nie zajmie wa\u017cnego miejsca w historii. Mo\u017ce sta\u0107 si\u0119 inaczej, je\u015bli wykorzysta t\u0119 kipi\u0105c\u0105 energi\u0119 do przekszta\u0142cenia Francji i jej systemu spo\u0142eczno-politycznego zgodnie z wyzwaniami wynikaj\u0105cymi z obecnego, uniwersalnego kryzysu. Sowa Minerwy wylatuje jednak o zmierzchu. Przekonamy si\u0119 za jaki\u015b czas.<\/p>\n","protected":false},"excerpt":{"rendered":"<p>Ogie\u0144 rewolty we Francji wygasa, policja informuje, \u017ce ju\u017c druga noc min\u0119\u0142a bez wi\u0119kszych incydent\u00f3w. Wiele wskazuje na to, \u017ce ju\u017c niebawem 13 lipca w stra\u017cackich remizach jak co roku odb\u0119d\u0105 si\u0119 bale ludowe, a 14 lipca &#8211; \u015bwi\u0119to rewolucji odznaczy defilada wojskowa na Champs Elys\u00e9es i koncert oraz sztuczne ognie na Polach Marsowych.<\/p>\n","protected":false},"author":1,"featured_media":6293,"comment_status":"closed","ping_status":"closed","sticky":false,"template":"","format":"standard","meta":{"footnotes":""},"categories":[98,96,46,197,189,257,95,124,294,70],"tags":[245,365,398,213,244,575,576,249],"_links":{"self":[{"href":"https:\/\/blog.polityka.pl\/antymatrix\/wp-json\/wp\/v2\/posts\/6292"}],"collection":[{"href":"https:\/\/blog.polityka.pl\/antymatrix\/wp-json\/wp\/v2\/posts"}],"about":[{"href":"https:\/\/blog.polityka.pl\/antymatrix\/wp-json\/wp\/v2\/types\/post"}],"author":[{"embeddable":true,"href":"https:\/\/blog.polityka.pl\/antymatrix\/wp-json\/wp\/v2\/users\/1"}],"replies":[{"embeddable":true,"href":"https:\/\/blog.polityka.pl\/antymatrix\/wp-json\/wp\/v2\/comments?post=6292"}],"version-history":[{"count":4,"href":"https:\/\/blog.polityka.pl\/antymatrix\/wp-json\/wp\/v2\/posts\/6292\/revisions"}],"predecessor-version":[{"id":6302,"href":"https:\/\/blog.polityka.pl\/antymatrix\/wp-json\/wp\/v2\/posts\/6292\/revisions\/6302"}],"wp:featuredmedia":[{"embeddable":true,"href":"https:\/\/blog.polityka.pl\/antymatrix\/wp-json\/wp\/v2\/media\/6293"}],"wp:attachment":[{"href":"https:\/\/blog.polityka.pl\/antymatrix\/wp-json\/wp\/v2\/media?parent=6292"}],"wp:term":[{"taxonomy":"category","embeddable":true,"href":"https:\/\/blog.polityka.pl\/antymatrix\/wp-json\/wp\/v2\/categories?post=6292"},{"taxonomy":"post_tag","embeddable":true,"href":"https:\/\/blog.polityka.pl\/antymatrix\/wp-json\/wp\/v2\/tags?post=6292"}],"curies":[{"name":"wp","href":"https:\/\/api.w.org\/{rel}","templated":true}]}}